{"id":20089,"date":"2023-02-27T08:26:52","date_gmt":"2023-02-27T11:26:52","guid":{"rendered":"https:\/\/grandepremio.com\/es\/2023\/02\/27\/charles-leclerc-reconoce-ferrari-dificultades-curva-tests-bahrein\/"},"modified":"2023-02-27T08:44:05","modified_gmt":"2023-02-27T11:44:05","slug":"charles-leclerc-reconoce-ferrari-dificultades-curva-tests-bahrein","status":"publish","type":"post","link":"https:\/\/grandepremio.com\/es\/f1\/charles-leclerc-reconoce-ferrari-dificultades-curva-tests-bahrein\/","title":{"rendered":"Leclerc ve a Ferrari &#8220;con m\u00e1s dificultades en curva&#8221; tras tests en Bahr\u00e9in"},"content":{"rendered":"\n<p class=\"wp-block-paragraph\"><strong>Ferrari <\/strong>ha concluido los entrenamientos de pretemporada en <strong>Bahr\u00e9in <\/strong>con el objetivo de optimizar el <strong>SF-23<\/strong>, pero parece que a\u00fan queda mucho trabajo por hacer. <strong>Charles Leclerc<\/strong>, que condujo el coche en la ma\u00f1ana del \u00faltimo d\u00eda de pruebas de <a href=\"https:\/\/grandepremio.com\/es\/\/f1\/\" target=\"_blank\" rel=\"noreferrer noopener\">F\u00f3rmula 1<\/a> en <strong>Sakhir<\/strong>, est\u00e1 notando el proceso de adaptaci\u00f3n al nuevo monoplaza. Y entre las notas del monegasco estaba la posibilidad de que el coche fuera m\u00e1s lento en las curvas que en 2022.<\/p>\n\n\n\n<p class=\"wp-block-paragraph\">&#8220;Creo que las caracter\u00edsticas del coche han cambiado un poco este a\u00f1o. Mi expectativa es que seamos un poco m\u00e1s r\u00e1pidos en las rectas, tal vez teniendo un poco m\u00e1s de dificultad en las curvas&#8221;, admiti\u00f3.<\/p>\n\n\n\n<p class=\"wp-block-paragraph\">&#8220;Y, con estos tres d\u00edas de test, puedo decir que seguimos trabajando duro para intentar encontrar el punto ideal del coche en t\u00e9rminos de puesta a punto. As\u00ed que espero que haya algo de margen, aunque no hayamos encontrado el punto ideal&#8221;, prosigui\u00f3 el monegasco.<\/p>\n\n\n\n<p class=\"wp-block-paragraph\"><strong><a href=\"https:\/\/www.youtube.com\/channel\/UC9OlHEgxoaY6QY6nWPoiqQg?sub_confirmation=1\" target=\"_blank\" rel=\"noreferrer noopener\"><strong>\u00a1Conoce el canal de Grande Pr\u00eamio en Espa\u00f1ol en\u00a0<\/strong><\/a><strong><a href=\"https:\/\/www.youtube.com\/channel\/UCDxWojGVUi9gWYhrY0pGbIQ\" target=\"_blank\" rel=\"noreferrer noopener\">YouTube<\/a>!<br>\u00a1Sigue a\u00a0Grande Pr\u00eamio en Espa\u00f1ol\u00a0en\u00a0<a href=\"https:\/\/twitter.com\/grandepremioES\" target=\"_blank\" rel=\"noreferrer noopener\">Twitter\u00a0<\/a>y en\u00a0<a href=\"https:\/\/www.instagram.com\/grandepremioes\/\" target=\"_blank\" rel=\"noreferrer noopener\">Instagram<\/a>!<\/strong><\/strong><\/p>\n\n\n\n<figure class=\"wp-block-image size-large\"><img decoding=\"async\" src=\"https:\/\/www.grandepremio.com\/br\/wp-content\/uploads\/2023\/02\/Leclerc2-1024x683.jpg\" alt=\"\" class=\"wp-image-655526\"\/><figcaption class=\"wp-element-caption\">Leclerc lider\u00f3 la sesi\u00f3n matutina en el \u00faltimo d\u00eda de tests (Foto: Ferrari)<\/figcaption><\/figure>\n\n\n\n<p class=\"wp-block-paragraph\">Durante los tres d\u00edas de pruebas en <strong>Bahr\u00e9in<\/strong>, <strong>Leclerc <\/strong>dio un total de 199 vueltas. Durante ese periodo, el piloto de 25 a\u00f1os prob\u00f3 diferentes tipos de conducci\u00f3n para encontrar la mejor adaptaci\u00f3n posible al<strong> SF-23<\/strong> y tambi\u00e9n reforz\u00f3 que hay trabajo por hacer.<\/p>\n\n\n\n<p class=\"wp-block-paragraph\">&#8220;Es un coche diferente. Hay que conducirlo de otra manera, pero para eso est\u00e1n los tests. He estado probando muchos estilos de conducci\u00f3n diferentes, parece que esta ma\u00f1ana por fin he encontrado un poco el camino. Pero de nuevo, como he dicho, todav\u00eda tenemos trabajo por hacer&#8221;, se\u00f1al\u00f3.<\/p>\n\n\n\n<p class=\"wp-block-paragraph\">La <strong>F\u00f3rmula 1<\/strong> se prepara ahora para el inicio del campeonato, que tendr\u00e1 lugar la semana que viene tambi\u00e9n en <strong>Sakhir<\/strong>, entre el 3 y el 5 de marzo.<\/p>\n","protected":false},"excerpt":{"rendered":"<p>A pesar de los indicios de que el coche de Ferrari es m\u00e1s r\u00e1pido en las rectas, Charles Leclerc se\u00f1al\u00f3 una posible dificultad en las curvas r\u00e1pidas con el SF-23 tras la pretemporada en Bahr\u00e9in<\/p>\n","protected":false},"author":0,"featured_media":1010126455,"comment_status":"closed","ping_status":"closed","sticky":false,"template":"","format":"standard","meta":{"42wp_featured_image_caption":"","42wp_featured_image_credits":"","42wp_featured_video":"","42wp_featured_image_hidden":false,"42wp_authors_list":[],"footnotes":""},"categories":[5],"tags":[1092,247,181,1676,185,179,2534,2315,2236,3438,2237,5858,5788,1095,5524,2284,5857],"42wp_author":[14233],"class_list":["post-20089","post","type-post","status-publish","format-standard","has-post-thumbnail","hentry","category-f1","tag-bahrein","tag-charles-leclerc","tag-f1","tag-f1-2023","tag-ferrari","tag-formula-1","tag-formula-1-2023","tag-gp-de-bahrein-2","tag-grande-premio-2","tag-grande-premio-en-espanol","tag-grandepremio","tag-pretemporada-de-f1","tag-pretemporada-f1-2023","tag-sakhir","tag-sf-23","tag-tests-de-bahrein","tag-tests-de-f1-2023","42wp_author-eric-calduch"],"_links":{"self":[{"href":"https:\/\/grandepremio.com\/es\/wp-json\/wp\/v2\/posts\/20089","targetHints":{"allow":["GET"]}}],"collection":[{"href":"https:\/\/grandepremio.com\/es\/wp-json\/wp\/v2\/posts"}],"about":[{"href":"https:\/\/grandepremio.com\/es\/wp-json\/wp\/v2\/types\/post"}],"replies":[{"embeddable":true,"href":"https:\/\/grandepremio.com\/es\/wp-json\/wp\/v2\/comments?post=20089"}],"version-history":[{"count":0,"href":"https:\/\/grandepremio.com\/es\/wp-json\/wp\/v2\/posts\/20089\/revisions"}],"wp:featuredmedia":[{"embeddable":true,"href":"https:\/\/grandepremio.com\/es\/wp-json\/wp\/v2\/media\/1010126455"}],"wp:attachment":[{"href":"https:\/\/grandepremio.com\/es\/wp-json\/wp\/v2\/media?parent=20089"}],"wp:term":[{"taxonomy":"category","embeddable":true,"href":"https:\/\/grandepremio.com\/es\/wp-json\/wp\/v2\/categories?post=20089"},{"taxonomy":"post_tag","embeddable":true,"href":"https:\/\/grandepremio.com\/es\/wp-json\/wp\/v2\/tags?post=20089"},{"taxonomy":"42wp_author","embeddable":true,"href":"https:\/\/grandepremio.com\/es\/wp-json\/wp\/v2\/42wp_author?post=20089"}],"curies":[{"name":"wp","href":"https:\/\/api.w.org\/{rel}","templated":true}]}}