{"id":20092,"date":"2023-02-26T15:14:10","date_gmt":"2023-02-26T18:14:10","guid":{"rendered":"https:\/\/grandepremio.com\/es\/2023\/02\/26\/felipe-drugovich-valora-progresos-aston-martin-fernando-alonso\/"},"modified":"2023-02-26T15:14:13","modified_gmt":"2023-02-26T18:14:13","slug":"felipe-drugovich-valora-progresos-aston-martin-fernando-alonso","status":"publish","type":"post","link":"https:\/\/grandepremio.com\/es\/f1\/felipe-drugovich-valora-progresos-aston-martin-fernando-alonso\/","title":{"rendered":"Drugovich valora los progresos con Aston Martin y elogia a Alonso: &#8220;Experiencia valiosa&#8221;"},"content":{"rendered":"\n<p class=\"wp-block-paragraph\"><strong>Aston Martin<\/strong> tuvo que llamar a <strong>Felipe Drugovich<\/strong> para sustituir a <strong>Lance Stroll<\/strong> en los tests de pretemporada en <strong>Bahrein<\/strong> despu\u00e9s de que <a href=\"https:\/\/grandepremio.com\/es\/\/f1\/formula-1-lance-stroll-es-operado-drugovich-espera\/\">el canadiense se fracturara las mu\u00f1ecas montando en bicicleta<\/a>. El piloto brasile\u00f1o se puso a los mandos del <strong>AMR23<\/strong> en las pruebas matinales del primer y tercer d\u00eda, y en las dos sesiones registr\u00f3 117 vueltas con el modelo de la escuder\u00eda brit\u00e1nica.<\/p>\n\n\n\n<p class=\"wp-block-paragraph\">A pesar de enfrentarse a un problema de fiabilidad en su primera toma de contacto con el nuevo modelo, Drugovich vio con buenos ojos el rendimiento del Aston Martin y afirm\u00f3 que el equipo progres\u00f3 durante las actividades en el circuito barein\u00ed.<\/p>\n\n\n\n<p class=\"wp-block-paragraph\"><strong><strong><strong>\u00a1Conoce el canal de Grande Pr\u00eamio en Espa\u00f1ol en\u00a0<a href=\"https:\/\/www.youtube.com\/channel\/UCDxWojGVUi9gWYhrY0pGbIQ\" target=\"_blank\" rel=\"noreferrer noopener\">YouTube<\/a>!<br>\u00a1Sigue a\u00a0Grande Pr\u00eamio en Espa\u00f1ol\u00a0en\u00a0<a href=\"https:\/\/twitter.com\/grandepremioES\" target=\"_blank\" rel=\"noreferrer noopener\">Twitter\u00a0<\/a>y en\u00a0<a href=\"https:\/\/www.instagram.com\/grandepremioes\/\" target=\"_blank\" rel=\"noreferrer noopener\">Instagram<\/a>!<\/strong><\/strong><\/strong><\/p>\n\n\n\n<p class=\"wp-block-paragraph\">&#8220;He disfrutado mucho de mi tiempo al volante del AMR23 y creo que hemos hecho buenos progresos durante los tres d\u00edas de actividades. Ha sido genial volver al coche esta ma\u00f1ana y estoy contento con los cambios de puesta a punto que se han hecho desde mi primer d\u00eda en el coche. El equipo ha hecho un gran trabajo implementando los comentarios que Fernando y yo les hemos dado&#8221;, reconoci\u00f3 el brasile\u00f1o.<\/p>\n\n\n\n<figure class=\"wp-block-image size-large\"><img decoding=\"async\" src=\"https:\/\/www.grandepremio.com\/br\/wp-content\/uploads\/2023\/02\/F123T01_071455_U1A2297-1024x684.jpg\" alt=\"\" class=\"wp-image-655304\"\/><figcaption class=\"wp-element-caption\">Drugovich asegur\u00f3 que est\u00e1 preparado por si tiene que sustituir a Stroll en el GP de Bahrein (Foto: Aston Martin)<\/figcaption><\/figure>\n\n\n\n<p class=\"wp-block-paragraph\">Felipe comparti\u00f3 la tarea en pista con <strong>Fernando Alonso<\/strong> y celebr\u00f3 la oportunidad de aprender de un bicampe\u00f3n. El vigente campe\u00f3n de <strong>F\u00f3rmula 2<\/strong> trabaj\u00f3 bien con el espa\u00f1ol y dijo que esto fue clave para ayudar a Aston Martin a progresar a lo largo de la semana.<\/p>\n\n\n\n<p class=\"wp-block-paragraph\">&#8220;Ha sido una experiencia valiosa comparar mis propias observaciones con las de un bicampe\u00f3n mundial. En general, nuestros comentarios son similares. Creo que trabajamos bien juntos para ayudar al equipo a maximizar nuestros tres d\u00edas de pruebas de pretemporada&#8221;, concluy\u00f3 Drugovich.<\/p>\n\n\n\n<p class=\"wp-block-paragraph\"><strong>VER TAMBI\u00c9N<br><a href=\"https:\/\/grandepremio.com\/es\/\/f1\/formula-1-drugovich-confirmado-si-stroll-no-regresa\/\">Aston Martin acaba con especulaciones y asegura a Drugovich si Stroll no se recupera<\/a><br><a href=\"https:\/\/grandepremio.com\/es\/\/f1\/fernando-alonso-lamenta-ausencia-lance-stroll-pretemporada\/\">Alonso lamenta la ausencia de Stroll en pretemporada: \u00abNo podemos hacerlo sin \u00e9l\u00bb<\/a><br><a href=\"https:\/\/grandepremio.com\/es\/\/f1\/pierre-gasly-alpine-principal-rival-aston-martin\/\">Gasly apunta a Aston Martin como rival de Alpine en 2023: \u00abLo hicieron bien en los tests\u00bb<\/a><\/strong><\/p>\n\n\n\n<p class=\"wp-block-paragraph\">Felipe se postula para ocupar el lugar de Stroll en el GP de Bahrein, que marca el inicio de la temporada 2023 de F\u00f3rmula 1. Aunque ha evitado crear expectativas sobre un posible debut, el brasile\u00f1o dijo que se centrar\u00e1 en prepararse por si surge la oportunidad.<\/p>\n\n\n\n<p class=\"wp-block-paragraph\">El GP de Bahrein se celebrar\u00e1 entre el 3 y el 5 de marzo. <strong>GRANDE PR\u00caMIO<\/strong> sigue todas las actividades del circuito de Sakhir.<\/p>\n","protected":false},"excerpt":{"rendered":"<p>Felipe Drugovich ha visto con buenos ojos el desarrollo de Aston Martin durante los tres d\u00edas de tests en Bahrein, y se mostr\u00f3 agradecido de poder compartir informaci\u00f3n relevante con el bicampe\u00f3n mundial Fernando Alonso.<\/p>\n","protected":false},"author":0,"featured_media":1010126066,"comment_status":"closed","ping_status":"closed","sticky":false,"template":"","format":"standard","meta":{"42wp_featured_image_caption":"","42wp_featured_image_credits":"","42wp_featured_video":"","42wp_featured_image_hidden":false,"42wp_authors_list":[],"footnotes":""},"categories":[5],"tags":[4309,209,5843,181,1676,5789,256,179,1488,2237,359],"42wp_author":[14234],"class_list":["post-20092","post","type-post","status-publish","format-standard","has-post-thumbnail","hentry","category-f1","tag-amr23","tag-aston-martin","tag-drugovich","tag-f1","tag-f1-2023","tag-f1-testing","tag-felipe-drugovich","tag-formula-1","tag-grande-premio","tag-grandepremio","tag-lance-stroll","42wp_author-douglas-rocha"],"_links":{"self":[{"href":"https:\/\/grandepremio.com\/es\/wp-json\/wp\/v2\/posts\/20092","targetHints":{"allow":["GET"]}}],"collection":[{"href":"https:\/\/grandepremio.com\/es\/wp-json\/wp\/v2\/posts"}],"about":[{"href":"https:\/\/grandepremio.com\/es\/wp-json\/wp\/v2\/types\/post"}],"replies":[{"embeddable":true,"href":"https:\/\/grandepremio.com\/es\/wp-json\/wp\/v2\/comments?post=20092"}],"version-history":[{"count":0,"href":"https:\/\/grandepremio.com\/es\/wp-json\/wp\/v2\/posts\/20092\/revisions"}],"wp:featuredmedia":[{"embeddable":true,"href":"https:\/\/grandepremio.com\/es\/wp-json\/wp\/v2\/media\/1010126066"}],"wp:attachment":[{"href":"https:\/\/grandepremio.com\/es\/wp-json\/wp\/v2\/media?parent=20092"}],"wp:term":[{"taxonomy":"category","embeddable":true,"href":"https:\/\/grandepremio.com\/es\/wp-json\/wp\/v2\/categories?post=20092"},{"taxonomy":"post_tag","embeddable":true,"href":"https:\/\/grandepremio.com\/es\/wp-json\/wp\/v2\/tags?post=20092"},{"taxonomy":"42wp_author","embeddable":true,"href":"https:\/\/grandepremio.com\/es\/wp-json\/wp\/v2\/42wp_author?post=20092"}],"curies":[{"name":"wp","href":"https:\/\/api.w.org\/{rel}","templated":true}]}}