{"id":20135,"date":"2023-02-24T09:18:37","date_gmt":"2023-02-24T12:18:37","guid":{"rendered":"https:\/\/grandepremio.com\/es\/2023\/02\/24\/felipe-drugovich-presencia-gp-bahrein-depende-lance-stroll\/"},"modified":"2023-02-24T09:18:40","modified_gmt":"2023-02-24T12:18:40","slug":"felipe-drugovich-presencia-gp-bahrein-depende-lance-stroll","status":"publish","type":"post","link":"https:\/\/grandepremio.com\/es\/f1\/felipe-drugovich-presencia-gp-bahrein-depende-lance-stroll\/","title":{"rendered":"Drugovich dice que su presencia en el GP de Bahrein depende de Stroll: &#8220;Recuper\u00e1ndose&#8221;"},"content":{"rendered":"\n<p class=\"wp-block-paragraph\"><strong>Felipe Drugovich<\/strong> afirm\u00f3 que su participaci\u00f3n en el <strong>GP de Bahrein<\/strong> de <strong>F\u00f3rmula 1<\/strong> depende de la recuperaci\u00f3n de <strong>Lance Stroll<\/strong>. El brasile\u00f1o asegur\u00f3 no tener detalles sobre el estado del piloto de 24 a\u00f1os, pero evalu\u00f3 que el titular de <strong>Aston Martin<\/strong> intentar\u00e1 estar en la carrera de <strong>Sakhir<\/strong>, que abre el campeonato 2023.<\/p>\n\n\n\n<p class=\"wp-block-paragraph\">Stroll ha descartado a Aston Martin de la pretemporada 2023 tras sufrir un accidente en bicicleta. Drugovich fue elegido como sustituto y particip\u00f3 en el primer d\u00eda de tests en Bahrein.<\/p>\n\n\n\n<p class=\"wp-block-paragraph\"><strong><strong>\u00a1Conoce el canal de Grande Pr\u00eamio en Espa\u00f1ol en\u00a0<a href=\"https:\/\/www.youtube.com\/channel\/UCDxWojGVUi9gWYhrY0pGbIQ\" target=\"_blank\" rel=\"noreferrer noopener\">YouTube<\/a>!<br>\u00a1Sigue a\u00a0Grande Pr\u00eamio en Espa\u00f1ol\u00a0en\u00a0<a href=\"https:\/\/twitter.com\/grandepremioES\" target=\"_blank\" rel=\"noreferrer noopener\">Twitter\u00a0<\/a>y en\u00a0<a href=\"https:\/\/www.instagram.com\/grandepremioes\/\" target=\"_blank\" rel=\"noreferrer noopener\">Instagram<\/a>!<\/strong><\/strong><\/p>\n\n\n\n<p class=\"wp-block-paragraph\">Preguntado sobre los rumores de que podr\u00eda sustituir a Stroll tambi\u00e9n en el GP de Bahrein, Felipe respondi\u00f3: &#8220;Todo depende de Lance y de su situaci\u00f3n.&#8221;<\/p>\n\n\n\n<figure class=\"wp-block-image size-large\"><img decoding=\"async\" src=\"https:\/\/www.grandepremio.com\/br\/wp-content\/uploads\/2023\/02\/felipe-drugovich-01-1024x683.jpg\" alt=\"\" class=\"wp-image-654276\"\/><figcaption class=\"wp-element-caption\">Drugovich se perfila como sustituto de Stroll en la primera carrera de la F1 2023 (Foto: Aston Martin)<\/figcaption><\/figure>\n\n\n\n<p class=\"wp-block-paragraph\">Aston Martin a\u00fan no ha detallado el estado de Stroll. Seg\u00fan la periodista brasile\u00f1a <strong>Mariana Becker<\/strong>, el piloto se ha fracturado ambas mu\u00f1ecas, pero <a href=\"https:\/\/grandepremio.com\/es\/\/f1\/formula-1-lance-stroll-es-operado-drugovich-espera\/\">s\u00f3lo le han operado de una de ellas<\/a>.<\/p>\n\n\n\n<p class=\"wp-block-paragraph\">&#8220;Creo que se est\u00e1 recuperando. Es la \u00fanica buena noticia que tengo&#8221;, coment\u00f3 Felipe. &#8221; Est\u00e1 recuper\u00e1ndose y seguro que intentar\u00e1 estar aqu\u00ed para la carrera. Pero el equipo tomar\u00e1 la decisi\u00f3n antes del inicio del fin de semana&#8221;, subray\u00f3 Drugovich.<\/p>\n\n\n\n<p class=\"wp-block-paragraph\">El jefe de Aston Martin, <strong>Mike Krack<\/strong>, describi\u00f3 el incidente que apart\u00f3 a Stroll de la F\u00f3rmula 1 como &#8220;menor&#8221;. &#8220;Se lesion\u00f3 y por precauci\u00f3n decidimos que era mejor esperar un poco&#8221;, recalc\u00f3 Krack, que no quiso hablar de la gravedad de la lesi\u00f3n. &#8220;Eso es cosa suya. Se lastim\u00f3 la mano, la mu\u00f1eca, pero no voy a entrar en detalles&#8221;, cerr\u00f3.<\/p>\n\n\n\n<p class=\"wp-block-paragraph\"><strong>GRANDE PR\u00caMIO<\/strong> sigue todas las actividades de los tests de pretemporada de F\u00f3rmula 1 en Sakhir. Drugovich no estaba alienado para este viernes, un d\u00eda en el que s\u00f3lo Fernando Alonso pilotar\u00e1 el AMR23.<\/p>\n","protected":false},"excerpt":{"rendered":"<p>Felipe Drugovich dijo tener pocos detalles del estado de Lance Stroll, pero asegur\u00f3 que el piloto titular de Aston Martin se est\u00e1 recuperando tras un accidente en bicicleta.<\/p>\n","protected":false},"author":0,"featured_media":1010124767,"comment_status":"closed","ping_status":"closed","sticky":false,"template":"","format":"standard","meta":{"42wp_featured_image_caption":"","42wp_featured_image_credits":"","42wp_featured_video":"","42wp_featured_image_hidden":false,"42wp_authors_list":[],"footnotes":""},"categories":[5],"tags":[209,181,1676,256,184,179,1488,2237,359,2045],"42wp_author":[14234],"class_list":["post-20135","post","type-post","status-publish","format-standard","has-post-thumbnail","hentry","category-f1","tag-aston-martin","tag-f1","tag-f1-2023","tag-felipe-drugovich","tag-fernando-alonso","tag-formula-1","tag-grande-premio","tag-grandepremio","tag-lance-stroll","tag-mike-krack","42wp_author-douglas-rocha"],"_links":{"self":[{"href":"https:\/\/grandepremio.com\/es\/wp-json\/wp\/v2\/posts\/20135","targetHints":{"allow":["GET"]}}],"collection":[{"href":"https:\/\/grandepremio.com\/es\/wp-json\/wp\/v2\/posts"}],"about":[{"href":"https:\/\/grandepremio.com\/es\/wp-json\/wp\/v2\/types\/post"}],"replies":[{"embeddable":true,"href":"https:\/\/grandepremio.com\/es\/wp-json\/wp\/v2\/comments?post=20135"}],"version-history":[{"count":0,"href":"https:\/\/grandepremio.com\/es\/wp-json\/wp\/v2\/posts\/20135\/revisions"}],"wp:featuredmedia":[{"embeddable":true,"href":"https:\/\/grandepremio.com\/es\/wp-json\/wp\/v2\/media\/1010124767"}],"wp:attachment":[{"href":"https:\/\/grandepremio.com\/es\/wp-json\/wp\/v2\/media?parent=20135"}],"wp:term":[{"taxonomy":"category","embeddable":true,"href":"https:\/\/grandepremio.com\/es\/wp-json\/wp\/v2\/categories?post=20135"},{"taxonomy":"post_tag","embeddable":true,"href":"https:\/\/grandepremio.com\/es\/wp-json\/wp\/v2\/tags?post=20135"},{"taxonomy":"42wp_author","embeddable":true,"href":"https:\/\/grandepremio.com\/es\/wp-json\/wp\/v2\/42wp_author?post=20135"}],"curies":[{"name":"wp","href":"https:\/\/api.w.org\/{rel}","templated":true}]}}