{"id":20147,"date":"2023-02-23T13:43:18","date_gmt":"2023-02-23T16:43:18","guid":{"rendered":"https:\/\/grandepremio.com\/es\/2023\/02\/23\/formula-1-vandorrne-cree-que-drugovich-esta-mas-preparado-para-gp-bahrein\/"},"modified":"2023-02-23T13:43:22","modified_gmt":"2023-02-23T16:43:22","slug":"formula-1-vandorrne-cree-que-drugovich-esta-mas-preparado-para-gp-bahrein","status":"publish","type":"post","link":"https:\/\/grandepremio.com\/es\/f1\/formula-1-vandorrne-cree-que-drugovich-esta-mas-preparado-para-gp-bahrein\/","title":{"rendered":"Vandoorne ve m\u00e1s probable que Drugovich reemplace a Stroll en Bahrein: &#8220;Frustrante&#8221;"},"content":{"rendered":"\n<p class=\"wp-block-paragraph\"><strong>Si bien se siente algo frustrado ante el panorama,<a href=\"https:\/\/grandepremio.com\/es\/\/piloto\/stoffel-vandoorne\/\"> Stoffel Vandoorne<\/a><\/strong> afirm\u00f3 que <strong><a href=\"https:\/\/grandepremio.com\/es\/\/?s=felipe+drugovich\">Felipe Drugovich<\/a><\/strong> tiene m\u00e1s posibilidades que \u00e9l de sustituir a <strong>Lance Stroll<\/strong> si es necesario en el <strong>GP de Bahrein<\/strong> de <strong>F\u00f3rmula 1<\/strong>. El piloto belga reconoci\u00f3 que el brasile\u00f1o est\u00e1 mejor preparado que \u00e9l por haber participado en los tests de pretemporada en <strong>Sakhir<\/strong>.<\/p>\n\n\n\n<p class=\"wp-block-paragraph\">Campe\u00f3n de <a href=\"https:\/\/grandepremio.com\/es\/\/?s=f%C3%B3rmula+2\">F\u00f3rmula 2<\/a> el a\u00f1o pasado, <strong>Drugovich<\/strong> iba a ocupar el asiento de <a href=\"https:\/\/grandepremio.com\/es\/\/piloto\/lance-stroll\/\">Stroll<\/a> despu\u00e9s de que el canadiense <a href=\"https:\/\/grandepremio.com\/es\/\/f1\/lance-stroll-accidenta-bicicleta-fuera-pretemporada-f1\/\">se lesionara durante un accidente<\/a> cuando entrenaba en bicicleta. Seg\u00fan la periodista de Band Mariana Becker, Lance se rompi\u00f3 las dos mu\u00f1ecas en el accidente, operado s\u00f3lo de una de ellas, pero se espera que est\u00e9 de vuelta a tiempo para la carrera.<\/p>\n\n\n\n<p class=\"wp-block-paragraph\">Este fin de semana Vandoorne no est\u00e1 disponible ya que correr\u00e1 en <strong>F\u00f3rmula E<\/strong>, m\u00e1s precisamente en el <strong>ePrix de <a href=\"https:\/\/grandepremio.com\/es\/\/etapa\/ep-ciudad-del-cabo-formula-e-2023\/\">Ciudad del Cabo<\/a><\/strong>. Drugovich, por su parte, se hizo cargo del coche en la primera ma\u00f1ana de trabajo en los tests. &#8220;Hablamos de la situaci\u00f3n pero yo lo sab\u00eda y el equipo tambi\u00e9n: <strong>no pod\u00eda asistir a los tests de Bahrein<\/strong>, por desgracia&#8221;, declar\u00f3 Vandoorne a la cadena belga RTBF.<\/p>\n\n\n\n<figure class=\"wp-block-image size-large\"><img decoding=\"async\" src=\"https:\/\/www.grandepremio.com\/br\/wp-content\/uploads\/2020\/05\/EPS811_164716_W6I1942-2048x2048-1-1024x683.jpg\" alt=\"\" class=\"wp-image-600739\"\/><figcaption class=\"wp-element-caption\">Vandoorne considera que Drugovich tiene m\u00e1s chances de disputar el GP de Bahrein en caso de ser necesario (Foto: FIA F\u00f3rmula E)<\/figcaption><\/figure>\n\n\n\n<p class=\"wp-block-paragraph\">A pesar de su ausencia, Stoffel estar\u00e1 en Sakhir para la carrera inaugural de la temporada. Pero aunque Stroll no pueda correr <strong>no espera que sea \u00e9l quien se haga cargo del coche<\/strong>.<\/p>\n\n\n\n<p class=\"wp-block-paragraph\">&#8220;Es un escenario bastante dif\u00edcil para m\u00ed&#8221;, asumi\u00f3. &#8220;Si Lance no est\u00e1 disponible no me sorprender\u00eda que Felipe se suba al auto para la carrera. Es un poco frustrante para m\u00ed pero por otro lado lo entiendo. <strong>Habr\u00e1 hecho todas las pruebas y la mejor preparaci\u00f3n<\/strong>&#8220;, reconoci\u00f3.<\/p>\n\n\n\n<p class=\"wp-block-paragraph\">En opini\u00f3n de Vandoorne sin embargo, <a href=\"https:\/\/grandepremio.com\/es\/\/f1\/mclaren-acuerdo-aston-martin-vandoorne-drugovich-reservas\/\">el acuerdo entre <strong>Aston Martin<\/strong> y <strong>McLaren<\/strong> <\/a>representa una buena oportunidad ya que tambi\u00e9n est\u00e1 disponible para el otro equipo. &#8220;No es algo nuevo ni diferente. Existe una asociaci\u00f3n pero en t\u00e9rminos de trabajo, no voy a hacer nada espec\u00edficamente diferente para ellos&#8221;, se\u00f1al\u00f3. &#8220;Estoy all\u00ed por si me necesitan para las carreras en las que estar\u00e9. Voy a estar en Bahrein para el inicio del campeonato y luego en <strong>Jeddah y Melbourne<\/strong>&#8220;, a\u00f1adi\u00f3.<\/p>\n\n\n\n<p class=\"wp-block-paragraph\">&#8220;Tambi\u00e9n est\u00e1 mi papel de reserva en el <strong>WEC con Peugeot<\/strong>. Espero tener la oportunidad de correr y tambi\u00e9n de estar nuevamente en la grilla de <strong>Le Mans<\/strong>&#8220;, cerr\u00f3.<\/p>\n","protected":false},"excerpt":{"rendered":"<p>Stoffel Vandoorne, piloto reserva de Aston Martin, cree que aunque estar\u00e1 en Sakhir para la primera carrera es el brasile\u00f1o quien tiene m\u00e1s posibilidades de tomar el relevo si Lance Stroll no puede correr en el GP de Bahrein.<\/p>\n","protected":false},"author":0,"featured_media":1010124297,"comment_status":"closed","ping_status":"closed","sticky":false,"template":"","format":"standard","meta":{"42wp_featured_image_caption":"","42wp_featured_image_credits":"","42wp_featured_video":"","42wp_featured_image_hidden":false,"42wp_authors_list":[],"footnotes":""},"categories":[5],"tags":[209,1092,5798,181,256,179,2315,269,1095,580,2068,5810],"42wp_author":[14235],"class_list":["post-20147","post","type-post","status-publish","format-standard","has-post-thumbnail","hentry","category-f1","tag-aston-martin","tag-bahrein","tag-bahrein-f1-2023","tag-f1","tag-felipe-drugovich","tag-formula-1","tag-gp-de-bahrein-2","tag-mclaren","tag-sakhir","tag-stoffel-vandoorne","tag-tests-de-pretemporada","tag-tests-f1-2023","42wp_author-barbara-mincioni"],"_links":{"self":[{"href":"https:\/\/grandepremio.com\/es\/wp-json\/wp\/v2\/posts\/20147","targetHints":{"allow":["GET"]}}],"collection":[{"href":"https:\/\/grandepremio.com\/es\/wp-json\/wp\/v2\/posts"}],"about":[{"href":"https:\/\/grandepremio.com\/es\/wp-json\/wp\/v2\/types\/post"}],"replies":[{"embeddable":true,"href":"https:\/\/grandepremio.com\/es\/wp-json\/wp\/v2\/comments?post=20147"}],"version-history":[{"count":0,"href":"https:\/\/grandepremio.com\/es\/wp-json\/wp\/v2\/posts\/20147\/revisions"}],"wp:featuredmedia":[{"embeddable":true,"href":"https:\/\/grandepremio.com\/es\/wp-json\/wp\/v2\/media\/1010124297"}],"wp:attachment":[{"href":"https:\/\/grandepremio.com\/es\/wp-json\/wp\/v2\/media?parent=20147"}],"wp:term":[{"taxonomy":"category","embeddable":true,"href":"https:\/\/grandepremio.com\/es\/wp-json\/wp\/v2\/categories?post=20147"},{"taxonomy":"post_tag","embeddable":true,"href":"https:\/\/grandepremio.com\/es\/wp-json\/wp\/v2\/tags?post=20147"},{"taxonomy":"42wp_author","embeddable":true,"href":"https:\/\/grandepremio.com\/es\/wp-json\/wp\/v2\/42wp_author?post=20147"}],"curies":[{"name":"wp","href":"https:\/\/api.w.org\/{rel}","templated":true}]}}