{"id":20154,"date":"2023-02-23T09:50:38","date_gmt":"2023-02-23T12:50:38","guid":{"rendered":"https:\/\/grandepremio.com\/es\/2023\/02\/23\/aston-martin-evolucion-lance-stroll-felipe-drugovich\/"},"modified":"2023-02-23T09:57:57","modified_gmt":"2023-02-23T12:57:57","slug":"aston-martin-evolucion-lance-stroll-felipe-drugovich","status":"publish","type":"post","link":"https:\/\/grandepremio.com\/es\/f1\/aston-martin-evolucion-lance-stroll-felipe-drugovich\/","title":{"rendered":"Aston Martin espera la evoluci\u00f3n de Stroll para saber si mantiene a Drugovich en tests de F1"},"content":{"rendered":"\n<p class=\"wp-block-paragraph\"><strong>Felipe Drugovich<\/strong> tuvo la oportunidad de <a href=\"https:\/\/grandepremio.com\/es\/\/f1\/felipe-drugovich-sustituye-lance-stroll-tests-formula-1\/\">abrir los tests de pretemporada de <strong>F\u00f3rmula 1<\/strong><\/a> en <strong>Bahrein<\/strong> este jueves. Es una oportunidad importante para el vigente campe\u00f3n de <strong>F\u00f3rmula 2<\/strong>, pero su presencia en los dos pr\u00f3ximos d\u00edas de actividades en pista sigue siendo una inc\u00f3gnita. <strong>Aston Martin<\/strong> quiere evaluar la situaci\u00f3n de <strong>Lance Stroll<\/strong> a lo largo del d\u00eda para ver si mantienen al brasile\u00f1o.<\/p>\n\n\n\n<p class=\"wp-block-paragraph\">La informaci\u00f3n es de DAZN, que tiene los derechos de retransmisi\u00f3n de la <strong>F1<\/strong> en Espa\u00f1a, a trav\u00e9s del periodista <strong>Antonio Lobato<\/strong>. Seg\u00fan \u00e9l, el equipo eval\u00faa a lo largo del d\u00eda de hoy cu\u00e1les son las condiciones de Stroll y s\u00f3lo entonces definir\u00e1 lo que hace en el resto de las pruebas.<\/p>\n\n\n\n<p class=\"wp-block-paragraph\">Lo que es seguro es que Stroll, que fue operado <a href=\"https:\/\/grandepremio.com\/es\/\/f1\/lance-stroll-accidenta-bicicleta-fuera-pretemporada-f1\/\">tras sufrir un accidente en bicicleta en <strong>Espa\u00f1a<\/strong><\/a>, no acudir\u00e1 a Sakhir para disputar la pretemporada. El canadiense se est\u00e1 sometiendo a fisioterapia.<\/p>\n\n\n\n<p class=\"wp-block-paragraph\"><strong><strong><strong>\u00a1Conoce el canal de Grande Pr\u00eamio en Espa\u00f1ol en\u00a0<a href=\"https:\/\/www.youtube.com\/channel\/UCDxWojGVUi9gWYhrY0pGbIQ\" target=\"_blank\" rel=\"noreferrer noopener\">YouTube<\/a>!<br>\u00a1Sigue a\u00a0Grande Pr\u00eamio en Espa\u00f1ol\u00a0en\u00a0<a href=\"https:\/\/twitter.com\/grandepremioES\" target=\"_blank\" rel=\"noreferrer noopener\">Twitter\u00a0<\/a>y en\u00a0<a href=\"https:\/\/www.instagram.com\/grandepremioes\/\" target=\"_blank\" rel=\"noreferrer noopener\">Instagram<\/a>!<\/strong><\/strong><\/strong><\/p>\n\n\n\n<figure class=\"wp-block-image size-large\"><img decoding=\"async\" src=\"https:\/\/www.grandepremio.com\/br\/wp-content\/uploads\/2022\/11\/Drugovich-em-Abu-Dhabi-Aston-Martin2-1024x683.jpg\" alt=\"\" class=\"wp-image-634535\"\/><figcaption class=\"wp-element-caption\">\u00bfFelipe Drugovich seguir\u00e1 o no en los tests? (Foto: Aston Martin)<\/figcaption><\/figure>\n\n\n\n<p class=\"wp-block-paragraph\">As\u00ed pues, Aston Martin quiere ver en qu\u00e9 condiciones se encuentra Lance a lo largo de este jueves. Si considera que no hay ning\u00fan problema y que el piloto est\u00e1 en el calendario adecuado para volver a tiempo para disputar el inicio del campeonato el pr\u00f3ximo fin de semana en <strong>Bahrein<\/strong>, entonces <strong>Fernando Alonso<\/strong> pilotar\u00e1 los dos pr\u00f3ximos d\u00edas completos.<\/p>\n\n\n\n<p class=\"wp-block-paragraph\">La presencia de Drugovich el viernes y el s\u00e1bado est\u00e1 condicionada a que Aston Martin considere que Stroll no va por buen camino en su recuperaci\u00f3n y es probable que no participe en el inicio del campeonato. Entonces, s\u00ed, seguir\u00e1 el trabajo para preparar al piloto brasile\u00f1o.<\/p>\n\n\n\n<p class=\"wp-block-paragraph\"><strong>VER TAMBI\u00c9N<br><a href=\"https:\/\/grandepremio.com\/es\/\/f1\/verstappen-lidera-primera-manana-tests-pretemporada-f1-bahrein\/\">Verstappen lidera tranquila primera ma\u00f1ana de tests de pretemporada de F1 en Bahr\u00e9in<\/a><br><a href=\"https:\/\/grandepremio.com\/es\/\/f1\/ferrari-pretemporada-2023-morro-deformado-viento-bahrein\/\">Ferrari empieza la pretemporada con el morro deformado por el viento en Bahr\u00e9in<\/a><\/strong><\/p>\n\n\n\n<p class=\"wp-block-paragraph\">De momento, el equipo cree que contar\u00e1 con Stroll en la primera carrera del a\u00f1o. M\u00e1s a\u00fan: tiene previsto poner al piloto titular en el simulador de la f\u00e1brica del equipo en la ciudad inglesa de Silverstone ya este fin de semana.<\/p>\n\n\n\n<p class=\"wp-block-paragraph\">Cabe recordar que Aston Martin no ha hecho oficial ninguna alineaci\u00f3n para los dos pr\u00f3ximos d\u00edas de pretemporada. El \u00fanico programa anunciado era para este jueves.<\/p>\n\n\n\n<p class=\"wp-block-paragraph\">Drugovich abri\u00f3 las pruebas y <a href=\"https:\/\/grandepremio.com\/es\/\/f1\/felipe-drugovich-fallo-aston-martin-interrumpe-test-bahrein\/\">tuvo problemas en los primeros metros, nada m\u00e1s salir de boxes<\/a>. El motivo fue un fallo electr\u00f3nico en el <strong>AMR23<\/strong> que provoc\u00f3 la desconexi\u00f3n del coche y sac\u00f3 la bandera roja.<\/p>\n\n\n\n<p class=\"wp-block-paragraph\"><strong>GRANDE PR\u00caMIO<\/strong> sigue todas las actividades de los tests colectivos de pretemporada de F1.<\/p>\n\n\n\n<figure class=\"wp-block-video\"><video class=\"video-js vjs-big-play-centered\" data-gp-vjs=\"1\" controls src=\"https:\/\/www.grandepremio.com\/br\/wp-content\/uploads\/2023\/02\/Mr-Matthew-CFB-on-Twitter-Felipe-Drugovich-in-the-Aston-Martin-grounds-to-a-halt-nine-minutes-in.-F1Testing-@AlwaysRaceDay-https-__t.co_v5pVZPfxee-_-Twitter.mp4\"><\/video><figcaption class=\"wp-element-caption\">Felipe Drugovich sufri\u00f3 un fallo en su AMR23 al salir a la pista en Bahrein (V\u00eddeo: reproducci\u00f3n\/Twitter)<\/figcaption><\/figure>\n","protected":false},"excerpt":{"rendered":"<p>La participaci\u00f3n de Felipe Drugovich en lo que queda de tests de pretemporada para Aston Martin depende de los progresos de Lance Stroll este jueves.<\/p>\n","protected":false},"author":0,"featured_media":1010124109,"comment_status":"closed","ping_status":"closed","sticky":false,"template":"","format":"standard","meta":{"42wp_featured_image_caption":"","42wp_featured_image_credits":"","42wp_featured_video":"","42wp_featured_image_hidden":false,"42wp_authors_list":[],"footnotes":""},"categories":[5],"tags":[209,1092,181,1676,256,184,179,1488,2237,359,5788,1095,2068],"42wp_author":[14234],"class_list":["post-20154","post","type-post","status-publish","format-standard","has-post-thumbnail","hentry","category-f1","tag-aston-martin","tag-bahrein","tag-f1","tag-f1-2023","tag-felipe-drugovich","tag-fernando-alonso","tag-formula-1","tag-grande-premio","tag-grandepremio","tag-lance-stroll","tag-pretemporada-f1-2023","tag-sakhir","tag-tests-de-pretemporada","42wp_author-douglas-rocha"],"_links":{"self":[{"href":"https:\/\/grandepremio.com\/es\/wp-json\/wp\/v2\/posts\/20154","targetHints":{"allow":["GET"]}}],"collection":[{"href":"https:\/\/grandepremio.com\/es\/wp-json\/wp\/v2\/posts"}],"about":[{"href":"https:\/\/grandepremio.com\/es\/wp-json\/wp\/v2\/types\/post"}],"replies":[{"embeddable":true,"href":"https:\/\/grandepremio.com\/es\/wp-json\/wp\/v2\/comments?post=20154"}],"version-history":[{"count":0,"href":"https:\/\/grandepremio.com\/es\/wp-json\/wp\/v2\/posts\/20154\/revisions"}],"wp:featuredmedia":[{"embeddable":true,"href":"https:\/\/grandepremio.com\/es\/wp-json\/wp\/v2\/media\/1010124109"}],"wp:attachment":[{"href":"https:\/\/grandepremio.com\/es\/wp-json\/wp\/v2\/media?parent=20154"}],"wp:term":[{"taxonomy":"category","embeddable":true,"href":"https:\/\/grandepremio.com\/es\/wp-json\/wp\/v2\/categories?post=20154"},{"taxonomy":"post_tag","embeddable":true,"href":"https:\/\/grandepremio.com\/es\/wp-json\/wp\/v2\/tags?post=20154"},{"taxonomy":"42wp_author","embeddable":true,"href":"https:\/\/grandepremio.com\/es\/wp-json\/wp\/v2\/42wp_author?post=20154"}],"curies":[{"name":"wp","href":"https:\/\/api.w.org\/{rel}","templated":true}]}}