{"id":20158,"date":"2023-02-23T06:19:03","date_gmt":"2023-02-23T09:19:03","guid":{"rendered":"https:\/\/grandepremio.com\/es\/2023\/02\/23\/pirelli-nuevo-neumatico-lluvia-extrema-gp-emilia-romana\/"},"modified":"2023-02-23T06:30:05","modified_gmt":"2023-02-23T09:30:05","slug":"pirelli-nuevo-neumatico-lluvia-extrema-gp-emilia-romana","status":"publish","type":"post","link":"https:\/\/grandepremio.com\/es\/f1\/pirelli-nuevo-neumatico-lluvia-extrema-gp-emilia-romana\/","title":{"rendered":"Pirelli confirma un nuevo neum\u00e1tico de lluvia extrema a partir del GP de Emilia Roma\u00f1a"},"content":{"rendered":"\n<p class=\"wp-block-paragraph\">Se avecinan m\u00e1s cambios importantes en los neum\u00e1ticos que utilizar\u00e1 la <a href=\"https:\/\/grandepremio.com\/es\/\/f1\/\" target=\"_blank\" rel=\"noreferrer noopener\">F\u00f3rmula 1<\/a> a lo largo de la temporada 2023. <strong>Pirelli <\/strong>ha confirmado que un nuevo compuesto para lluvia extrema ha sido aprobado por la <strong>Comisi\u00f3n <\/strong>de la categor\u00eda en una reuni\u00f3n celebrada el pasado martes y estar\u00e1 disponible para su uso a partir del <strong>GP de Emilia Roma\u00f1a<\/strong>, sexta prueba del calendario.<\/p>\n\n\n\n<p class=\"wp-block-paragraph\">Seg\u00fan el fabricante italiano, la mejora promovida para este a\u00f1o &#8220;es mucho m\u00e1s eficiente que la especificaci\u00f3n anterior&#8221;. <strong>Pirelli <\/strong>tambi\u00e9n se\u00f1al\u00f3 que el compuesto prescinde del uso de mantas t\u00e9rmicas, utilizadas tradicionalmente para retener el calor y mantener la temperatura adecuada de la goma.<\/p>\n\n\n\n<p class=\"wp-block-paragraph\"><strong><a href=\"https:\/\/www.youtube.com\/channel\/UC9OlHEgxoaY6QY6nWPoiqQg?sub_confirmation=1\" target=\"_blank\" rel=\"noreferrer noopener\"><strong>\u00a1Conoce el canal de Grande Pr\u00eamio en Espa\u00f1ol en\u00a0<\/strong><\/a><strong><a href=\"https:\/\/www.youtube.com\/channel\/UCDxWojGVUi9gWYhrY0pGbIQ\" target=\"_blank\" rel=\"noreferrer noopener\">YouTube<\/a>!<br>\u00a1Sigue a\u00a0Grande Pr\u00eamio en Espa\u00f1ol\u00a0en\u00a0<a href=\"https:\/\/twitter.com\/grandepremioES\" target=\"_blank\" rel=\"noreferrer noopener\">Twitter\u00a0<\/a>y en\u00a0<a href=\"https:\/\/www.instagram.com\/grandepremioes\/\" target=\"_blank\" rel=\"noreferrer noopener\">Instagram<\/a>!<\/strong><\/strong><\/p>\n\n\n\n<figure class=\"wp-block-image size-large\"><img decoding=\"async\" src=\"https:\/\/www.grandepremio.com\/br\/wp-content\/uploads\/2022\/10\/haas-kevinmagnussen-03-4-1024x682.jpg\" alt=\"\" class=\"wp-image-622037\"\/><figcaption class=\"wp-element-caption\">El ca\u00f3tico GP de Jap\u00f3n fue muy criticado por causa de la mala calidad de los neum\u00e1ticos de lluvia (Foto: Haas F1 Team)<\/figcaption><\/figure>\n\n\n\n<p class=\"wp-block-paragraph\">Los neum\u00e1ticos de lluvia extrema han sido muy criticados por los pilotos en el \u00faltimo a\u00f1o por aumentar las estelas de agua, perjudicar la visi\u00f3n de los que vienen detr\u00e1s, adem\u00e1s de ser mucho m\u00e1s lentos en comparaci\u00f3n con los intermedios. Tras el ca\u00f3tico <strong>GP de Jap\u00f3n,<\/strong> <strong>Max Verstappen<\/strong> reclam\u00f3 mejores compuestos, afirmando que &#8220;nadie quer\u00eda correr con los de lluvia&#8221;.<\/p>\n\n\n\n<p class=\"wp-block-paragraph\">&#8220;Necesitamos mejores neum\u00e1ticos porque los extremos son simplemente lentos y no pueden desplazar tanta agua. Por eso todo el mundo intenta ir a por los intermedios lo antes posible, porque son mucho m\u00e1s r\u00e1pidos por vuelta&#8221;, se\u00f1al\u00f3 entonces el holand\u00e9s.<\/p>\n\n\n\n<p class=\"wp-block-paragraph\">Adem\u00e1s de los compuestos para pista mojada, <strong>Pirelli <\/strong>tambi\u00e9n anunci\u00f3 la ampliaci\u00f3n de la gama de neum\u00e1ticos para la<strong> F\u00f3rmula 1 2023<\/strong>. Los nuevos neum\u00e1ticos se ofrecer\u00e1n ahora a los equipos, siendo el compuesto C0 el m\u00e1s duro, ideal para pistas muy calientes y extremas. El C1, que hasta el a\u00f1o pasado era la goma m\u00e1s dura, ofrecer\u00e1 m\u00e1s agarre en comparaci\u00f3n con la versi\u00f3n antigua. Las dem\u00e1s gamas, de la C2 a la C5, se mantienen sin cambios, siendo esta \u00faltima la m\u00e1s blanda.<\/p>\n","protected":false},"excerpt":{"rendered":"<p>Muy criticados especialmente tras el ca\u00f3tico GP de Jap\u00f3n, los neum\u00e1ticos de lluvia extrema recibir\u00e1n una mejora a partir del GP de Emilia Roma\u00f1a, sexta prueba del calendario de F1 de 2023. El cambio ha sido aprobado por la Comisi\u00f3n de la categor\u00eda<\/p>\n","protected":false},"author":0,"featured_media":1010124045,"comment_status":"closed","ping_status":"closed","sticky":false,"template":"","format":"standard","meta":{"42wp_featured_image_caption":"","42wp_featured_image_credits":"","42wp_featured_video":"","42wp_featured_image_hidden":false,"42wp_authors_list":[],"footnotes":""},"categories":[5],"tags":[181,1676,179,2534,3076,1422,2236,3438,2237,448,5802,5784,520,656,2086],"42wp_author":[14233],"class_list":["post-20158","post","type-post","status-publish","format-standard","has-post-thumbnail","hentry","category-f1","tag-f1","tag-f1-2023","tag-formula-1","tag-formula-1-2023","tag-gp-de-emilia-romana-2","tag-gp-de-japon","tag-grande-premio-2","tag-grande-premio-en-espanol","tag-grandepremio","tag-imola","tag-lluvia-extrema","tag-neumatico-de-lluvia","tag-pirelli","tag-pretemporada","tag-pretemporada-f1","42wp_author-eric-calduch"],"_links":{"self":[{"href":"https:\/\/grandepremio.com\/es\/wp-json\/wp\/v2\/posts\/20158","targetHints":{"allow":["GET"]}}],"collection":[{"href":"https:\/\/grandepremio.com\/es\/wp-json\/wp\/v2\/posts"}],"about":[{"href":"https:\/\/grandepremio.com\/es\/wp-json\/wp\/v2\/types\/post"}],"replies":[{"embeddable":true,"href":"https:\/\/grandepremio.com\/es\/wp-json\/wp\/v2\/comments?post=20158"}],"version-history":[{"count":0,"href":"https:\/\/grandepremio.com\/es\/wp-json\/wp\/v2\/posts\/20158\/revisions"}],"wp:featuredmedia":[{"embeddable":true,"href":"https:\/\/grandepremio.com\/es\/wp-json\/wp\/v2\/media\/1010124045"}],"wp:attachment":[{"href":"https:\/\/grandepremio.com\/es\/wp-json\/wp\/v2\/media?parent=20158"}],"wp:term":[{"taxonomy":"category","embeddable":true,"href":"https:\/\/grandepremio.com\/es\/wp-json\/wp\/v2\/categories?post=20158"},{"taxonomy":"post_tag","embeddable":true,"href":"https:\/\/grandepremio.com\/es\/wp-json\/wp\/v2\/tags?post=20158"},{"taxonomy":"42wp_author","embeddable":true,"href":"https:\/\/grandepremio.com\/es\/wp-json\/wp\/v2\/42wp_author?post=20158"}],"curies":[{"name":"wp","href":"https:\/\/api.w.org\/{rel}","templated":true}]}}