{"id":20172,"date":"2023-02-21T11:02:37","date_gmt":"2023-02-21T14:02:37","guid":{"rendered":"https:\/\/grandepremio.com\/es\/2023\/02\/21\/mclaren-filming-day-bahrein\/"},"modified":"2023-02-21T11:02:40","modified_gmt":"2023-02-21T14:02:40","slug":"mclaren-filming-day-bahrein","status":"publish","type":"post","link":"https:\/\/grandepremio.com\/es\/f1\/mclaren-filming-day-bahrein\/","title":{"rendered":"McLaren realiza filming day en Bahrein y cierra el ciclo de los equipos de F1 en pista"},"content":{"rendered":"\n<figure class=\"wp-block-embed is-type-rich is-provider-twitter wp-block-embed-twitter\"><div class=\"wp-block-embed__wrapper\">\n<blockquote class=\"twitter-tweet\" data-width=\"500\" data-dnt=\"true\"><p lang=\"en\" dir=\"ltr\">Time to unleash the power. \ud83d\udcaa <br><br>Our <a href=\"https:\/\/x.com\/hashtag\/MCL60?src=hash&amp;ref_src=twsrc%5Etfw\">#MCL60<\/a> hits the track for the first time! <a href=\"https:\/\/t.co\/hFVWmWr6Ra\">pic.twitter.com\/hFVWmWr6Ra<\/a><\/p>&mdash; McLaren Mastercard Formula 1 Team (@McLarenF1) <a href=\"https:\/\/x.com\/McLarenF1\/status\/1627992226692476928?ref_src=twsrc%5Etfw\">February 21, 2023<\/a><\/blockquote><script async src=\"https:\/\/platform.x.com\/widgets.js\" charset=\"utf-8\"><\/script>\n<\/div><\/figure>\n\n\n\n<p class=\"wp-block-paragraph\">S\u00f3lo faltaba que un equipo de <strong>F\u00f3rmula 1<\/strong> pusiera el coche en pista antes de los tests colectivos de pretemporada, pero ya no: este martes, <strong>McLaren<\/strong> public\u00f3 un breve v\u00eddeo del <strong>MCL60<\/strong> saliendo del garaje en el pit-lane de <strong>Sakhir<\/strong>, en <strong>Bahrein<\/strong>.<\/p>\n\n\n\n<p class=\"wp-block-paragraph\"><strong><strong><strong>\u00a1Conoce el canal de Grande Pr\u00eamio en Espa\u00f1ol en\u00a0<a href=\"https:\/\/www.youtube.com\/channel\/UCDxWojGVUi9gWYhrY0pGbIQ\" target=\"_blank\" rel=\"noreferrer noopener\">YouTube<\/a>!<br>\u00a1Sigue a\u00a0Grande Pr\u00eamio en Espa\u00f1ol\u00a0en\u00a0<a href=\"https:\/\/twitter.com\/grandepremioES\" target=\"_blank\" rel=\"noreferrer noopener\">Twitter\u00a0<\/a>y en\u00a0<a href=\"https:\/\/www.instagram.com\/grandepremioes\/\" target=\"_blank\" rel=\"noreferrer noopener\">Instagram<\/a>!<\/strong><\/strong><\/strong><\/p>\n\n\n\n<p class=\"wp-block-paragraph\">El v\u00eddeo muestra el coche <strong>#4<\/strong> de <strong>Lando Norris<\/strong> saliendo a la pista para trabajar. Los otros nueve equipos ya hab\u00edan anunciado su participaci\u00f3n en un shakedown o filming day, y <strong>McLaren<\/strong> aprovech\u00f3 su viaje a Bahrein para celebrar su rodaje dos d\u00edas antes del inicio de las actividades oficiales.<\/p>\n\n\n\n<p class=\"wp-block-paragraph\">El d\u00eda de rodaje en <strong>F1<\/strong> permite a los equipos rodar hasta 100 km en un circuito oficial de la categor\u00eda. En el <strong>Circuito Internacional de Sakhir<\/strong>, ese kilometraje equivale a 18 vueltas.<\/p>\n\n\n\n<p class=\"wp-block-paragraph\">El equipo present\u00f3 oficialmente el MCL60, un coche en honor del 60 aniversario de la escuder\u00eda brit\u00e1nica, a principios de la semana pasada, el mismo d\u00eda que <strong>Aston Martin<\/strong>. Los equipos tambi\u00e9n <a href=\"https:\/\/grandepremio.com\/es\/\/f1\/mclaren-acuerdo-aston-martin-vandoorne-drugovich-reservas\/\">compartir\u00e1n pilotos reservas<\/a> durante toda la temporada.<\/p>\n\n\n\n<figure class=\"wp-block-image size-large\"><img decoding=\"async\" src=\"https:\/\/www.grandepremio.com\/br\/wp-content\/uploads\/2023\/02\/imagem_2023-02-13_144542690-1024x577.png\" alt=\"\" class=\"wp-image-651998\"\/><figcaption class=\"wp-element-caption\">Norris vai para o quinto ano na McLaren (Foto: McLaren)<\/figcaption><\/figure>\n\n\n\n<p class=\"wp-block-paragraph\">Adem\u00e1s de Norris, tambi\u00e9n se espera que participe en la actividad de la jornada el piloto debutante <strong>Oscar Piastri<\/strong>. <strong>Andrea Stella<\/strong>, director del equipo que sustituy\u00f3 a <strong>Andreas Seidl<\/strong> al frente de la escuder\u00eda tras la marcha de Seidl a <strong>Sauber<\/strong>, afirm\u00f3 que la gran diferencia del coche de 2023 respecto al de 2022 est\u00e1 en la aerodin\u00e1mica.<\/p>\n\n\n\n<p class=\"wp-block-paragraph\"><strong>VER TAMBI\u00c9N<br><a href=\"https:\/\/grandepremio.com\/es\/\/f1\/jenson-button-preocupado-largo-acuerdo-lando-norris-mclaren\/\">Button, preocupado por el acuerdo de Norris con McLaren: \u00abNecesita un auto ganador\u00bb<br><\/a><a href=\"https:\/\/grandepremio.com\/es\/\/f1\/lance-stroll-accidenta-bicicleta-fuera-pretemporada-f1\/\">Stroll se accidenta en bicicleta y se pierde la pretemporada de la F1 en Bahrein<\/a><br><a href=\"https:\/\/grandepremio.com\/es\/\/f1\/alfa-romeo-futuro-incierto-deporte-motor\/\">Alfa Romeo tiene futuro incierto en el deporte motor y apunta a una decisi\u00f3n en junio<\/a><\/strong><\/p>\n\n\n\n<p class=\"wp-block-paragraph\">&#8220;No voy a ser demasiado espec\u00edfico, pero la aerodin\u00e1mica es la mayor parte [de los problemas abordados]. Que la aerodin\u00e1mica es el tema m\u00e1s importante en la F1, no hay duda, pero tambi\u00e9n miramos la interacci\u00f3n del coche con los neum\u00e1ticos y cosas en las que tenemos que trabajar dentro de los fines de semana&#8221;, se\u00f1al\u00f3.<\/p>\n\n\n\n<p class=\"wp-block-paragraph\">La F\u00f3rmula 1 vuelve a la pista la esta semana para los tests colectivos de pretemporada en el mismo trazado barenita. Es tambi\u00e9n all\u00ed donde, entre el 3 y el 5 de marzo, comienza el campeonato.<\/p>\n","protected":false},"excerpt":{"rendered":"<p>McLaren, el \u00faltimo equipo en salir a la pista para acelerar el MCL60 por primera vez antes de los tests de pretemporada de F\u00f3rmula 1.<\/p>\n","protected":false},"author":0,"featured_media":1010123509,"comment_status":"closed","ping_status":"closed","sticky":false,"template":"","format":"standard","meta":{"42wp_featured_image_caption":"","42wp_featured_image_credits":"","42wp_featured_video":"","42wp_featured_image_hidden":false,"42wp_authors_list":[],"footnotes":""},"categories":[5],"tags":[4497,1544,1092,181,1676,179,1488,2237,268,5559,269,278,1095],"42wp_author":[14234],"class_list":["post-20172","post","type-post","status-publish","format-standard","has-post-thumbnail","hentry","category-f1","tag-andrea-stella","tag-andreas-seidl","tag-bahrein","tag-f1","tag-f1-2023","tag-formula-1","tag-grande-premio","tag-grandepremio","tag-lando-norris","tag-mcl60","tag-mclaren","tag-oscar-piastri","tag-sakhir","42wp_author-douglas-rocha"],"_links":{"self":[{"href":"https:\/\/grandepremio.com\/es\/wp-json\/wp\/v2\/posts\/20172","targetHints":{"allow":["GET"]}}],"collection":[{"href":"https:\/\/grandepremio.com\/es\/wp-json\/wp\/v2\/posts"}],"about":[{"href":"https:\/\/grandepremio.com\/es\/wp-json\/wp\/v2\/types\/post"}],"replies":[{"embeddable":true,"href":"https:\/\/grandepremio.com\/es\/wp-json\/wp\/v2\/comments?post=20172"}],"version-history":[{"count":0,"href":"https:\/\/grandepremio.com\/es\/wp-json\/wp\/v2\/posts\/20172\/revisions"}],"wp:featuredmedia":[{"embeddable":true,"href":"https:\/\/grandepremio.com\/es\/wp-json\/wp\/v2\/media\/1010123509"}],"wp:attachment":[{"href":"https:\/\/grandepremio.com\/es\/wp-json\/wp\/v2\/media?parent=20172"}],"wp:term":[{"taxonomy":"category","embeddable":true,"href":"https:\/\/grandepremio.com\/es\/wp-json\/wp\/v2\/categories?post=20172"},{"taxonomy":"post_tag","embeddable":true,"href":"https:\/\/grandepremio.com\/es\/wp-json\/wp\/v2\/tags?post=20172"},{"taxonomy":"42wp_author","embeddable":true,"href":"https:\/\/grandepremio.com\/es\/wp-json\/wp\/v2\/42wp_author?post=20172"}],"curies":[{"name":"wp","href":"https:\/\/api.w.org\/{rel}","templated":true}]}}