{"id":20195,"date":"2023-02-19T10:28:28","date_gmt":"2023-02-19T13:28:28","guid":{"rendered":"https:\/\/grandepremio.com\/es\/2023\/02\/19\/formula-1-russel-calendario-sostenible\/"},"modified":"2023-02-19T10:28:30","modified_gmt":"2023-02-19T13:28:30","slug":"formula-1-russel-calendario-sostenible","status":"publish","type":"post","link":"https:\/\/grandepremio.com\/es\/f1\/formula-1-russel-calendario-sostenible\/","title":{"rendered":"Russell revela conversaciones con la F1 y espera un calendario &#8220;m\u00e1s sostenible&#8221; en el futuro"},"content":{"rendered":"\n<p class=\"wp-block-paragraph\"><strong>George Russel<\/strong> considera que ha mantuvo &#8220;buenas conversaciones&#8221; con los directivos de la<strong> F\u00f3rmula 1<\/strong> con el objetivo de tener un calendario m\u00e1s sostenible durante los pr\u00f3ximos a\u00f1os. &#8220;Creo que hemos tenido buenas conversaciones sobre d\u00f3nde est\u00e1 el futuro y quiz\u00e1s hacer las cosas un poco m\u00e1s sostenibles, no s\u00f3lo para pilotar, sino para todos nosotros&#8221;, sostuvo el <a href=\"https:\/\/grandepremio.com\/es\/\/f1\/george-russell-113o-ganador-formula-1\/\">ganador del <strong>GP de Brasil de 2022<\/strong><\/a>.<\/p>\n\n\n\n<p class=\"wp-block-paragraph\">Aunque subraya que siempre tiene &#8220;mucha energ\u00eda para correr&#8221;, el piloto de <strong><a href=\"https:\/\/grandepremio.com\/es\/\/?s=mercedes\">Mercedes<\/a><\/strong> revel\u00f3 cu\u00e1l es una de las mayores preocupaciones del calendario actual: las diferencias horarias.<\/p>\n\n\n\n<p class=\"wp-block-paragraph\"><strong><strong>\u00a1Conoce el canal de Grande Premio en\u00a0<a href=\"https:\/\/www.youtube.com\/c\/GrandePremioTV\">YouTube<\/a>!<br>\u00a1Sigue a Grande Premio en\u00a0<a href=\"https:\/\/twitter.com\/granpremioes\" target=\"_blank\" rel=\"noreferrer noopener\">Twitter\u00a0<\/a>y en\u00a0<a href=\"https:\/\/instagram.com\/granpremio_es\" target=\"_blank\" rel=\"noreferrer noopener\">Instagram<\/a>!<\/strong><\/strong><\/p>\n\n\n\n<figure class=\"wp-block-image size-large\"><img decoding=\"async\" src=\"https:\/\/www.grandepremio.com\/br\/wp-content\/uploads\/2022\/11\/mercedes-georgerussell-01-14-1024x683.jpg\" alt=\"\" class=\"wp-image-635448\"\/><figcaption class=\"wp-element-caption\">Russel cree que es posible un calendario sostenible en los pr\u00f3ximos a\u00f1os (Foto: Mercedes)<\/figcaption><\/figure>\n\n\n\n<p class=\"wp-block-paragraph\">&#8220;Es algo que estamos intentando implementar un poco m\u00e1s en el grupo que nos rodea, porque esos cambios de huso horario son muy abruptos para algunas carreras&#8221;, agreg\u00f3<strong> Russel<\/strong>. &#8220;No importa c\u00f3mo vueles. Definitivamente est\u00e1 llegando un punto en el que la gente est\u00e1 notando los efectos&#8221;, a\u00f1adi\u00f3.<\/p>\n\n\n\n<p class=\"wp-block-paragraph\">Dos ejemplos en los que se producen los mayores cambios en el menor espacio de tiempo durante esta temporada que comenzar\u00e1 en marzo son entre el GP de Azerbaiy\u00e1n (30\/04) y Miami (07\/05), y Las Vegas (18\/11) y Abu Dhabi (26\/11).<\/p>\n\n\n\n<p class=\"wp-block-paragraph\">Mientras que el primer viaje requerir\u00e1 un vuelo de al menos <strong>18 horas para recorrer 11.000 km<\/strong>, el segundo, entre la pen\u00faltima y la \u00faltima ronda, requerir\u00e1 <strong>un vuelo de al menos 24 horas<\/strong> para recorrer nada menos que <strong>13.185 km<\/strong>.<\/p>\n\n\n\n<p class=\"wp-block-paragraph\">En 2023, la<strong> F\u00f3rmula 1<\/strong> alcanzar\u00e1 el r\u00e9cord de carreras en una temporada: 23, superando las 22 etapas de los campeonatos de 2021 y 2022. Cabe destacar que en los \u00faltimos a\u00f1os, cuatro temporadas han contado con al menos 20 Grandes Premios mientras que en 2016, 2018 y 2019 se corrieron 21 carreras.<\/p>\n\n\n\n<p class=\"wp-block-paragraph\">Inicialmente, la temporada 2023 iba contar con 24 carreras. Sin embargo, el <a href=\"https:\/\/grandepremio.com\/es\/\/f1\/formula-1-confirma-cancelacion-gp-china-covid\/\"><strong>GP de China <\/strong>se cancel\u00f3<\/a> oficialmente el pasado mes de diciembre debido a las restricciones impuestas por la pandemia.<\/p>\n","protected":false},"excerpt":{"rendered":"<p>George Russell, piloto de Mercedes y director de la GPDA muestra preocupaci\u00f3n por las diferencias horarias durante la temporada. Cree que el calendario mejorar\u00e1 a partir de los pr\u00f3ximos a\u00f1os. <\/p>\n","protected":false},"author":0,"featured_media":1000633612,"comment_status":"closed","ping_status":"closed","sticky":false,"template":"","format":"standard","meta":{"42wp_featured_image_caption":"","42wp_featured_image_credits":"","42wp_featured_video":"","42wp_featured_image_hidden":false,"42wp_authors_list":[],"footnotes":""},"categories":[5],"tags":[3202,181,179,253,1488,2237,197],"42wp_author":[14235],"class_list":["post-20195","post","type-post","status-publish","format-standard","has-post-thumbnail","hentry","category-f1","tag-calendario-2023","tag-f1","tag-formula-1","tag-george-russell","tag-grande-premio","tag-grandepremio","tag-mercedes","42wp_author-barbara-mincioni"],"_links":{"self":[{"href":"https:\/\/grandepremio.com\/es\/wp-json\/wp\/v2\/posts\/20195","targetHints":{"allow":["GET"]}}],"collection":[{"href":"https:\/\/grandepremio.com\/es\/wp-json\/wp\/v2\/posts"}],"about":[{"href":"https:\/\/grandepremio.com\/es\/wp-json\/wp\/v2\/types\/post"}],"replies":[{"embeddable":true,"href":"https:\/\/grandepremio.com\/es\/wp-json\/wp\/v2\/comments?post=20195"}],"version-history":[{"count":0,"href":"https:\/\/grandepremio.com\/es\/wp-json\/wp\/v2\/posts\/20195\/revisions"}],"wp:featuredmedia":[{"embeddable":true,"href":"https:\/\/grandepremio.com\/es\/wp-json\/wp\/v2\/media\/1000633612"}],"wp:attachment":[{"href":"https:\/\/grandepremio.com\/es\/wp-json\/wp\/v2\/media?parent=20195"}],"wp:term":[{"taxonomy":"category","embeddable":true,"href":"https:\/\/grandepremio.com\/es\/wp-json\/wp\/v2\/categories?post=20195"},{"taxonomy":"post_tag","embeddable":true,"href":"https:\/\/grandepremio.com\/es\/wp-json\/wp\/v2\/tags?post=20195"},{"taxonomy":"42wp_author","embeddable":true,"href":"https:\/\/grandepremio.com\/es\/wp-json\/wp\/v2\/42wp_author?post=20195"}],"curies":[{"name":"wp","href":"https:\/\/api.w.org\/{rel}","templated":true}]}}