{"id":20205,"date":"2023-02-18T10:40:07","date_gmt":"2023-02-18T13:40:07","guid":{"rendered":"https:\/\/grandepremio.com\/es\/2023\/02\/18\/honda-tiene-mucho-mejorar-motogp\/"},"modified":"2023-02-18T10:40:09","modified_gmt":"2023-02-18T13:40:09","slug":"honda-tiene-mucho-mejorar-motogp","status":"publish","type":"post","link":"https:\/\/grandepremio.com\/es\/motogp\/honda-tiene-mucho-mejorar-motogp\/","title":{"rendered":"Honda dice que tiene mucho que mejorar y admite: &#8220;No estamos donde nos gustar\u00eda&#8221;"},"content":{"rendered":"\n<p class=\"wp-block-paragraph\">El jefe de <strong>Honda<\/strong>, <strong>Alberto Puig<\/strong>, ha admitido que la f\u00e1brica japonesa no est\u00e1 donde le gustar\u00eda estar al inicio de la temporada 2023 de <strong>MotoGP<\/strong>. El dirigente consider\u00f3 que la marca con sede en <strong>Hamamatsu<\/strong> avanza en la direcci\u00f3n correcta, pero necesita m\u00e1s tiempo para trabajar en la <strong>RC213V<\/strong>.<\/p>\n\n\n\n<p class=\"wp-block-paragraph\">Al t\u00e9rmino de <a href=\"https:\/\/grandepremio.com\/es\/\/motogp\/luca-marini-ducati-malasia-motogp\/\">la primera sesi\u00f3n de tests de pretemporada 2023<\/a>, el mejor resultado de Honda ha sido <a href=\"https:\/\/grandepremio.com\/es\/\/motogp\/marc-marquez-recorrido-contento\/\">un d\u00e9cimo puesto de <strong>Marc M\u00e1rquez<\/strong><\/a>, que ha marcado un tiempo de 1min58s666 y se ha quedado a 0s777 de <strong>Luca Marini<\/strong>, l\u00edder de la sesi\u00f3n combinada de tres d\u00edas en Sepang. <strong>Joan Mir<\/strong> ha sido 12\u00ba, <strong>\u00c1lex Rins<\/strong> 19\u00ba y <strong>Takaaki Nakagami<\/strong> 21\u00ba.<\/p>\n\n\n\n<figure class=\"wp-block-image size-large\"><img decoding=\"async\" src=\"https:\/\/www.grandepremio.com\/br\/wp-content\/uploads\/2020\/07\/ZZ_03Jerez20Mgp_REPSOL_02328-1024x682.jpg\" alt=\"\" class=\"wp-image-400139\"\/><figcaption class=\"wp-element-caption\">Alberto Puig valor\u00f3 que Honda va contrarreloj para entregar una buena moto para la temporada 2023 (Foto: Repsol)<\/figcaption><\/figure>\n\n\n\n<p class=\"wp-block-paragraph\"><strong><strong><strong>\u00a1Conoce el canal de Grande Pr\u00eamio en Espa\u00f1ol en\u00a0<a href=\"https:\/\/www.youtube.com\/channel\/UCDxWojGVUi9gWYhrY0pGbIQ\" target=\"_blank\" rel=\"noreferrer noopener\">YouTube<\/a>!<br>\u00a1Sigue a\u00a0Grande Pr\u00eamio en Espa\u00f1ol\u00a0en\u00a0<a href=\"https:\/\/twitter.com\/grandepremioES\" target=\"_blank\" rel=\"noreferrer noopener\">Twitter\u00a0<\/a>y en\u00a0<a href=\"https:\/\/www.instagram.com\/grandepremioes\/\" target=\"_blank\" rel=\"noreferrer noopener\">Instagram<\/a>!<\/strong><\/strong><\/strong><\/p>\n\n\n\n<p class=\"wp-block-paragraph\">En la valoraci\u00f3n de Puig, Honda logr\u00f3 en Sepang una evoluci\u00f3n de lo que hab\u00eda hecho en <strong>Valencia<\/strong> a finales del a\u00f1o pasado en los tests de post temporada, pero a\u00fan tiene mucho trabajo por delante.<\/p>\n\n\n\n<p class=\"wp-block-paragraph\">&#8220;En el test de Sepang tuvimos una evoluci\u00f3n de lo que demostramos en Valencia&#8221;, consider\u00f3 Puig. &#8220;Para nosotros, los tests terminar\u00e1n en <strong>Portimao<\/strong>. Est\u00e1 claro que no estamos donde nos gustar\u00eda. Tenemos que seguir probando soluciones, tenemos muchas ideas, pero tenemos que entreg\u00e1rselas a los pilotos y demostrar que funcionan. Eso es b\u00e1sicamente lo que estamos haciendo ahora&#8221;, coment\u00f3.<\/p>\n\n\n\n<p class=\"wp-block-paragraph\">Alberto cree, sin embargo, que la marca de la Ala Dorada est\u00e1 trabajando en la direcci\u00f3n correcta, ya que los cuatro pilotos tienen la misma moto y la f\u00e1brica tiene opciones con las que trabajar.<\/p>\n\n\n\n<p class=\"wp-block-paragraph\">&#8220;Uno de nuestros objetivos ahora es mejorar la tracci\u00f3n, pero no es el \u00fanico. Tenemos que mejorar muchas, muchas cosas&#8221;, asumi\u00f3. &#8220;Creo que vamos en la buena direcci\u00f3n. Ahora tenemos cuatro motos iguales, cada una con sus respectivas puestas a punto. No tenemos un concepto de moto totalmente nuevo&#8221;, se\u00f1al\u00f3 .<\/p>\n\n\n\n<p class=\"wp-block-paragraph\">&#8220;No tenemos la sensaci\u00f3n de haber cumplido nuestro objetivo. Tenemos opciones en cuanto a motor y chasis, pero necesitamos m\u00e1s tiempo, eso es obvio&#8221;, coment\u00f3.<\/p>\n\n\n\n<p class=\"wp-block-paragraph\">El jefe de Honda tambi\u00e9n ha comentado el estado de Marc M\u00e1rquez, que ha llegado a la pretemporada mucho m\u00e1s fuerte que otros a\u00f1os, ya que ha podido prepararse con normalidad tras someterse a una cuarta operaci\u00f3n en su brazo derecho a mediados de la temporada 2022.<\/p>\n\n\n\n<p class=\"wp-block-paragraph\">&#8220;Veo a Marc muy bien. Su condici\u00f3n f\u00edsica es mucho mejor que el a\u00f1o pasado cuando estuvimos aqu\u00ed&#8221;, compar\u00f3. &#8220;Ahora puede dar muchas vueltas y no est\u00e1 destrozado a la ma\u00f1ana siguiente y ni siquiera siente dolor. Eso es muy importante para nosotros&#8221;, subray\u00f3.<\/p>\n\n\n\n<p class=\"wp-block-paragraph\">Por \u00faltimo, Alberto consider\u00f3 que Joan Mir sigue adapt\u00e1ndose a la RC213V y valor\u00f3 que, si Honda puede darle al ex-<strong>Suzuki<\/strong> la moto que espera, conf\u00eda en la competitividad del #36.<\/p>\n\n\n\n<p class=\"wp-block-paragraph\">&#8220;Hemos visto muchos progresos en Joan. Sigue mejorando y entendiendo la moto&#8221;, alab\u00f3. &#8220;Si le damos la moto que creemos que podemos darle, no podemos olvidar que Mir es bicampe\u00f3n del mundo, y esa es la raz\u00f3n por la que est\u00e1 aqu\u00ed&#8221;, cerr\u00f3 Puig.<\/p>\n","protected":false},"excerpt":{"rendered":"<p>Alberto Puig afirm\u00f3 que el objetivo de Honda es, entre otros, encontrar m\u00e1s tracci\u00f3n para la RC213V. El manager valor\u00f3 que el trabajo va por buen camino, pero asumi\u00f3 que el equipo no est\u00e1 donde le gustar\u00eda estar.<\/p>\n","protected":false},"author":0,"featured_media":1010121886,"comment_status":"closed","ping_status":"closed","sticky":false,"template":"","format":"standard","meta":{"42wp_featured_image_caption":"","42wp_featured_image_credits":"","42wp_featured_video":"","42wp_featured_image_hidden":false,"42wp_authors_list":[],"footnotes":""},"categories":[8],"tags":[1869,1395,1488,2237,221,1521,1614,1392,1293,2657,5709,1520],"42wp_author":[14234],"class_list":["post-20205","post","type-post","status-publish","format-standard","has-post-thumbnail","hentry","category-motogp","tag-alberto-puig","tag-alex-rins","tag-grande-premio","tag-grandepremio","tag-honda","tag-joan-mir","tag-luca-marini","tag-marc-marquez-2","tag-motogp","tag-motogp-2023","tag-rc213v","tag-takaaki-nakagami","42wp_author-douglas-rocha"],"_links":{"self":[{"href":"https:\/\/grandepremio.com\/es\/wp-json\/wp\/v2\/posts\/20205","targetHints":{"allow":["GET"]}}],"collection":[{"href":"https:\/\/grandepremio.com\/es\/wp-json\/wp\/v2\/posts"}],"about":[{"href":"https:\/\/grandepremio.com\/es\/wp-json\/wp\/v2\/types\/post"}],"replies":[{"embeddable":true,"href":"https:\/\/grandepremio.com\/es\/wp-json\/wp\/v2\/comments?post=20205"}],"version-history":[{"count":0,"href":"https:\/\/grandepremio.com\/es\/wp-json\/wp\/v2\/posts\/20205\/revisions"}],"wp:featuredmedia":[{"embeddable":true,"href":"https:\/\/grandepremio.com\/es\/wp-json\/wp\/v2\/media\/1010121886"}],"wp:attachment":[{"href":"https:\/\/grandepremio.com\/es\/wp-json\/wp\/v2\/media?parent=20205"}],"wp:term":[{"taxonomy":"category","embeddable":true,"href":"https:\/\/grandepremio.com\/es\/wp-json\/wp\/v2\/categories?post=20205"},{"taxonomy":"post_tag","embeddable":true,"href":"https:\/\/grandepremio.com\/es\/wp-json\/wp\/v2\/tags?post=20205"},{"taxonomy":"42wp_author","embeddable":true,"href":"https:\/\/grandepremio.com\/es\/wp-json\/wp\/v2\/42wp_author?post=20205"}],"curies":[{"name":"wp","href":"https:\/\/api.w.org\/{rel}","templated":true}]}}