{"id":20220,"date":"2023-02-16T19:41:03","date_gmt":"2023-02-16T22:41:03","guid":{"rendered":"https:\/\/grandepremio.com\/es\/2023\/02\/16\/pierre-gasly-lanzamiento-alpine-formula-1-2023\/"},"modified":"2023-02-16T19:41:31","modified_gmt":"2023-02-16T22:41:31","slug":"pierre-gasly-lanzamiento-alpine-formula-1-2023","status":"publish","type":"post","link":"https:\/\/grandepremio.com\/es\/f1\/pierre-gasly-lanzamiento-alpine-formula-1-2023\/","title":{"rendered":"Gasly valora t\u00e1ndem con Ocon tras llegada a Alpine: &#8220;Representar a Francia es una honra&#8221;"},"content":{"rendered":"\n<p class=\"wp-block-paragraph\"><strong>Pierre Gasly<\/strong> se embarca en un nuevo reto profesional. A sus 27 a\u00f1os, <a href=\"https:\/\/grandepremio.com\/es\/\/f1\/alpine-pierre-gasly-companero-esteban-ocon-f1-2023\/\" target=\"_blank\" rel=\"noreferrer noopener\">el piloto dej\u00f3 <strong>AlphaTauri<\/strong> para unirse a <strong>Alpine<\/strong>,<\/a> formando un equipo casi enteramente franc\u00e9s en<strong> F\u00f3rmula 1<\/strong>, ya que compartir\u00e1 los boxes con <strong>Esteban Ocon<\/strong>. <a href=\"https:\/\/grandepremio.com\/es\/\/f1\/alpine-lanzamiento-a523-formula-1-2023\/\" target=\"_blank\" rel=\"noreferrer noopener\">Durante la presentaci\u00f3n del <strong>A523<\/strong> este jueves<\/a>, Pierre habl\u00f3 sobre su nuevo desaf\u00edo.<\/p>\n\n\n\n<p class=\"wp-block-paragraph\">Gasly y Ocon se conocen desde la infancia, y tuvieron una relaci\u00f3n problem\u00e1tica durante su etapa en el karting. A pesar de ello, Pierre asegur\u00f3 que ambos superaron sus rencillas tras coincidir en la F\u00f3rmula 1, y habl\u00f3 de orgullo al ver la historia construida por ambos en el <strong>Campeonato del Mundo<\/strong>.<\/p>\n\n\n\n<p class=\"wp-block-paragraph\">&#8220;Esteban y yo nos conocemos desde hace mucho tiempo, y crecimos corriendo juntos. Es realmente una historia especial que los dos estemos no s\u00f3lo en la F\u00f3rmula 1, sino que seamos ganadores de carreras y compa\u00f1eros de equipo en una escuder\u00eda francesa&#8221;, asegur\u00f3 durante la presentaci\u00f3n. Pierre conquist\u00f3 el GP de Italia 2020, mientras que Esteban <a href=\"https:\/\/grandepremio.com\/es\/\/f1\/ocon-logra-victoria-increible-en-un-gp-de-hungria-caotico-y-memorable\/\" target=\"_blank\" rel=\"noreferrer noopener\">gan\u00f3 el GP de Hungr\u00eda 2021.<\/a> <\/p>\n\n\n\n<p class=\"wp-block-paragraph\"><strong>\u00a1Conoce el canal de Gran Premio en\u00a0<a href=\"https:\/\/www.youtube.com\/c\/GrandePremioTV\">YouTube<\/a>!<br>\u00a1Sigue a Gran Premio en\u00a0<a href=\"https:\/\/twitter.com\/granpremioes\" target=\"_blank\" rel=\"noreferrer noopener\">Twitter\u00a0<\/a>y en\u00a0<a href=\"https:\/\/instagram.com\/granpremio_es\" target=\"_blank\" rel=\"noreferrer noopener\">Instagram<\/a>!<\/strong><\/p>\n\n\n\n<figure class=\"wp-block-image size-large\"><img decoding=\"async\" src=\"https:\/\/www.grandepremio.com\/br\/wp-content\/uploads\/2022\/11\/Pierre_Gasly_enjoys_first_outing_alongside_Jack_Doohan_as_BWT_Alpine_F1_Team_rounds_off_2022_season-1024x682.jpg\" alt=\"\" class=\"wp-image-636123\"\/><figcaption class=\"wp-element-caption\">Gasly se prepara para su debut con Alpine en la F\u00f3rmula 1, tras varios a\u00f1os con AlphaTauri.   (Foto: Alpine Media)<\/figcaption><\/figure>\n\n\n\n<p class=\"wp-block-paragraph\">Desde su regreso a la parrilla de F\u00f3rmula 1 como Renault en 2016, ser\u00e1 la primera vez que el equipo con sede en Enstone tenga dos pilotos franceses al mismo tiempo. Pierre tambi\u00e9n mencion\u00f3 el honor de representar al equipo.<\/p>\n\n\n\n<p class=\"wp-block-paragraph\">&#8220;Es un honor representar a Francia en este deporte y es m\u00e1s especial que me haya unido a Alpine junto con Esteban. Debemos motivarnos mutuamente y galvanizar al equipo para alcanzar nuestros objetivos. Nos espera un a\u00f1o alentador&#8221;, concluy\u00f3 Pierre.<\/p>\n\n\n\n<p class=\"wp-block-paragraph\">Alpine marc\u00f3 el final de la etapa de lanzamientos en la F\u00f3rmula 1. Ahora, la atenci\u00f3n se centra en la pista, con el inicio de la pretemporada el jueves de la pr\u00f3xima semana en Bahrein.<\/p>\n","protected":false},"excerpt":{"rendered":"<p>Pierre Gasly enfrenta a un nuevo desaf\u00edo junto a Esteban Ocon, ahora que los pilotos forman un equipo &#8220;completamente franc\u00e9s&#8221; en la F\u00f3rmula 1 con Alpine. <\/p>\n","protected":false},"author":0,"featured_media":1010122064,"comment_status":"closed","ping_status":"closed","sticky":false,"template":"","format":"standard","meta":{"42wp_featured_image_caption":"","42wp_featured_image_credits":"","42wp_featured_video":"","42wp_featured_image_hidden":false,"42wp_authors_list":[],"footnotes":""},"categories":[5],"tags":[678,5691,362,181,1676,179,2534,1488,3438,2237,427],"42wp_author":[14223],"class_list":["post-20220","post","type-post","status-publish","format-standard","has-post-thumbnail","hentry","category-f1","tag-alpine","tag-alpine-a523","tag-esteban-ocon","tag-f1","tag-f1-2023","tag-formula-1","tag-formula-1-2023","tag-grande-premio","tag-grande-premio-en-espanol","tag-grandepremio","tag-pierre-gasly","42wp_author-esteban-nieto"],"_links":{"self":[{"href":"https:\/\/grandepremio.com\/es\/wp-json\/wp\/v2\/posts\/20220","targetHints":{"allow":["GET"]}}],"collection":[{"href":"https:\/\/grandepremio.com\/es\/wp-json\/wp\/v2\/posts"}],"about":[{"href":"https:\/\/grandepremio.com\/es\/wp-json\/wp\/v2\/types\/post"}],"replies":[{"embeddable":true,"href":"https:\/\/grandepremio.com\/es\/wp-json\/wp\/v2\/comments?post=20220"}],"version-history":[{"count":0,"href":"https:\/\/grandepremio.com\/es\/wp-json\/wp\/v2\/posts\/20220\/revisions"}],"wp:featuredmedia":[{"embeddable":true,"href":"https:\/\/grandepremio.com\/es\/wp-json\/wp\/v2\/media\/1010122064"}],"wp:attachment":[{"href":"https:\/\/grandepremio.com\/es\/wp-json\/wp\/v2\/media?parent=20220"}],"wp:term":[{"taxonomy":"category","embeddable":true,"href":"https:\/\/grandepremio.com\/es\/wp-json\/wp\/v2\/categories?post=20220"},{"taxonomy":"post_tag","embeddable":true,"href":"https:\/\/grandepremio.com\/es\/wp-json\/wp\/v2\/tags?post=20220"},{"taxonomy":"42wp_author","embeddable":true,"href":"https:\/\/grandepremio.com\/es\/wp-json\/wp\/v2\/42wp_author?post=20220"}],"curies":[{"name":"wp","href":"https:\/\/api.w.org\/{rel}","templated":true}]}}