{"id":20222,"date":"2023-02-16T16:43:20","date_gmt":"2023-02-16T19:43:20","guid":{"rendered":"https:\/\/grandepremio.com\/es\/2023\/02\/16\/mercedes-problemas-shakedown-f14-formula-1\/"},"modified":"2023-02-16T16:45:02","modified_gmt":"2023-02-16T19:45:02","slug":"mercedes-problemas-shakedown-f14-formula-1","status":"publish","type":"post","link":"https:\/\/grandepremio.com\/es\/f1\/mercedes-problemas-shakedown-f14-formula-1\/","title":{"rendered":"Mercedes sufre falla en sistema de arranque, pero completa shakedown del W14"},"content":{"rendered":"\n<p class=\"wp-block-paragraph\"><strong>Mercedes<\/strong> complet\u00f3 este jueves el trabajo inicial con el <strong>W14 <\/strong>de cara a la pretemporada de <strong>F\u00f3rmula 1<\/strong>. Tras una peque\u00f1a demostraci\u00f3n durante el mi\u00e9rcoles, <a href=\"https:\/\/grandepremio.com\/es\/\/f1\/mercedes-presentacion-w14-formula-1-2023\/\" target=\"_blank\" rel=\"noreferrer noopener\">despu\u00e9s del lanzamiento<\/a>, el equipo realiz\u00f3 un d\u00eda de rodaje en Silverstone, Inglaterra.<\/p>\n\n\n\n<p class=\"wp-block-paragraph\">La primera jornada, sin embargo, no fue la m\u00e1s tranquila. Debido a un problema en el sistema de arranque del motor, los planes del equipo se retrasaron casi dos horas.<\/p>\n\n\n\n<p class=\"wp-block-paragraph\">Luego, con el problema oficialmente resuelto, el nuevo Mercedes sali\u00f3 a la pista con <strong>George Russell<\/strong> y rod\u00f3 de forma normal. As\u00ed, complet\u00f3 el programa estipulado con 15 km el mi\u00e9rcoles y otros 100 (l\u00edmite de los d\u00edas de rodaje) el jueves.<\/p>\n\n\n\n<p class=\"wp-block-paragraph\"><strong><strong>\u00a1Conoce el canal de Grande Pr\u00eamio en Espa\u00f1ol en\u00a0<a href=\"https:\/\/www.youtube.com\/channel\/UCDxWojGVUi9gWYhrY0pGbIQ\" target=\"_blank\" rel=\"noreferrer noopener\">YouTube<\/a>!<br>\u00a1Sigue a\u00a0Grande Pr\u00eamio en Espa\u00f1ol\u00a0en\u00a0<a href=\"https:\/\/twitter.com\/grandepremioES\" target=\"_blank\" rel=\"noreferrer noopener\">Twitter\u00a0<\/a>y en\u00a0<a href=\"https:\/\/www.instagram.com\/grandepremioes\/\" target=\"_blank\" rel=\"noreferrer noopener\">Instagram<\/a>!<\/strong><\/strong><\/p>\n\n\n\n<figure class=\"wp-block-image size-large\"><img decoding=\"async\" src=\"https:\/\/www.grandepremio.com\/br\/wp-content\/uploads\/2023\/02\/imagem_2023-02-16_114931779-1024x683.png\" alt=\"\" class=\"wp-image-652659\"\/><figcaption class=\"wp-element-caption\">George Russell particip\u00f3 del d\u00eda de filmaci\u00f3n de Mercedes con el W14 (Foto: Mercedes)<\/figcaption><\/figure>\n\n\n\n<p class=\"wp-block-paragraph\">Para 2023, Mercedes mantiene su d\u00fao de pilotos, considerado como uno de los mejores de la parrilla. Por un lado, cuenta con la experiencia y los siete t\u00edtulos de <strong>Lewis Hamilton<\/strong>, uno de los mejores pilotos de F1 de todos los tiempos. Por otro, tambi\u00e9n dispone de la juventud de Russell, <a href=\"https:\/\/grandepremio.com\/es\/\/f1\/george-russell-listo-ser-campeon-mercedes\/\" target=\"_blank\" rel=\"noreferrer noopener\">que lleg\u00f3 al equipo superando a su compa\u00f1ero en su primera temporada con la escuder\u00eda.<\/a><\/p>\n\n\n\n<p class=\"wp-block-paragraph\">Impulsada por sus propios motores, Mercedes tuvo un cambio importante en la direcci\u00f3n del equipo, ya que el estratega<a href=\"https:\/\/grandepremio.com\/es\/\/f1\/williams-james-vowles-mercedes\/\" target=\"_blank\" rel=\"noreferrer noopener\"><strong> James Vowles <\/strong>asumi\u00f3 el papel de director de <strong>Williams<\/strong><\/a>. <strong>Toto Wolff<\/strong> sigue, por supuesto, como jefe de equipo, con <strong>James Allison<\/strong> y <strong>Mike Elliott <\/strong>como responsables de la parte t\u00e9cnica.<\/p>\n\n\n\n<p class=\"wp-block-paragraph\">Tras el filming day, Mercedes volver\u00e1 a poner en pista el <strong>W14<\/strong> en los test de pretemporada de F\u00f3rmula 1, previstos entre el 23 y el 25 de febrero en el circuito de <strong>Sakhir<\/strong>, en <strong>Bahrein<\/strong>, el mismo escenario del inicio del campeonato, el 5 de marzo.<\/p>\n","protected":false},"excerpt":{"rendered":"<p>Mercedes sufri\u00f3 problemas con el arranque a la hora de hacer la primera demostraci\u00f3n en pista del W14, sin embargo, logr\u00f3 completar el programa esperado antes de la pretemporada. <\/p>\n","protected":false},"author":0,"featured_media":1010122025,"comment_status":"closed","ping_status":"closed","sticky":false,"template":"","format":"standard","meta":{"42wp_featured_image_caption":"","42wp_featured_image_credits":"","42wp_featured_video":"","42wp_featured_image_hidden":false,"42wp_authors_list":[],"footnotes":""},"categories":[5],"tags":[181,1676,179,2534,253,1488,3438,2237,199,197,4561,3270],"42wp_author":[14223],"class_list":["post-20222","post","type-post","status-publish","format-standard","has-post-thumbnail","hentry","category-f1","tag-f1","tag-f1-2023","tag-formula-1","tag-formula-1-2023","tag-george-russell","tag-grande-premio","tag-grande-premio-en-espanol","tag-grandepremio","tag-lewis-hamilton","tag-mercedes","tag-mercedes-w14","tag-w14","42wp_author-esteban-nieto"],"_links":{"self":[{"href":"https:\/\/grandepremio.com\/es\/wp-json\/wp\/v2\/posts\/20222","targetHints":{"allow":["GET"]}}],"collection":[{"href":"https:\/\/grandepremio.com\/es\/wp-json\/wp\/v2\/posts"}],"about":[{"href":"https:\/\/grandepremio.com\/es\/wp-json\/wp\/v2\/types\/post"}],"replies":[{"embeddable":true,"href":"https:\/\/grandepremio.com\/es\/wp-json\/wp\/v2\/comments?post=20222"}],"version-history":[{"count":0,"href":"https:\/\/grandepremio.com\/es\/wp-json\/wp\/v2\/posts\/20222\/revisions"}],"wp:featuredmedia":[{"embeddable":true,"href":"https:\/\/grandepremio.com\/es\/wp-json\/wp\/v2\/media\/1010122025"}],"wp:attachment":[{"href":"https:\/\/grandepremio.com\/es\/wp-json\/wp\/v2\/media?parent=20222"}],"wp:term":[{"taxonomy":"category","embeddable":true,"href":"https:\/\/grandepremio.com\/es\/wp-json\/wp\/v2\/categories?post=20222"},{"taxonomy":"post_tag","embeddable":true,"href":"https:\/\/grandepremio.com\/es\/wp-json\/wp\/v2\/tags?post=20222"},{"taxonomy":"42wp_author","embeddable":true,"href":"https:\/\/grandepremio.com\/es\/wp-json\/wp\/v2\/42wp_author?post=20222"}],"curies":[{"name":"wp","href":"https:\/\/api.w.org\/{rel}","templated":true}]}}