{"id":20225,"date":"2023-02-15T13:32:03","date_gmt":"2023-02-15T16:32:03","guid":{"rendered":"https:\/\/grandepremio.com\/es\/2023\/02\/15\/tony-kanaan-anuncia-retiro-indy-500-millas-indianapolis-2023\/"},"modified":"2023-02-15T13:32:06","modified_gmt":"2023-02-15T16:32:06","slug":"tony-kanaan-anuncia-retiro-indy-500-millas-indianapolis-2023","status":"publish","type":"post","link":"https:\/\/grandepremio.com\/es\/indy\/tony-kanaan-anuncia-retiro-indy-500-millas-indianapolis-2023\/","title":{"rendered":"Kanaan anuncia su retiro de la IndyCar despu\u00e9s de las Indy 500"},"content":{"rendered":"\n<p class=\"wp-block-paragraph\">Se termina una era. <strong>Tony Kanaan<\/strong> anunci\u00f3 el pasado mi\u00e9rcoles 15 que su participaci\u00f3n en las <strong>500 millas de Indian\u00e1polis<\/strong> de este a\u00f1o <strong>ser\u00e1 la \u00faltima de su carrera<\/strong> en <strong>IndyCar<\/strong>. A los 48 a\u00f1os, el piloto intentar\u00e1 conseguir su segunda victoria en la carrera m\u00e1s importante del calendario de <strong>Indy<\/strong>, esta vez a bordo de un <strong>McLaren<\/strong>.<\/p>\n\n\n\n<p class=\"wp-block-paragraph\"><strong>Kanaan<\/strong> debut\u00f3 en la Indy en 1998 <strong>cuando todav\u00eda era la CART<\/strong> con el equipo Tasman. Su primera victoria lleg\u00f3 al a\u00f1o siguiente en la \u00e9pica ronda de Michigan cuando corr\u00eda para Forsythe. Lleg\u00f3 a la \u00faltima vuelta como segundo, pero super\u00f3 en la \u00faltima curva al italiano <strong>Max Papis<\/strong>.<\/p>\n\n\n\n<p class=\"wp-block-paragraph\">En 2002, <strong>Tony <\/strong>corri\u00f3 por primera vez en las Indy 500 para Mo Nunn pero no logr\u00f3 finalizar la competencia. Pas\u00f3 a correr plenamente en la <strong>IRL<\/strong> reci\u00e9n en <strong>2003<\/strong> con el equipo <strong>Andretti <\/strong>y tuvo su mejor momento al a\u00f1o siguiente, al ganar el t\u00edtulo de campe\u00f3n completando todas las carreras de la temporada.<\/p>\n\n\n\n<p class=\"wp-block-paragraph\"><strong><strong>\u00a1Conoce el canal de Grande Pr\u00eamio en Espa\u00f1ol en\u00a0<a href=\"https:\/\/www.youtube.com\/channel\/UCDxWojGVUi9gWYhrY0pGbIQ\" target=\"_blank\" rel=\"noreferrer noopener\">YouTube<\/a>!<br>\u00a1Sigue a\u00a0Grande Pr\u00eamio en Espa\u00f1ol\u00a0en\u00a0<a href=\"https:\/\/twitter.com\/grandepremioES\" target=\"_blank\" rel=\"noreferrer noopener\">Twitter\u00a0<\/a>y en\u00a0<a href=\"https:\/\/www.instagram.com\/grandepremioes\/\" target=\"_blank\" rel=\"noreferrer noopener\">Instagram<\/a>!<\/strong><\/strong><\/p>\n\n\n\n<figure class=\"wp-block-image size-large\"><img decoding=\"async\" src=\"https:\/\/www.grandepremio.com\/br\/wp-content\/uploads\/2022\/10\/Tony-Kanaan-PPG-Presents-Armed-Forces-Qualifying-By_-Aaron-Skillman_Large-Image-Without-Watermark_m58756-1024x683.jpg\" alt=\"\" class=\"wp-image-628883\"\/><figcaption class=\"wp-element-caption\">Tony Kanaan se retirar\u00e1 de la IndyCar en 2023 (Foto: Indycar)<\/figcaption><\/figure>\n\n\n\n<p class=\"wp-block-paragraph\">La victoria en las <strong>Indy 500<\/strong> sin embargo, no lleg\u00f3 hasta 2013. Ya fuera de Andretti y compitiendo para <strong>KV<\/strong>, gan\u00f3 una carrera marcada por 68 cambios de liderato y 14 l\u00edderes diferentes, r\u00e9cord de la prueba hasta hoy en d\u00eda. En los \u00faltimos a\u00f1os, Kanaan corri\u00f3 la Indy 500 para <strong>Ganassi<\/strong> y en 2021, termin\u00f3 en la 10\u00aa posici\u00f3n mientras que en la edici\u00f3n 2022 finaliz\u00f3 tercero.<\/p>\n\n\n\n<p class=\"wp-block-paragraph\">Uniendo los periodos de CART, IRL e Indycar Series, Kanaan <strong>totaliz\u00f3 389 carreras<\/strong>, <strong>17 victorias<\/strong>, <strong>14 poles<\/strong> y <strong>79 podios<\/strong>. Pas\u00f3 por los equipos Tasman, Forsythe, Mo Nunn, Andretti, KV, Ganassi, Foyt y McLaren.<\/p>\n","protected":false},"excerpt":{"rendered":"<p>A sus 48 a\u00f1os, Tony Kanaan anunci\u00f3 que dejar\u00e1 la IndyCar despu\u00e9s de las 500 Millas de Indian\u00e1polis de esta temporada. El brasile\u00f1o intentar\u00e1 ir por su segunda victoria, esta vez a bordo de un McLaren.<\/p>\n","protected":false},"author":0,"featured_media":1010121562,"comment_status":"closed","ping_status":"closed","sticky":false,"template":"","format":"standard","meta":{"42wp_featured_image_caption":"","42wp_featured_image_credits":"","42wp_featured_video":"","42wp_featured_image_hidden":false,"42wp_authors_list":[],"footnotes":""},"categories":[7],"tags":[598,597,987,1488,2237,925,599,310,269,1326],"42wp_author":[14235],"class_list":["post-20225","post","type-post","status-publish","format-standard","has-post-thumbnail","hentry","category-indy","tag-500-millas-de-indianapolis","tag-andretti","tag-ganassi","tag-grande-premio","tag-grandepremio","tag-indy","tag-indy500","tag-indycar","tag-mclaren","tag-tony-kanaan","42wp_author-barbara-mincioni"],"_links":{"self":[{"href":"https:\/\/grandepremio.com\/es\/wp-json\/wp\/v2\/posts\/20225","targetHints":{"allow":["GET"]}}],"collection":[{"href":"https:\/\/grandepremio.com\/es\/wp-json\/wp\/v2\/posts"}],"about":[{"href":"https:\/\/grandepremio.com\/es\/wp-json\/wp\/v2\/types\/post"}],"replies":[{"embeddable":true,"href":"https:\/\/grandepremio.com\/es\/wp-json\/wp\/v2\/comments?post=20225"}],"version-history":[{"count":0,"href":"https:\/\/grandepremio.com\/es\/wp-json\/wp\/v2\/posts\/20225\/revisions"}],"wp:featuredmedia":[{"embeddable":true,"href":"https:\/\/grandepremio.com\/es\/wp-json\/wp\/v2\/media\/1010121562"}],"wp:attachment":[{"href":"https:\/\/grandepremio.com\/es\/wp-json\/wp\/v2\/media?parent=20225"}],"wp:term":[{"taxonomy":"category","embeddable":true,"href":"https:\/\/grandepremio.com\/es\/wp-json\/wp\/v2\/categories?post=20225"},{"taxonomy":"post_tag","embeddable":true,"href":"https:\/\/grandepremio.com\/es\/wp-json\/wp\/v2\/tags?post=20225"},{"taxonomy":"42wp_author","embeddable":true,"href":"https:\/\/grandepremio.com\/es\/wp-json\/wp\/v2\/42wp_author?post=20225"}],"curies":[{"name":"wp","href":"https:\/\/api.w.org\/{rel}","templated":true}]}}