{"id":20231,"date":"2023-02-15T08:49:00","date_gmt":"2023-02-15T11:49:00","guid":{"rendered":"https:\/\/grandepremio.com\/es\/2023\/02\/15\/george-russell-w14-agresivo-formula-1-2023\/"},"modified":"2023-02-15T09:13:10","modified_gmt":"2023-02-15T12:13:10","slug":"george-russell-w14-agresivo-formula-1-2023","status":"publish","type":"post","link":"https:\/\/grandepremio.com\/es\/f1\/george-russell-w14-agresivo-formula-1-2023\/","title":{"rendered":"Russell afirma que el nuevo auto de Mercedes es  &#8220;osado, agresivo y se destaca&#8221; en la F1"},"content":{"rendered":"\n<p class=\"wp-block-paragraph\"><a href=\"https:\/\/grandepremio.com\/es\/\/f1\/mercedes-presentacion-w14-formula-1-2023\/\" target=\"_blank\" rel=\"noreferrer noopener\"><strong>Mercedes<\/strong> present\u00f3 este mi\u00e9rcoles el <strong>W14<\/strong><\/a>, el coche con el que competir\u00e1 en la <strong>F\u00f3rmula 1 2023.<\/strong> De vuelta al color negro despu\u00e9s de un a\u00f1o con el plateado, la f\u00e1brica alemana lanz\u00f3 el monoplaza con el que espera volver a luchar por el t\u00edtulo. Todav\u00eda falta tiempo para saber si realmente ocurrir\u00e1, pero al menos, la nueva m\u00e1quina impresion\u00f3 a <strong>George Russell.<\/strong><\/p>\n\n\n\n<p class=\"wp-block-paragraph\">El piloto brit\u00e1nico, <a href=\"https:\/\/grandepremio.com\/es\/\/f1\/george-russell-victoria-sao-paulo-formula-1\/\" target=\"_blank\" rel=\"noreferrer noopener\">que conquist\u00f3 la \u00fanica victoria del equipo en 2022<\/a>, llen\u00f3 de elogios el W14. Seg\u00fan \u00e9l, ya desde el punto de vista visual se puede afirmar que el coche se destaca en la parrilla. Queda por ver si el rendimiento va en la misma direcci\u00f3n.<\/p>\n\n\n\n<p class=\"wp-block-paragraph\">&#8220;Ha sido un largo invierno, y hay mucha ansiedad por ver si el W14 est\u00e1 a la altura de nuestras expectativas. Estoy emocionado, y aunque se habla mucho a estas alturas de la temporada, ahora tenemos que ver c\u00f3mo rendimos cuando el coche salga a la pista&#8221;, asegur\u00f3.<\/p>\n\n\n\n<p class=\"wp-block-paragraph\"><strong><strong>\u00a1Conoce el canal de Grande Pr\u00eamio en Espa\u00f1ol en\u00a0<a href=\"https:\/\/www.youtube.com\/channel\/UCDxWojGVUi9gWYhrY0pGbIQ\" target=\"_blank\" rel=\"noreferrer noopener\">YouTube<\/a>!<br>\u00a1Sigue a\u00a0Grande Pr\u00eamio en Espa\u00f1ol\u00a0en\u00a0<a href=\"https:\/\/twitter.com\/grandepremioES\" target=\"_blank\" rel=\"noreferrer noopener\">Twitter\u00a0<\/a>y en\u00a0<a href=\"https:\/\/www.instagram.com\/grandepremioes\/\" target=\"_blank\" rel=\"noreferrer noopener\">Instagram<\/a>!<\/strong><\/strong><\/p>\n\n\n\n<figure class=\"wp-block-image size-large\"><img decoding=\"async\" src=\"https:\/\/www.grandepremio.com\/br\/wp-content\/uploads\/2023\/02\/M350384-682x1024.jpg\" alt=\"\" class=\"wp-image-652376\"\/><figcaption class=\"wp-element-caption\">George Russell elogi\u00f3 el dise\u00f1o del W14. (Foto: Mercedes)<\/figcaption><\/figure>\n\n\n\n<p class=\"wp-block-paragraph\">&#8220;Estamos aqu\u00ed para ganar. Hemos trabajado muy duro en este auto. Al igual que nosotros, la gente que trabaja a diario en la f\u00e1brica no quiere que se repita <a href=\"https:\/\/grandepremio.com\/es\/\/f1\/retrospectiva-2022-mercedes-cerrada-racha-titulos-coche-mierda\/\" target=\"_blank\" rel=\"noreferrer noopener\">lo del a\u00f1o pasado<\/a>&#8220;, sigui\u00f3.<\/p>\n\n\n\n<p class=\"wp-block-paragraph\">&#8220;Me impresion\u00f3 mucho la forma en que el equipo evolucion\u00f3 el monoplaza durante la pasada temporada. Hemos tenido un buen impulso a nuestro favor desde finales de a\u00f1o, y ahora estamos entusiasmados con los avances. Y est\u00e9ticamente, \u00a1el coche es genial! Es atrevido, agresivo y se destaca&#8221;, finaliz\u00f3 Russell.<\/p>\n\n\n\n<p class=\"wp-block-paragraph\">Mercedes fue el noveno de los diez equipos que han presentado el coche para 2023. S\u00f3lo <strong>Alpine<\/strong> resta para completar los lanzamientos,<a href=\"https:\/\/grandepremio.com\/es\/\/f1\/alpine-shakedown-secreto-silverstone-a523\/\" target=\"_blank\" rel=\"noreferrer noopener\"> aunque ya realiz\u00f3 un shakedown<\/a> y mostrar\u00e1 al mundo el <strong>A523<\/strong> este jueves. La semana que viene, entre el 23 y el 25 de febrero, la F1 saldr\u00e1 a la pista para las pruebas de pretemporada en <strong>Bahrein<\/strong>.<\/p>\n","protected":false},"excerpt":{"rendered":"<p>George Russell se deshizo en elogios hacia el nuevo auto de Mercedes en la F\u00f3rmula 1. El W14, presentado con un tono negro predominante en su carrocer\u00eda, tiene varios cambios en relaci\u00f3n a su predecesor, el W13.  <\/p>\n","protected":false},"author":0,"featured_media":1010121495,"comment_status":"closed","ping_status":"closed","sticky":false,"template":"","format":"standard","meta":{"42wp_featured_image_caption":"","42wp_featured_image_credits":"","42wp_featured_video":"","42wp_featured_image_hidden":false,"42wp_authors_list":[],"footnotes":""},"categories":[5],"tags":[181,1676,179,2534,253,1488,3438,2237,199,197,4561,569,3270],"42wp_author":[14223],"class_list":["post-20231","post","type-post","status-publish","format-standard","has-post-thumbnail","hentry","category-f1","tag-f1","tag-f1-2023","tag-formula-1","tag-formula-1-2023","tag-george-russell","tag-grande-premio","tag-grande-premio-en-espanol","tag-grandepremio","tag-lewis-hamilton","tag-mercedes","tag-mercedes-w14","tag-toto-wolff","tag-w14","42wp_author-esteban-nieto"],"_links":{"self":[{"href":"https:\/\/grandepremio.com\/es\/wp-json\/wp\/v2\/posts\/20231","targetHints":{"allow":["GET"]}}],"collection":[{"href":"https:\/\/grandepremio.com\/es\/wp-json\/wp\/v2\/posts"}],"about":[{"href":"https:\/\/grandepremio.com\/es\/wp-json\/wp\/v2\/types\/post"}],"replies":[{"embeddable":true,"href":"https:\/\/grandepremio.com\/es\/wp-json\/wp\/v2\/comments?post=20231"}],"version-history":[{"count":0,"href":"https:\/\/grandepremio.com\/es\/wp-json\/wp\/v2\/posts\/20231\/revisions"}],"wp:featuredmedia":[{"embeddable":true,"href":"https:\/\/grandepremio.com\/es\/wp-json\/wp\/v2\/media\/1010121495"}],"wp:attachment":[{"href":"https:\/\/grandepremio.com\/es\/wp-json\/wp\/v2\/media?parent=20231"}],"wp:term":[{"taxonomy":"category","embeddable":true,"href":"https:\/\/grandepremio.com\/es\/wp-json\/wp\/v2\/categories?post=20231"},{"taxonomy":"post_tag","embeddable":true,"href":"https:\/\/grandepremio.com\/es\/wp-json\/wp\/v2\/tags?post=20231"},{"taxonomy":"42wp_author","embeddable":true,"href":"https:\/\/grandepremio.com\/es\/wp-json\/wp\/v2\/42wp_author?post=20231"}],"curies":[{"name":"wp","href":"https:\/\/api.w.org\/{rel}","templated":true}]}}