{"id":20250,"date":"2023-02-13T14:30:43","date_gmt":"2023-02-13T17:30:43","guid":{"rendered":"https:\/\/grandepremio.com\/es\/2023\/02\/13\/formula-1-domenicalli-andretti-esta-forzando\/"},"modified":"2023-02-13T14:30:46","modified_gmt":"2023-02-13T17:30:46","slug":"formula-1-domenicalli-andretti-esta-forzando","status":"publish","type":"post","link":"https:\/\/grandepremio.com\/es\/f1\/formula-1-domenicalli-andretti-esta-forzando\/","title":{"rendered":"Domenicali cree que Andretti est\u00e1 &#8220;forzando el proceso&#8221; para entrar a la F1"},"content":{"rendered":"\n<p class=\"wp-block-paragraph\">La novela sobre la entrada de<strong> Andretti<\/strong> en la <strong>F\u00f3rmula 1<\/strong> tuvo nuevos cap\u00edtulos esta semana y el \u00faltimo en hablar al respecto fue <strong>Stefano Domenicali<\/strong>,<strong> Director de la categor\u00eda<\/strong>. Consciente de las intenciones de la escuder\u00eda estadounidense <a href=\"https:\/\/grandepremio.com\/es\/\/f1\/mclaren-zak-brown-propuesta-convincente-andretti-1\/\">por ingresar a la F1<\/a>, el italiano admiti\u00f3 haberse sentido molesto por las declaraciones de<strong> Michael Andretti<\/strong>, que acus\u00f3 a los <a href=\"https:\/\/grandepremio.com\/es\/\/f1\/por-que-equipos-formula-1-resisten-entrada-andretti\/\">otros equipos de truncar sus chances<\/a> de entrar por codicia.<\/p>\n\n\n\n<p class=\"wp-block-paragraph\">&#8220;Esas declaraciones se utilizaron de forma malintencionada&#8221;, expres\u00f3 <a href=\"https:\/\/grandepremio.com\/es\/\/f1\/domenicali-piloto-eeuu-formula-1\/\">Domenicali<\/a>. &#8220;Tenemos que respetar a todo el mundo. Algunas escuder\u00edas como la de <strong>Mario y Michael Andretti<\/strong> son muy expl\u00edcitas sobre sus intenciones de entrar a la <strong>F1<\/strong>. Pero desde mi punto de vista no fueron inteligentes al decir que los equipos son codiciosos <strong>cuando s\u00f3lo se est\u00e1n protegiendo<\/strong>. Pero es mi opini\u00f3n&#8221;, subray\u00f3.<\/p>\n\n\n\n<p class=\"wp-block-paragraph\"><strong><strong>\u00a1Conoce el canal de Grande Pr\u00eamio en Espa\u00f1ol en&nbsp;<a href=\"https:\/\/www.youtube.com\/channel\/UCDxWojGVUi9gWYhrY0pGbIQ\" target=\"_blank\" rel=\"noreferrer noopener\">YouTube<\/a>!<br>\u00a1Sigue a&nbsp;Grande Pr\u00eamio en Espa\u00f1ol&nbsp;en&nbsp;<a href=\"https:\/\/twitter.com\/grandepremioES\" target=\"_blank\" rel=\"noreferrer noopener\">Twitter&nbsp;<\/a>y en&nbsp;<a href=\"https:\/\/www.instagram.com\/grandepremioes\/\" target=\"_blank\" rel=\"noreferrer noopener\">Instagram<\/a>!<\/strong><\/strong><\/p>\n\n\n\n<figure class=\"wp-block-image size-large\"><img decoding=\"async\" src=\"https:\/\/www.grandepremio.com\/br\/wp-content\/uploads\/2022\/07\/Michael-Andretti-Indianapolis-500-Open-Test-By_-Joe-Skibinski_Large-Image-Without-Watermark_m54001-1024x683.jpg\" alt=\"\" class=\"wp-image-593181\"\/><figcaption class=\"wp-element-caption\">Michael Andretti quiere entrar a la F1, pero enfrenta la resistencia de buena parte de los equipos. (Foto: IndyCar)<\/figcaption><\/figure>\n\n\n\n<p class=\"wp-block-paragraph\">La situaci\u00f3n fue puesta el tela de juicio por <strong><a href=\"https:\/\/grandepremio.com\/es\/\/?s=christian+horner\">Christian Horner<\/a><\/strong> y <strong><a href=\"https:\/\/grandepremio.com\/es\/\/?s=Guenther+Steiner\">Guenther Steiner<\/a><\/strong>, Directores en <strong>Red Bull<\/strong> y <strong>Haas<\/strong> respectivamente. Tanto el brit\u00e1nico como el italiano han dejado claro que no apoyan la llegada de <strong>Andretti<\/strong> a la parrilla. <strong>Domenicali<\/strong> por su parte, asegur\u00f3 que exigir\u00e1 el cumplimiento del proceso de ingreso de forma correcta y acus\u00f3 al equipo estadounidense de <strong>&#8220;forzar el proceso&#8221;<\/strong>.<\/p>\n\n\n\n<p class=\"wp-block-paragraph\">&#8220;Hay otros que hacen menos ruido y<a href=\"https:\/\/grandepremio.com\/es\/\/f1\/fia-inscripciones-equipos-f1-2025\/\"> les gustar\u00eda entrar en la <strong>F1<\/strong><\/a>&#8220;, sostuvo. &#8220;As\u00ed que hay un proceso que respetar, y nos aseguraremos con la <strong>FIA<\/strong> de que se respete&#8221;, asegur\u00f3.<\/p>\n\n\n\n<figure class=\"wp-block-image size-large\"><img decoding=\"async\" src=\"https:\/\/www.grandepremio.com\/br\/wp-content\/uploads\/2020\/05\/000_32H46FJ-1024x683.jpg\" alt=\"\" class=\"wp-image-606901\"\/><figcaption class=\"wp-element-caption\">Domenicali dispar\u00f3 cr\u00edticas hacia la familia Andretti (Foto: Kenzo Tribouillard\/AFP)<\/figcaption><\/figure>\n\n\n\n<p class=\"wp-block-paragraph\">&#8220;No tenemos por qu\u00e9 reaccionar de forma exagerada s\u00f3lo porque est\u00e1n forzando el proceso&#8221;, replic\u00f3. &#8220;Tenemos que tomar medidas, porque creo que hoy lo m\u00e1s importante es proteger el crecimiento del deporte y la sostenibilidad de los equipos que invirtieron en la F1 en la \u00e9poca en que las cosas eran diferentes&#8221;, subray\u00f3.<\/p>\n\n\n\n<p class=\"wp-block-paragraph\">Consultado sobre si la F1 aceptar\u00eda un und\u00e9cimo equipo, <strong>Domenicali<\/strong> dijo que &#8220;si se dan todos los elementos, ser\u00e1 bienvenido&#8221;. Sin embargo, argument\u00f3 que los equipos actuales necesitan cierta protecci\u00f3n ya que han invertido en el deporte en un momento menos ventajoso.<\/p>\n\n\n\n<p class=\"wp-block-paragraph\">&#8220;El valor de esa inversi\u00f3n desde un punto de vista puramente comercial es hoy muy diferente del que ten\u00eda hace unos a\u00f1os&#8221;, valor\u00f3 el CEO de la F1. &#8220;As\u00ed que creo que <a href=\"https:\/\/grandepremio.com\/es\/\/f1\/fia-nuevos-equipos-f1-andretti\/\">el proceso ser\u00e1 de forma seria y correcta<\/a>. Nadie puede hacerlo con la ansiedad de tomar la decisi\u00f3n correcta s\u00f3lo porque uno se hace notar y otros no tanto&#8221;, cerr\u00f3.<\/p>\n","protected":false},"excerpt":{"rendered":"<p>El Director general de la F\u00f3rmula 1 Stefano Domenicali neg\u00f3 la antipat\u00eda de la categor\u00eda hacia Andretti. Pidi\u00f3 &#8220;respeto por el proceso&#8221; y acus\u00f3 al equipo de intentar forzar su entrada a la m\u00e1xima.<\/p>\n","protected":false},"author":0,"featured_media":1010121045,"comment_status":"closed","ping_status":"closed","sticky":false,"template":"","format":"standard","meta":{"42wp_featured_image_caption":"","42wp_featured_image_credits":"","42wp_featured_video":"","42wp_featured_image_hidden":false,"42wp_authors_list":[],"footnotes":""},"categories":[5],"tags":[597,1998,181,1680,414,918,920,206,789],"42wp_author":[14235],"class_list":["post-20250","post","type-post","status-publish","format-standard","has-post-thumbnail","hentry","category-f1","tag-andretti","tag-domenicali","tag-f1","tag-f1-2026","tag-haas","tag-mario-andretti","tag-michael-andretti","tag-red-bull","tag-stefano-domenicali","42wp_author-barbara-mincioni"],"_links":{"self":[{"href":"https:\/\/grandepremio.com\/es\/wp-json\/wp\/v2\/posts\/20250","targetHints":{"allow":["GET"]}}],"collection":[{"href":"https:\/\/grandepremio.com\/es\/wp-json\/wp\/v2\/posts"}],"about":[{"href":"https:\/\/grandepremio.com\/es\/wp-json\/wp\/v2\/types\/post"}],"replies":[{"embeddable":true,"href":"https:\/\/grandepremio.com\/es\/wp-json\/wp\/v2\/comments?post=20250"}],"version-history":[{"count":0,"href":"https:\/\/grandepremio.com\/es\/wp-json\/wp\/v2\/posts\/20250\/revisions"}],"wp:featuredmedia":[{"embeddable":true,"href":"https:\/\/grandepremio.com\/es\/wp-json\/wp\/v2\/media\/1010121045"}],"wp:attachment":[{"href":"https:\/\/grandepremio.com\/es\/wp-json\/wp\/v2\/media?parent=20250"}],"wp:term":[{"taxonomy":"category","embeddable":true,"href":"https:\/\/grandepremio.com\/es\/wp-json\/wp\/v2\/categories?post=20250"},{"taxonomy":"post_tag","embeddable":true,"href":"https:\/\/grandepremio.com\/es\/wp-json\/wp\/v2\/tags?post=20250"},{"taxonomy":"42wp_author","embeddable":true,"href":"https:\/\/grandepremio.com\/es\/wp-json\/wp\/v2\/42wp_author?post=20250"}],"curies":[{"name":"wp","href":"https:\/\/api.w.org\/{rel}","templated":true}]}}