{"id":20265,"date":"2023-02-11T12:52:23","date_gmt":"2023-02-11T15:52:23","guid":{"rendered":"https:\/\/grandepremio.com\/es\/2023\/02\/11\/fernando-alonso-alaba-habilidades-lance-stroll\/"},"modified":"2023-02-11T13:03:30","modified_gmt":"2023-02-11T16:03:30","slug":"fernando-alonso-alaba-habilidades-lance-stroll","status":"publish","type":"post","link":"https:\/\/grandepremio.com\/es\/f1\/fernando-alonso-alaba-habilidades-lance-stroll\/","title":{"rendered":"Alonso alaba las habilidades de Stroll y avisa: \u201cPuede ser campe\u00f3n del mundo\u201d"},"content":{"rendered":"\n<p class=\"wp-block-paragraph\"><strong>Fernando Alonso<\/strong> firm\u00f3 un contrato multianual con <strong>Aston Martin<\/strong> y ya tiene nueva casa para la temporada 2023 de <a href=\"https:\/\/grandepremio.com\/es\/\/f1\/\" target=\"_blank\" rel=\"noreferrer noopener\">F\u00f3rmula 1<\/a>. El espa\u00f1ol apuesta por que la escuder\u00eda brit\u00e1nica sea capaz de llevarle al tan so\u00f1ado tercer campeonato del mundo y, por ello, trat\u00f3 de elogiar al equipo y a su a menudo criticado compa\u00f1ero <strong>Lance Stroll<\/strong>.<\/p>\n\n\n\n<p class=\"wp-block-paragraph\"><strong>Stroll <\/strong>lleg\u00f3 a la<strong> F\u00f3rmula 1 <\/strong>en 2017 defendiendo a <strong>Williams<\/strong>, pero uno de los factores m\u00e1s importantes de ese fichaje tuvo que ver con el dinero que su padre <strong>Lawrence <\/strong>puso en la escuder\u00eda nueve veces campeona de constructores.<\/p>\n\n\n\n<p class=\"wp-block-paragraph\"><strong><strong>\u00a1Conoce el canal de Grande Pr\u00eamio en Espa\u00f1ol en\u00a0<a href=\"https:\/\/www.youtube.com\/channel\/UCDxWojGVUi9gWYhrY0pGbIQ\" target=\"_blank\" rel=\"noreferrer noopener\">YouTube<\/a>!<br>\u00a1Sigue a\u00a0Grande Pr\u00eamio en Espa\u00f1ol\u00a0en\u00a0<a href=\"https:\/\/twitter.com\/grandepremioES\" target=\"_blank\" rel=\"noreferrer noopener\">Twitter\u00a0<\/a>y en\u00a0<a href=\"https:\/\/www.instagram.com\/grandepremioes\/\" target=\"_blank\" rel=\"noreferrer noopener\">Instagram<\/a>!<\/strong><\/strong><\/p>\n\n\n\n<figure class=\"wp-block-image size-large\"><img decoding=\"async\" src=\"https:\/\/www.grandepremio.com\/br\/wp-content\/uploads\/2022\/11\/IMG_2793-1024x683.jpg\" alt=\"\" class=\"wp-image-631372\"\/><figcaption class=\"wp-element-caption\">Lance Stroll ser\u00e1 compa\u00f1ero de equipo de Fernando Alonso (Foto: Rodrigo Berton\/Grande Pr\u00eamio)<\/figcaption><\/figure>\n\n\n\n<p class=\"wp-block-paragraph\">Desde entonces, los resultados m\u00e1s significativos de la carrera de <strong>Lance <\/strong>han sido tres podios y una pole position en el <strong>GP de Turqu\u00eda 2020<\/strong>. Sin embargo, el piloto es inconsistente y comete algunos errores considerados juveniles, lo que le provoc\u00f3 muchas cr\u00edticas.<\/p>\n\n\n\n<p class=\"wp-block-paragraph\">Pero <strong>Alonso <\/strong>ve a su compa\u00f1ero de equipo con otros ojos. Conoci\u00e9ndole desde hace tiempo, el bicampe\u00f3n cree que el canadiense tiene potencial para convertirse en campe\u00f3n del mundo.<\/p>\n\n\n\n<p class=\"wp-block-paragraph\">&#8220;En <strong>Lance <\/strong>el equipo tiene un piloto superjoven, supertalentoso y con posibilidades de ser campe\u00f3n del mundo. Verle conseguirlo y haber participado en ello, al volante o no, ser\u00e1 especial para m\u00ed&#8221;, dijo el asturiano.<\/p>\n\n\n\n<p class=\"wp-block-paragraph\">Al ser preguntado por su propio equipo sobre lo infravalorado que est\u00e1 <strong>Stroll<\/strong>, <strong>Alonso <\/strong>quiso ensalzar algunos de los logros de su nuevo compa\u00f1ero de equipo. Entre ellos, record\u00f3 su exhibici\u00f3n en el lluvioso <strong>GP de Turqu\u00eda de 2020<\/strong>.<\/p>\n\n\n\n<p class=\"wp-block-paragraph\">&#8220;Recuerdo la pole de <strong>Lance <\/strong>en <strong>Turqu\u00eda <\/strong>y algunas de sus otras excelentes actuaciones en mojado. Para rendir a ese nivel en condiciones dif\u00edciles hay que tener un feeling especial con el coche&#8221;, elogi\u00f3.<\/p>\n\n\n\n<p class=\"wp-block-paragraph\"><strong>Fernando <\/strong>tambi\u00e9n habl\u00f3 de sus ambiciones con <strong>Aston Martin.<\/strong> El bicampe\u00f3n neg\u00f3 cualquier prisa para que el equipo empiece a ganar y dijo que el objetivo es seguir evolucionando con cada carrera.<\/p>\n\n\n\n<p class=\"wp-block-paragraph\">&#8220;Utilizar\u00e9 toda mi experiencia y todos mis conocimientos para ayudar al equipo a acortar el tiempo necesario para ser campeones del mundo. \u00bfEstar\u00e9 al volante cuando llegue el momento? Nadie lo sabe. Es imposible predecirlo. Pero lo que es seguro es que dar\u00e9 lo mejor de m\u00ed&#8221;, concluy\u00f3 <strong>Alonso<\/strong>.<\/p>\n\n\n\n<p class=\"wp-block-paragraph\">La presentaci\u00f3n del coche <strong>Aston Martin<\/strong> para la temporada 2023 de <strong>F\u00f3rmula 1<\/strong> est\u00e1 prevista para el 13 de noviembre. Si el coche ser\u00e1 lo suficientemente bueno como para luchar por victorias s\u00f3lo se sabr\u00e1 a partir del 23 de febrero, cuando comiencen las pruebas de pretemporada en <strong>Bahr\u00e9in<\/strong>.<\/p>\n","protected":false},"excerpt":{"rendered":"<p>Fernando Alonso defendi\u00f3 a Lance Stroll, su compa\u00f1ero de equipo en Aston Martin, y asegur\u00f3 que el piloto canadiense ser\u00eda capaz de luchar por el t\u00edtulo si tiene un coche competitivo en sus manos<\/p>\n","protected":false},"author":0,"featured_media":1010120101,"comment_status":"closed","ping_status":"closed","sticky":false,"template":"","format":"standard","meta":{"42wp_featured_image_caption":"","42wp_featured_image_credits":"","42wp_featured_video":"","42wp_featured_image_hidden":false,"42wp_authors_list":[],"footnotes":""},"categories":[5],"tags":[209,3380,181,1676,184,179,2534,2236,3438,2237,359],"42wp_author":[14233],"class_list":["post-20265","post","type-post","status-publish","format-standard","has-post-thumbnail","hentry","category-f1","tag-aston-martin","tag-campeon","tag-f1","tag-f1-2023","tag-fernando-alonso","tag-formula-1","tag-formula-1-2023","tag-grande-premio-2","tag-grande-premio-en-espanol","tag-grandepremio","tag-lance-stroll","42wp_author-eric-calduch"],"_links":{"self":[{"href":"https:\/\/grandepremio.com\/es\/wp-json\/wp\/v2\/posts\/20265","targetHints":{"allow":["GET"]}}],"collection":[{"href":"https:\/\/grandepremio.com\/es\/wp-json\/wp\/v2\/posts"}],"about":[{"href":"https:\/\/grandepremio.com\/es\/wp-json\/wp\/v2\/types\/post"}],"replies":[{"embeddable":true,"href":"https:\/\/grandepremio.com\/es\/wp-json\/wp\/v2\/comments?post=20265"}],"version-history":[{"count":0,"href":"https:\/\/grandepremio.com\/es\/wp-json\/wp\/v2\/posts\/20265\/revisions"}],"wp:featuredmedia":[{"embeddable":true,"href":"https:\/\/grandepremio.com\/es\/wp-json\/wp\/v2\/media\/1010120101"}],"wp:attachment":[{"href":"https:\/\/grandepremio.com\/es\/wp-json\/wp\/v2\/media?parent=20265"}],"wp:term":[{"taxonomy":"category","embeddable":true,"href":"https:\/\/grandepremio.com\/es\/wp-json\/wp\/v2\/categories?post=20265"},{"taxonomy":"post_tag","embeddable":true,"href":"https:\/\/grandepremio.com\/es\/wp-json\/wp\/v2\/tags?post=20265"},{"taxonomy":"42wp_author","embeddable":true,"href":"https:\/\/grandepremio.com\/es\/wp-json\/wp\/v2\/42wp_author?post=20265"}],"curies":[{"name":"wp","href":"https:\/\/api.w.org\/{rel}","templated":true}]}}