{"id":20280,"date":"2023-02-09T13:48:27","date_gmt":"2023-02-09T16:48:27","guid":{"rendered":"https:\/\/grandepremio.com\/es\/2023\/02\/09\/formula-1-bottas-en-su-mejor-momento\/"},"modified":"2023-02-09T13:48:30","modified_gmt":"2023-02-09T16:48:30","slug":"formula-1-bottas-en-su-mejor-momento","status":"publish","type":"post","link":"https:\/\/grandepremio.com\/es\/f1\/formula-1-bottas-en-su-mejor-momento\/","title":{"rendered":"Bottas apunta a un podio en F1 y se siente en el mejor momento de su carrera"},"content":{"rendered":"\n<p class=\"wp-block-paragraph\"><strong>Valtteri Bottas<\/strong> afronta su segundo a\u00f1o como piloto de <strong>Alfa Romeo<\/strong>. En 2022, el finland\u00e9s tuvo una temporada marcada por un gran comienzo y un baj\u00f3n de rendimiento hacia el final, pero a\u00fan as\u00ed finaliz\u00f3 entre los primeros 10 del campeonato de <strong>F\u00f3rmula 1<\/strong>, con 49 puntos.<\/p>\n\n\n\n<p class=\"wp-block-paragraph\">En la <a href=\"https:\/\/grandepremio.com\/es\/\/f1\/alfa-romeo-lanzamiento-c43-formula-1-2023\/\">presentaci\u00f3n del <strong>C43<\/strong><\/a>, el auto de Alfa Romeo para la temporada 2023, <strong><a href=\"https:\/\/grandepremio.com\/es\/\/?s=valtteri+bottas\">Bottas<\/a><\/strong> ya fij\u00f3 objetivos para el  nuevo campeonato y revel\u00f3 que incluso tiene el sue\u00f1o de subir al podio, algo que el equipo de Hinwil <strong>no consigue desde 2012<\/strong>, con <strong>Kamui Kobayashi<\/strong> en el <strong>GP de Jap\u00f3n<\/strong>, a\u00fan bajo la nomenclatura de <strong>Sauber<\/strong>.<\/p>\n\n\n\n<p class=\"wp-block-paragraph\">&#8220;El objetivo de esta temporada es terminar m\u00e1s arriba que el a\u00f1o pasado y ser m\u00e1s regulares. El a\u00f1o pasado tuvimos muchos altibajos. Sue\u00f1o en secreto con un podio. As\u00ed que ya veremos&#8221;, dijo <strong>Bottas<\/strong>, que ha logrado 67 podios en la <strong>F\u00f3rmula 1<\/strong>. El m\u00e1s reciente fue en el <strong>GP de Arabia Saudita<\/strong> de 2021 cuando estaba en el equipo Mercedes.<\/p>\n\n\n\n<p class=\"wp-block-paragraph\"><strong><strong>\u00a1Conoce el canal de Grande Pr\u00eamio en Espa\u00f1ol en\u00a0<a href=\"https:\/\/www.youtube.com\/channel\/UCDxWojGVUi9gWYhrY0pGbIQ\" target=\"_blank\" rel=\"noreferrer noopener\">YouTube<\/a>!<br>\u00a1Sigue a\u00a0Grande Pr\u00eamio en Espa\u00f1ol\u00a0en\u00a0<a href=\"https:\/\/twitter.com\/grandepremioES\" target=\"_blank\" rel=\"noreferrer noopener\">Twitter\u00a0<\/a>y en\u00a0<a href=\"https:\/\/www.instagram.com\/grandepremioes\/\" target=\"_blank\" rel=\"noreferrer noopener\">Instagram<\/a>!<\/strong><\/strong><\/p>\n\n\n\n<figure class=\"wp-block-image size-large\"><img decoding=\"async\" src=\"https:\/\/www.grandepremio.com\/br\/wp-content\/uploads\/2022\/11\/valtteribottas-2-1024x683.jpg\" alt=\"\" class=\"wp-image-633573\"\/><figcaption class=\"wp-element-caption\">Bottas encara su segundo a\u00f1o como piloto titular en Alfa Romeo (Foto: Rodrigo Berton\/Grande Pr\u00eamio)<\/figcaption><\/figure>\n\n\n\n<p class=\"wp-block-paragraph\">A sus 33 a\u00f1os, <strong>Bottas<\/strong> es el cuarto piloto m\u00e1s veterano en la F1 por detr\u00e1s de <strong>Fernando Alonso<\/strong>, <strong>Lewis Hamilton<\/strong> y <strong>Nico H\u00fclkenberg<\/strong>. Notable ciclista fuera de las pistas, el finland\u00e9s se ve a s\u00ed mismo en el mejor momento f\u00edsico de su carrera, aprendiendo cosas nuevas cada d\u00eda.<\/p>\n\n\n\n<p class=\"wp-block-paragraph\">&#8220;Me siento bien. F\u00edsicamente, me siento sano. Me siento bien en el coche, no he tenido ning\u00fan s\u00edntoma de baja de rendimiento desde principios de a\u00f1o. De hecho, siento que cada temporada aprendo algo nuevo, y eso me hace m\u00e1s experimentado y mejor. A\u00fan me quedan muchos a\u00f1os, sin duda&#8221;, concluy\u00f3.<\/p>\n\n\n\n<p class=\"wp-block-paragraph\">La temporada 2023 de <strong>F\u00f3rmula 1<\/strong> arranca el <strong>5 de marzo<\/strong> con el <strong>GP de Bahrein<\/strong> en el circuito de <strong>Sakhir<\/strong>.<\/p>\n","protected":false},"excerpt":{"rendered":"<p>Valtteri Bottas, uno de los pilotos m\u00e1s veteranos de la F\u00f3rmula 1 actual, habl\u00f3 sobre su deseo de conseguir un podio con Alfa Romeo en 2023. Tambi\u00e9n habl\u00f3 sobre su estado f\u00edsico. <\/p>\n","protected":false},"author":0,"featured_media":1010119588,"comment_status":"closed","ping_status":"closed","sticky":false,"template":"","format":"standard","meta":{"42wp_featured_image_caption":"","42wp_featured_image_credits":"","42wp_featured_video":"","42wp_featured_image_hidden":false,"42wp_authors_list":[],"footnotes":""},"categories":[5],"tags":[295,5181,517,5172,181,1676,179,197,252],"42wp_author":[14235],"class_list":["post-20280","post","type-post","status-publish","format-standard","has-post-thumbnail","hentry","category-f1","tag-alfa-romeo","tag-alfa-romeo-c43","tag-bottas","tag-c43","tag-f1","tag-f1-2023","tag-formula-1","tag-mercedes","tag-valtteri-bottas","42wp_author-barbara-mincioni"],"_links":{"self":[{"href":"https:\/\/grandepremio.com\/es\/wp-json\/wp\/v2\/posts\/20280","targetHints":{"allow":["GET"]}}],"collection":[{"href":"https:\/\/grandepremio.com\/es\/wp-json\/wp\/v2\/posts"}],"about":[{"href":"https:\/\/grandepremio.com\/es\/wp-json\/wp\/v2\/types\/post"}],"replies":[{"embeddable":true,"href":"https:\/\/grandepremio.com\/es\/wp-json\/wp\/v2\/comments?post=20280"}],"version-history":[{"count":0,"href":"https:\/\/grandepremio.com\/es\/wp-json\/wp\/v2\/posts\/20280\/revisions"}],"wp:featuredmedia":[{"embeddable":true,"href":"https:\/\/grandepremio.com\/es\/wp-json\/wp\/v2\/media\/1010119588"}],"wp:attachment":[{"href":"https:\/\/grandepremio.com\/es\/wp-json\/wp\/v2\/media?parent=20280"}],"wp:term":[{"taxonomy":"category","embeddable":true,"href":"https:\/\/grandepremio.com\/es\/wp-json\/wp\/v2\/categories?post=20280"},{"taxonomy":"post_tag","embeddable":true,"href":"https:\/\/grandepremio.com\/es\/wp-json\/wp\/v2\/tags?post=20280"},{"taxonomy":"42wp_author","embeddable":true,"href":"https:\/\/grandepremio.com\/es\/wp-json\/wp\/v2\/42wp_author?post=20280"}],"curies":[{"name":"wp","href":"https:\/\/api.w.org\/{rel}","templated":true}]}}