{"id":20285,"date":"2023-02-09T08:51:05","date_gmt":"2023-02-09T11:51:05","guid":{"rendered":"https:\/\/grandepremio.com\/es\/2023\/02\/09\/mclaren-aniversario-60-anos-nuevo-coche-mcl60\/"},"modified":"2023-02-10T10:06:13","modified_gmt":"2023-02-10T13:06:13","slug":"mclaren-aniversario-60-anos-nuevo-coche-mcl60","status":"publish","type":"post","link":"https:\/\/grandepremio.com\/es\/f1\/mclaren-aniversario-60-anos-nuevo-coche-mcl60\/","title":{"rendered":"McLaren rinde homenaje a su 60\u00ba aniversario y bautiza su nuevo coche como MCL60"},"content":{"rendered":"\n<p class=\"wp-block-paragraph\"><strong>McLaren <\/strong>ha cambiado la secuencia de los mismos nombres de sus coches y, para 2023, tendr\u00e1 el <strong>MCL60<\/strong>. El anuncio se produjo este mi\u00e9rcoles y es f\u00e1cil de explicar: es el 60\u00ba aniversario de la escuder\u00eda de Woking, una de las m\u00e1s tradicionales del automovilismo mundial.<\/p>\n\n\n\n<p class=\"wp-block-paragraph\">Si se siguiera la l\u00f3gica reciente, <strong>McLaren <\/strong>estar\u00eda a punto de presentar el <strong>MCL37<\/strong>, en una secuencia que comenz\u00f3 en la <a href=\"https:\/\/grandepremio.com\/es\/\/f1\/\" target=\"_blank\" rel=\"noreferrer noopener\">F\u00f3rmula 1<\/a> con el <strong>MP4<\/strong>. Ahora, el equipo reinicia la cuenta con la celebraci\u00f3n del 60\u00ba aniversario.<\/p>\n\n\n\n<p class=\"wp-block-paragraph\"><strong>\u00a1Conoce el canal de Grande Pr\u00eamio en Espa\u00f1ol en&nbsp;<a href=\"https:\/\/www.youtube.com\/channel\/UCDxWojGVUi9gWYhrY0pGbIQ\" target=\"_blank\" rel=\"noreferrer noopener\">YouTube<\/a>!<br>\u00a1Sigue a&nbsp;Grande Pr\u00eamio en Espa\u00f1ol&nbsp;en&nbsp;<a href=\"https:\/\/twitter.com\/grandepremioES\" target=\"_blank\" rel=\"noreferrer noopener\">Twitter&nbsp;<\/a>y en&nbsp;<a href=\"https:\/\/www.instagram.com\/grandepremioes\/\" target=\"_blank\" rel=\"noreferrer noopener\">Instagram<\/a>!<\/strong><\/p>\n\n\n\n<figure class=\"wp-block-image size-large\"><img decoding=\"async\" src=\"https:\/\/www.grandepremio.com\/br\/wp-content\/uploads\/2022\/11\/mclaren-landonorris-01-13-1024x683.jpg\" alt=\"\" class=\"wp-image-635006\"\/><figcaption class=\"wp-element-caption\">Lando Norris es la gran esperanza de McLaren y del nuevo MCL60 (Foto: McLaren)<\/figcaption><\/figure>\n\n\n\n<p class=\"wp-block-paragraph\">El equipo de <strong>Woking<\/strong> ser\u00e1 el s\u00e9ptimo en presentar su coche para 2023. El acto est\u00e1 previsto para el pr\u00f3ximo lunes.<\/p>\n\n\n\n<p class=\"wp-block-paragraph\"><strong>McLaren <\/strong>termin\u00f3 la temporada 2022 en quinta posici\u00f3n en el Campeonato del Mundo de Constructores, por detr\u00e1s de los tres grandes de la parrilla y de <strong>Alpine<\/strong>. Con <strong>Lando Norris<\/strong> pr\u00e1cticamente cargando con el equipo a sus espaldas,<strong> Daniel Ricciardo <\/strong>vio rescindido su contrato antes de tiempo y, para 2023, dejar\u00e1 paso al tambi\u00e9n debutante <strong>Oscar Piastri.<\/strong><\/p>\n","protected":false},"excerpt":{"rendered":"<p>McLaren no lanzar\u00e1 el MCL37 el pr\u00f3ximo lunes. El nuevo coche conmemorar\u00e1 el 60\u00ba aniversario del equipo, por lo que pasar\u00e1 a llamarse MCL60.<\/p>\n","protected":false},"author":0,"featured_media":1010119432,"comment_status":"closed","ping_status":"closed","sticky":false,"template":"","format":"standard","meta":{"42wp_featured_image_caption":"","42wp_featured_image_credits":"","42wp_featured_video":"","42wp_featured_image_hidden":false,"42wp_authors_list":[],"footnotes":""},"categories":[5],"tags":[5579,5578,181,1676,179,2534,2236,3438,2237,268,5559,269,278],"42wp_author":[14233],"class_list":["post-20285","post","type-post","status-publish","format-standard","has-post-thumbnail","hentry","category-f1","tag-60o-aniversario","tag-aniversario","tag-f1","tag-f1-2023","tag-formula-1","tag-formula-1-2023","tag-grande-premio-2","tag-grande-premio-en-espanol","tag-grandepremio","tag-lando-norris","tag-mcl60","tag-mclaren","tag-oscar-piastri","42wp_author-eric-calduch"],"_links":{"self":[{"href":"https:\/\/grandepremio.com\/es\/wp-json\/wp\/v2\/posts\/20285","targetHints":{"allow":["GET"]}}],"collection":[{"href":"https:\/\/grandepremio.com\/es\/wp-json\/wp\/v2\/posts"}],"about":[{"href":"https:\/\/grandepremio.com\/es\/wp-json\/wp\/v2\/types\/post"}],"replies":[{"embeddable":true,"href":"https:\/\/grandepremio.com\/es\/wp-json\/wp\/v2\/comments?post=20285"}],"version-history":[{"count":0,"href":"https:\/\/grandepremio.com\/es\/wp-json\/wp\/v2\/posts\/20285\/revisions"}],"wp:featuredmedia":[{"embeddable":true,"href":"https:\/\/grandepremio.com\/es\/wp-json\/wp\/v2\/media\/1010119432"}],"wp:attachment":[{"href":"https:\/\/grandepremio.com\/es\/wp-json\/wp\/v2\/media?parent=20285"}],"wp:term":[{"taxonomy":"category","embeddable":true,"href":"https:\/\/grandepremio.com\/es\/wp-json\/wp\/v2\/categories?post=20285"},{"taxonomy":"post_tag","embeddable":true,"href":"https:\/\/grandepremio.com\/es\/wp-json\/wp\/v2\/tags?post=20285"},{"taxonomy":"42wp_author","embeddable":true,"href":"https:\/\/grandepremio.com\/es\/wp-json\/wp\/v2\/42wp_author?post=20285"}],"curies":[{"name":"wp","href":"https:\/\/api.w.org\/{rel}","templated":true}]}}