{"id":20306,"date":"2023-02-06T11:09:14","date_gmt":"2023-02-06T14:09:14","guid":{"rendered":"https:\/\/grandepremio.com\/es\/2023\/02\/06\/williams-presentacion-fw45-formula-1\/"},"modified":"2023-02-06T12:51:15","modified_gmt":"2023-02-06T15:51:15","slug":"williams-presentacion-fw45-formula-1","status":"publish","type":"post","link":"https:\/\/grandepremio.com\/es\/f1\/williams-presentacion-fw45-formula-1\/","title":{"rendered":"Williams presenta el monoplaza FW45 para disputar la temporada 2023 de F\u00f3rmula 1"},"content":{"rendered":"\n<p class=\"wp-block-paragraph\"><a href=\"https:\/\/grandepremio.com\/es\/\/f1\/retrospectiva-2022-williams-retrasa-nuevo-reglamento-vuelve-fondo-f1\/\" target=\"_blank\" rel=\"noreferrer noopener\">\u00daltimo equipo en la clasificaci\u00f3n de la pasada temporada de la <strong>F\u00f3rmula 1<\/strong><\/a>, <strong>Williams <\/strong>se convirti\u00f3 en el tercer equipo en develar su auto para competir en 2023. El <strong>FW45<\/strong> se present\u00f3 al mundo este lunes en un evento transmitido por la p\u00e1gina oficial de la escuder\u00eda de <strong>Grove<\/strong>. Este lanzamiento tambi\u00e9n marc\u00f3 la llegada de la petrolera <strong>Gulf<\/strong> como patrocinador del equipo.<\/p>\n\n\n\n<p class=\"wp-block-paragraph\">En su dise\u00f1o, el W45 tiene el predomininio de distintos tonos de azul, una decoraci\u00f3n similar a la que utiliz\u00f3 durante el a\u00f1o pasado. La imagen del nuevo patrocinador principal se encuentra en el sector posterior del veh\u00edculo, en la estructura del aler\u00f3n trasero. <\/p>\n\n\n\n<p class=\"wp-block-paragraph\">&#8220;Mientras Williams contin\u00faa su transici\u00f3n, estamos orgullosos de mostrar la decoraci\u00f3n de este a\u00f1o&#8221;, expresi\u00f3<strong> Matthew Savage,<\/strong> presidente del equipo. &#8220;Estamos entusiasmados con el auto de esta temporada y no puedo agradecer lo suficiente a todo el equipo de Grove su duro trabajo durante la preparaci\u00f3n&#8221;, continu\u00f3.<\/p>\n\n\n\n<p class=\"wp-block-paragraph\"><strong>\u00a1Conoce el canal de Grande Pr\u00eamio en Espa\u00f1ol en\u00a0<a href=\"https:\/\/www.youtube.com\/channel\/UCDxWojGVUi9gWYhrY0pGbIQ\" target=\"_blank\" rel=\"noreferrer noopener\">YouTube<\/a>!<br>\u00a1Sigue a\u00a0Grande Pr\u00eamio en Espa\u00f1ol\u00a0en\u00a0<a href=\"https:\/\/twitter.com\/grandepremioES\" target=\"_blank\" rel=\"noreferrer noopener\">Twitter\u00a0<\/a>y en\u00a0<a href=\"https:\/\/www.instagram.com\/grandepremioes\/\" target=\"_blank\" rel=\"noreferrer noopener\">Instagram<\/a>!<\/strong><\/p>\n\n\n\n<figure class=\"wp-block-image size-large\"><img decoding=\"async\" src=\"https:\/\/grandepremio.com\/es\/\/wp-content\/uploads\/2023\/02\/Gulf-Williams-1024x576.jpg\" alt=\"\" class=\"wp-image-119121\"\/><figcaption class=\"wp-element-caption\">Gulf es el nuevo patrocinador de Williams para la F1 2023. (Foto: Williams)<\/figcaption><\/figure>\n\n\n\n<p class=\"wp-block-paragraph\">&#8220;Estoy encantado de darle la bienvenida a nuestros socios nuevos y permanentes en nuestro viaje. Con nuestro nuevo jefe de equipo, <strong>James Vowles<\/strong>, que se unir\u00e1 a nosotros a finales de mes, y con nuestra emocionante alineaci\u00f3n de pilotos formada por <strong>Alex Albon<\/strong> y <strong>Logan Sargeant<\/strong>, Williams est\u00e1 listo para darlo todo en 2023&#8243;, concluy\u00f3.<\/p>\n\n\n\n<p class=\"wp-block-paragraph\">Williams vive una situaci\u00f3n de las m\u00e1s complejas de la F1. Por un lado, es innegable que el equipo brit\u00e1nico necesita urgentemente resultados, despu\u00e9s de todo, no est\u00e1 en la categor\u00eda para permanecer en el \u00faltimo lugar y, al fin y al cabo, la puntuaci\u00f3n final de la temporada es crucial para el reparto de los premios de cada escuder\u00eda.<\/p>\n\n\n\n<p class=\"wp-block-paragraph\">Por otro lado, la situaci\u00f3n financiera de Grove ya ha sido mucho peor. El sustento econ\u00f3mico de Dorilton Capital le da aire y tambi\u00e9n indica que hay cierto margen para desarrollar bien los pr\u00f3ximos coches, aunque haber empezado tan mal con la nueva normativa sea una mala se\u00f1al. <a href=\"https:\/\/grandepremio.com\/es\/\/f1\/james-vowles-williams-mini-mercedes-formula-1\/\" target=\"_blank\" rel=\"noreferrer noopener\">Una cosa es segura: no ser\u00e1 un &#8220;Mercedes B&#8221;.<\/a><\/p>\n\n\n\n<figure class=\"wp-block-image size-large\"><img decoding=\"async\" src=\"https:\/\/grandepremio.com\/es\/\/wp-content\/uploads\/2023\/01\/James-Vowles-1024x576.jpg\" alt=\"\" class=\"wp-image-108073\"\/><figcaption class=\"wp-element-caption\">James Vowles ser\u00e1 el jefe de Williams a partir de fines de febrero. (Foto: Williams)<\/figcaption><\/figure>\n\n\n\n<p class=\"wp-block-paragraph\">&#8220;Yo no lo considerar\u00eda un mini-Mercedes. Williams es un equipo incre\u00edblemente independiente por m\u00e9rito propio y que form\u00f3 su propia historia, su propia herencia. Eso no significa que Mercedes y nosotros no tendremos una colaboraci\u00f3n de una forma u otra, ya exist\u00eda una antes de que yo llegara al equipo. Pero tengo que hacer lo mejor para Williams a partir de ahora&#8221;, coment\u00f3 Vowles, el nuevo jefe del equipo.<\/p>\n\n\n\n<p class=\"wp-block-paragraph\">Por cierto, un dato digno de menci\u00f3n: Williams est\u00e1 experimentando una nueva reestructuraci\u00f3n, algo que viene sucediendo con m\u00e1s frecuencia de la recomendada. <a href=\"https:\/\/grandepremio.com\/es\/\/f1\/williams-anuncia-marcha-jost-capito-jefe-equipo\/\" target=\"_blank\" rel=\"noreferrer noopener\">Alegando desgaste<strong>, Jost Capito<\/strong>, que lleg\u00f3 con muchos pergaminos desde el rally, fue sustituido<\/a> en el mando por Vowles, figura tan importante en la dinast\u00eda impuesta por Mercedes en la \u00faltima d\u00e9cada.<\/p>\n\n\n\n<p class=\"wp-block-paragraph\">La de 2023 ser\u00e1 la 47\u00aa temporada de Williams en la F1. Gran equipo de la categor\u00eda en la d\u00e9cada de 1980, los brit\u00e1nicos cuentan con siete campeonatos de pilotos y otros nueve de constructores. A pesar de que el control del grupo cambi\u00f3 de la familia Williams al fondo <strong>Dorilton Capital<\/strong> en 2020, contin\u00faa como uno de los equipos m\u00e1s cl\u00e1sicos de la categor\u00eda.<\/p>\n\n\n\n<figure class=\"wp-block-image size-full\"><img decoding=\"async\" src=\"https:\/\/grandepremio.com\/es\/\/wp-content\/uploads\/2023\/02\/Williams-3.jpeg\" alt=\"\" class=\"wp-image-119147\"\/><figcaption class=\"wp-element-caption\">Con el #23 de Alex Albon, Williams present\u00f3 el nuevo FW45. (Foto: Williams)<\/figcaption><\/figure>\n\n\n\n<p class=\"wp-block-paragraph\">Para 2023, Williams mantiene a Albon, que tuvo grandes actuaciones en 2022. Por otro lado, renuncia a los muchos d\u00f3lares de<strong> Nicholas Latifi,<\/strong> quien no mostr\u00f3 estar a la altura, <a href=\"https:\/\/grandepremio.com\/es\/\/f1\/logan-sargeant-anuncio-williams-2023-formula-1\/\" target=\"_blank\" rel=\"noreferrer noopener\">y opt\u00f3 por ascender a Sargeant, promesa estadounidense proveniente de la F\u00f3rmula 2.<\/a> Durante el receso, t<a href=\"https:\/\/grandepremio.com\/es\/\/f3\/franco-colapinto-williams-mp-formula-3-2023\/\" target=\"_blank\" rel=\"noreferrer noopener\">ambi\u00e9n confirm\u00f3 la llegada del argentino Franco Colapinto a su academia, que competir\u00e1 en la F\u00f3rmula 3 en 2023.<\/a><\/p>\n\n\n\n<p class=\"wp-block-paragraph\">&#8220;Estoy muy ilusionado por empezar otro a\u00f1o con la escuder\u00eda&#8221;, declar\u00f3 el piloto tailand\u00e9s. &#8220;El auto tiene muy buena pinta y vamos a salir a pista en Silverstone. El equipo ha trabajado mucho para abordar algunos puntos clave en el auto. Estoy deseando ver lo que el FW45 puede hacer&#8221;, sigui\u00f3 Albon. &#8220;Este a\u00f1o tambi\u00e9n hemos incorporado nuevos socios al equipo, as\u00ed que es estupendo tenerlos a bordo&#8221;, finaliz\u00f3 el piloto del auto #23.<\/p>\n\n\n\n<p class=\"wp-block-paragraph\">Por su parte, Sargeant hizo referencia a su debut con la escuder\u00eda. Estoy muy ilusionado con el comienzo de la temporada despu\u00e9s de lo que, para m\u00ed, ha sido un largo invierno. &#8220;Estoy supermotivado y hemos trabajado muy duro. El coche tiene un aspecto incre\u00edble y demuestra el enorme esfuerzo que ha hecho el equipo durante el receso, as\u00ed que estoy deseando empezar en Silverstone antes de ir a Bahrein&#8221;, manifest\u00f3 el estadounidense.<\/p>\n\n\n\n<figure class=\"wp-block-image size-large\"><img decoding=\"async\" src=\"https:\/\/grandepremio.com\/es\/\/wp-content\/uploads\/2022\/12\/williams-logansargeant-03-2-1024x683.jpg\" alt=\"\" class=\"wp-image-103723\"\/><figcaption class=\"wp-element-caption\">Logan Sargeant debutar\u00e1 en la F1 2023 (Foto: Williams)<\/figcaption><\/figure>\n\n\n\n<p class=\"wp-block-paragraph\">Segundo mayor campe\u00f3n de Constructores de la historia, cuarto de Pilotos y tambi\u00e9n cuarto en n\u00famero de victorias, con 114, Williams atraviesa una fase oscura. El equipo no termina un campeonato entre los cinco primeros del Mundial de Constructores desde 2017, no gana desde el GP de Espa\u00f1a de 2012 y no levanta un t\u00edtulo desde 1997.<\/p>\n\n\n\n<p class=\"wp-block-paragraph\">Luego del lanzamiento de W45, la cuarta presentaci\u00f3n prevista de la F1 2023 es la de Alfa Romeo, prevista para el este martes 7. AlphaTauri seguir\u00e1 con el AT04 el s\u00e1bado.<\/p>\n","protected":false},"excerpt":{"rendered":"<p>Williams se convirti\u00f3 en el tercer equipo de la F\u00f3rmula 1 en presentar su monoplaza para la temporada 2023, con el lanzamiento del FW45 que conducir\u00e1n Alex Albon y Logan Sargeant.<\/p>\n","protected":false},"author":0,"featured_media":1010119118,"comment_status":"closed","ping_status":"closed","sticky":false,"template":"","format":"standard","meta":{"42wp_featured_image_caption":"","42wp_featured_image_credits":"","42wp_featured_video":"","42wp_featured_image_hidden":false,"42wp_authors_list":[],"footnotes":""},"categories":[5],"tags":[262,181,179,814,1488,3438,2237,285,204,5506,1224],"42wp_author":[14223],"class_list":["post-20306","post","type-post","status-publish","format-standard","has-post-thumbnail","hentry","category-f1","tag-alex-albon","tag-f1","tag-formula-1","tag-franco-colapinto","tag-grande-premio","tag-grande-premio-en-espanol","tag-grandepremio","tag-logan-sargeant","tag-williams","tag-williams-fw45","tag-williams-racing","42wp_author-esteban-nieto"],"_links":{"self":[{"href":"https:\/\/grandepremio.com\/es\/wp-json\/wp\/v2\/posts\/20306","targetHints":{"allow":["GET"]}}],"collection":[{"href":"https:\/\/grandepremio.com\/es\/wp-json\/wp\/v2\/posts"}],"about":[{"href":"https:\/\/grandepremio.com\/es\/wp-json\/wp\/v2\/types\/post"}],"replies":[{"embeddable":true,"href":"https:\/\/grandepremio.com\/es\/wp-json\/wp\/v2\/comments?post=20306"}],"version-history":[{"count":0,"href":"https:\/\/grandepremio.com\/es\/wp-json\/wp\/v2\/posts\/20306\/revisions"}],"wp:featuredmedia":[{"embeddable":true,"href":"https:\/\/grandepremio.com\/es\/wp-json\/wp\/v2\/media\/1010119118"}],"wp:attachment":[{"href":"https:\/\/grandepremio.com\/es\/wp-json\/wp\/v2\/media?parent=20306"}],"wp:term":[{"taxonomy":"category","embeddable":true,"href":"https:\/\/grandepremio.com\/es\/wp-json\/wp\/v2\/categories?post=20306"},{"taxonomy":"post_tag","embeddable":true,"href":"https:\/\/grandepremio.com\/es\/wp-json\/wp\/v2\/tags?post=20306"},{"taxonomy":"42wp_author","embeddable":true,"href":"https:\/\/grandepremio.com\/es\/wp-json\/wp\/v2\/42wp_author?post=20306"}],"curies":[{"name":"wp","href":"https:\/\/api.w.org\/{rel}","templated":true}]}}