{"id":20313,"date":"2023-02-05T13:27:52","date_gmt":"2023-02-05T16:27:52","guid":{"rendered":"https:\/\/grandepremio.com\/es\/2023\/02\/05\/formula1-horner-honda-redbull\/"},"modified":"2023-02-05T14:15:51","modified_gmt":"2023-02-05T17:15:51","slug":"formula1-horner-honda-redbull","status":"publish","type":"post","link":"https:\/\/grandepremio.com\/es\/f1\/formula1-horner-honda-redbull\/","title":{"rendered":"Horner afirma que Honda y Red Bull se encuentran divididas por una &#8220;muralla china&#8221;"},"content":{"rendered":"\n<p class=\"wp-block-paragraph\">Para evitar la transferencia de propiedad intelectual de Jap\u00f3n a <strong>Milton Keynes<\/strong>, una aut\u00e9ntica &#8220;Muralla China&#8221; ha separado a<strong> Honda <\/strong>y <strong>Red Bull<\/strong>. Al menos, eso es lo que asegur\u00f3 el jefe del equipo Christian Horner, en la presentaci\u00f3n del RB19.<\/p>\n\n\n\n<p class=\"wp-block-paragraph\">Esto se debe a que <strong>Ford<\/strong> ha firmado un acuerdo con la compa\u00f1\u00eda de bebidas energizantes,&nbsp; y suministrar\u00e1 motores al equipo <a href=\"https:\/\/grandepremio.com\/es\/\/f1\/red-bull-confirma-acuerdo-ford-temporada-2026-formula-1\/\">a partir de 2026<\/a>. El fabricante de au|tom\u00f3viles estadounidense financiar\u00e1 parcialmente la unidad de potencia, junto con el equipo que se fabricar\u00e1 en Milton Keynes y <strong>mantendr\u00e1 el nombre de &#8220;Red Bull Powertrains<\/strong>&#8220;. Este acuerdo tambi\u00e9n impacta en <strong>Alpha Tauri.<\/strong><\/p>\n\n\n\n<p class=\"wp-block-paragraph\">Pero como la asociaci\u00f3n no entrar\u00e1 en vigor hasta dentro de tres a\u00f1os, <strong>Red Bull <\/strong>seguir\u00e1 vinculado a Honda mientras tanto. Para evitar que los datos del fabricante japon\u00e9s caigan en malas manos, <strong>se han tomado ciertas medidas<\/strong>.<\/p>\n\n\n\n<p class=\"wp-block-paragraph\"><strong>\u00a1Conoce el canal de Grande Pr\u00eamio en Espa\u00f1ol en\u00a0<a href=\"https:\/\/www.youtube.com\/channel\/UCDxWojGVUi9gWYhrY0pGbIQ\" target=\"_blank\" rel=\"noreferrer noopener\">YouTube<\/a>!<br>\u00a1Sigue a Grande Pr\u00eamio en Espa\u00f1ol en\u00a0<a href=\"https:\/\/twitter.com\/grandepremioES\" target=\"_blank\" rel=\"noreferrer noopener\">Twitter\u00a0<\/a>y en\u00a0<a href=\"https:\/\/www.instagram.com\/grandepremioes\/\" target=\"_blank\" rel=\"noreferrer noopener\">Instagram<\/a>!<\/strong><\/p>\n\n\n\n<figure class=\"wp-block-image size-large\"><img decoding=\"async\" src=\"https:\/\/grandepremio.com\/es\/\/wp-content\/uploads\/2022\/10\/SI202210090147_news-1024x683.jpg\" alt=\"\" class=\"wp-image-88960\"\/><figcaption class=\"wp-element-caption\">Horner con las energ\u00edas puestas en 2026. (Fuente: Red Bull Content Pool)<\/figcaption><\/figure>\n\n\n\n<p class=\"wp-block-paragraph\">&#8220;Tenemos un acuerdo y una gran relaci\u00f3n con Honda, hasta finales de 2025. No hay transferencia de propiedad intelectual: todos los motores Honda se fabrican en Jap\u00f3n <strong>y todo desde el punto de vista de Red Bull Powertrains, se centra en 2026<\/strong>&#8220;, aclar\u00f3 Horner.<\/p>\n\n\n\n<p class=\"wp-block-paragraph\">&#8220;Existe una aut\u00e9ntica &#8216;Muralla China&#8217; entre ambas partes. Pero, obviamente, <strong>seguiremos trabajando con Honda durante los pr\u00f3ximos a\u00f1os y esperamos conseguir los mejores resultados posibles.<\/strong> Est\u00e1n totalmente comprometidos, as\u00ed que todo es muy sencillo. La relaci\u00f3n con Honda concluye a finales de 2025&#8243;, sigui\u00f3 Horner. &#8220;<strong>Tenemos un motor homologado<\/strong>, as\u00ed que est\u00e1 efectivamente congelado. Honda proporcionar\u00e1 ese motor y ellos tienen la propiedad intelectual, as\u00ed que no vemos los detalles t\u00e9cnicos de la unidad de potencia ni nada por el estilo. Haremos todo lo posible con Honda para conseguir m\u00e1s victorias y t\u00edtulos&#8221;, detall\u00f3.<\/p>\n\n\n\n<p class=\"wp-block-paragraph\">Horner, por \u00faltimo, revel\u00f3 una importante ventaja -que no ha recibido la debida atenci\u00f3n- de la asociaci\u00f3n con Ford.<\/p>\n\n\n\n<p class=\"wp-block-paragraph\">&#8220;La gran novedad de <a href=\"https:\/\/grandepremio.com\/es\/\/f1\/fia-inscripcion-seis-motoristas-parrilla-formula-1-temporada-2026\/\">2026<\/a> es <strong>tenerlo todo en el mismo lugar, bajo el mismo techo.<\/strong> Tendremos a los ingenieros de chasis sentados junto a los ingenieros de motores, as\u00ed que no hay que subestimar la integraci\u00f3n entre esas partes&#8221;, concluy\u00f3 Horner.&nbsp;<\/p>\n","protected":false},"excerpt":{"rendered":"<p>Tras el anuncio de la alianza con Ford a partir de 2026, el jefe de Red Bull, Christian Horner, asegur\u00f3 que el distanciamiento con Honda se agrand\u00f3 para evitar el traspaso de la propiedad intelectual.<\/p>\n","protected":false},"author":0,"featured_media":1010118877,"comment_status":"closed","ping_status":"closed","sticky":false,"template":"","format":"standard","meta":{"42wp_featured_image_caption":"","42wp_featured_image_credits":"","42wp_featured_video":"","42wp_featured_image_hidden":false,"42wp_authors_list":[],"footnotes":""},"categories":[5],"tags":[1336,181,1495,1676,1710,1680,179,221,829,249,206],"42wp_author":[14235],"class_list":["post-20313","post","type-post","status-publish","format-standard","has-post-thumbnail","hentry","category-f1","tag-christian-horner","tag-f1","tag-f1-2022","tag-f1-2023","tag-f1-2025","tag-f1-2026","tag-formula-1","tag-honda","tag-honda-f1","tag-max-verstappen","tag-red-bull","42wp_author-barbara-mincioni"],"_links":{"self":[{"href":"https:\/\/grandepremio.com\/es\/wp-json\/wp\/v2\/posts\/20313","targetHints":{"allow":["GET"]}}],"collection":[{"href":"https:\/\/grandepremio.com\/es\/wp-json\/wp\/v2\/posts"}],"about":[{"href":"https:\/\/grandepremio.com\/es\/wp-json\/wp\/v2\/types\/post"}],"replies":[{"embeddable":true,"href":"https:\/\/grandepremio.com\/es\/wp-json\/wp\/v2\/comments?post=20313"}],"version-history":[{"count":0,"href":"https:\/\/grandepremio.com\/es\/wp-json\/wp\/v2\/posts\/20313\/revisions"}],"wp:featuredmedia":[{"embeddable":true,"href":"https:\/\/grandepremio.com\/es\/wp-json\/wp\/v2\/media\/1010118877"}],"wp:attachment":[{"href":"https:\/\/grandepremio.com\/es\/wp-json\/wp\/v2\/media?parent=20313"}],"wp:term":[{"taxonomy":"category","embeddable":true,"href":"https:\/\/grandepremio.com\/es\/wp-json\/wp\/v2\/categories?post=20313"},{"taxonomy":"post_tag","embeddable":true,"href":"https:\/\/grandepremio.com\/es\/wp-json\/wp\/v2\/tags?post=20313"},{"taxonomy":"42wp_author","embeddable":true,"href":"https:\/\/grandepremio.com\/es\/wp-json\/wp\/v2\/42wp_author?post=20313"}],"curies":[{"name":"wp","href":"https:\/\/api.w.org\/{rel}","templated":true}]}}