{"id":20346,"date":"2023-02-01T12:44:29","date_gmt":"2023-02-01T15:44:29","guid":{"rendered":"https:\/\/grandepremio.com\/es\/2023\/02\/01\/ganassi-decoracion-coche-alex-palou-indycar-2023-1\/"},"modified":"2023-02-01T13:02:02","modified_gmt":"2023-02-01T16:02:02","slug":"ganassi-decoracion-coche-alex-palou-indycar-2023-1","status":"publish","type":"post","link":"https:\/\/grandepremio.com\/es\/indy\/ganassi-decoracion-coche-alex-palou-indycar-2023-1\/","title":{"rendered":"Ganassi presenta la decoraci\u00f3n del coche de Palou para la IndyCar 2023"},"content":{"rendered":"\n<p class=\"wp-block-paragraph\"><strong>Ganassi <\/strong>public\u00f3 este martes las primeras im\u00e1genes del coche que pilotar\u00e1 el espa\u00f1ol <strong>\u00c1lex Palou<\/strong> en <a href=\"https:\/\/grandepremio.com\/es\/\/indy\/\" target=\"_blank\" rel=\"noreferrer noopener\">IndyCar<\/a> 2023. El coche #10, que en 2022 contaba con el patrocinio principal de <strong>NTT Data<\/strong> -que cerr\u00f3 un acuerdo con <strong>McLaren <\/strong>y pondr\u00e1 sus colores en el coche de<strong> Felix Rosenqvist<\/strong>&#8211; ahora lucir\u00e1 los colores azul, blanco y rojo, colores de la <strong>American Legion<\/strong>, durante todo este a\u00f1o.<\/p>\n\n\n\n<p class=\"wp-block-paragraph\">La organizaci\u00f3n promueve campa\u00f1as de concienciaci\u00f3n sobre los suicidios de veteranos del ej\u00e9rcito estadounidense y estuvo presente en el coche del campe\u00f3n de la <strong>IndyCar <\/strong>2021 en cinco ocasiones la temporada pasada: en los GP de Alabama, Indian\u00e1polis 1, Indian\u00e1polis 2, Road America y Gateway. La <strong>American Legion<\/strong> tambi\u00e9n estuvo presente en el coche del brasile\u00f1o <strong>Tony Kanaan <\/strong>para las <strong>500 Millas de Indian\u00e1polis<\/strong> de 2022.<\/p>\n\n\n\n<figure class=\"wp-block-embed is-type-rich is-provider-twitter wp-block-embed-twitter\"><div class=\"wp-block-embed__wrapper\">\n<blockquote class=\"twitter-tweet\" data-width=\"500\" data-dnt=\"true\"><p lang=\"en\" dir=\"ltr\">The mission continues in 2023. <a href=\"https:\/\/x.com\/hashtag\/BeTheOne?src=hash&amp;ref_src=twsrc%5Etfw\">#BeTheOne<\/a>. Save one veteran.<br><br>Say hello to <a href=\"https:\/\/x.com\/AlexPalou?ref_src=twsrc%5Etfw\">@AlexPalou<\/a>\u2019s No. 10 The American Legion Honda \ud83d\udc4b<a href=\"https:\/\/x.com\/hashtag\/INDYCAR?src=hash&amp;ref_src=twsrc%5Etfw\">#INDYCAR<\/a> <a href=\"https:\/\/t.co\/CsNVG0vS9O\">pic.twitter.com\/CsNVG0vS9O<\/a><\/p>&mdash; Chip Ganassi Racing \u26a1\ufe0f (@CGRTeams) <a href=\"https:\/\/x.com\/CGRTeams\/status\/1620496363875373056?ref_src=twsrc%5Etfw\">January 31, 2023<\/a><\/blockquote><script async src=\"https:\/\/platform.x.com\/widgets.js\" charset=\"utf-8\"><\/script>\n<\/div><\/figure>\n\n\n\n<p class=\"wp-block-paragraph\"><strong>Palou <\/strong>tambi\u00e9n ha estampado el verde en su coche en dos ocasiones, en la doble cita de Iowa y en el GP de Portland. En 2023, ser\u00e1 el turno del novato de <strong>Ganassi<\/strong>, <strong>Marcus Armstrong,<\/strong> que utilizar\u00e1 el color en determinados circuitos mixtos y urbanos. Compartir\u00e1 el nuevo coche #11 con el experimentado <strong>Takuma Sato<\/strong>, que pilotar\u00e1 el coche en \u00f3valos.<\/p>\n\n\n\n<p class=\"wp-block-paragraph\"><strong><strong>\u00a1Conoce el canal de Grande Pr\u00eamio en Espa\u00f1ol en&nbsp;<a href=\"https:\/\/www.youtube.com\/channel\/UCDxWojGVUi9gWYhrY0pGbIQ\" target=\"_blank\" rel=\"noreferrer noopener\">YouTube<\/a>!<br>\u00a1Sigue a&nbsp;Grande Pr\u00eamio en Espa\u00f1ol&nbsp;en&nbsp;<a href=\"https:\/\/twitter.com\/grandepremioES\" target=\"_blank\" rel=\"noreferrer noopener\">Twitter&nbsp;<\/a>y en&nbsp;<a href=\"https:\/\/www.instagram.com\/grandepremioes\/\" target=\"_blank\" rel=\"noreferrer noopener\">Instagram<\/a>!<\/strong><\/strong><\/p>\n\n\n\n<figure class=\"wp-block-image size-large\"><img decoding=\"async\" src=\"https:\/\/www.grandepremio.com\/br\/wp-content\/uploads\/2023\/02\/Captura-de-tela_20230201_112649-1024x463.png\" alt=\"\" class=\"wp-image-648957\"\/><figcaption class=\"wp-element-caption\">Armstrong tendr\u00e1 un coche verde en su temporada de debut em la Indy (Foto: Reproducci\u00f3n\/Ganassi)<\/figcaption><\/figure>\n\n\n\n<p class=\"wp-block-paragraph\"><strong>Ganassi <\/strong>a\u00fan no ha revelado los coches de<strong> Scott Dixon<\/strong> y <strong>Marcus Ericsson<\/strong>, pero se espera que el esquema de colores de ambos coches siga siendo el mismo: el #9 del seis veces campe\u00f3n con los tradicionales azul y naranja y el #8 del campe\u00f3n de la <strong>Indy 500<\/strong> con el rojo como tono principal.<\/p>\n\n\n\n<p class=\"wp-block-paragraph\">La <strong>Indy <\/strong>comienza las actividades de la temporada 2023 ya esta semana con las pruebas de pretemporada en <strong>Palm Springs, California<\/strong>, este jueves y viernes (2 y 3 de febrero). La primera carrera del a\u00f1o est\u00e1 prevista para el 5 de marzo, con el <strong>GP de St. Pete<\/strong>, en las calles de <strong>Florida<\/strong>.<\/p>\n","protected":false},"excerpt":{"rendered":"<p>Ganassi desvel\u00f3 este martes la decoraci\u00f3n del coche de \u00c1lex Palou para la temporada 2023 de la IndyCar, donde lucir\u00e1 los colores de la bandera de Estados Unidos en colaboraci\u00f3n con la organizaci\u00f3n de ayuda a los veteranos de guerra.<\/p>\n","protected":false},"author":0,"featured_media":1010117894,"comment_status":"closed","ping_status":"closed","sticky":false,"template":"","format":"standard","meta":{"42wp_featured_image_caption":"","42wp_featured_image_credits":"","42wp_featured_video":"","42wp_featured_image_hidden":false,"42wp_authors_list":[],"footnotes":""},"categories":[7],"tags":[393,5419,1668,2862,5420,987,2236,3438,2237,925,2805,310,2549,5424,258,5019,5425],"42wp_author":[14233],"class_list":["post-20346","post","type-post","status-publish","format-standard","has-post-thumbnail","hentry","category-indy","tag-alex-palou","tag-american-legion","tag-chip-ganassi","tag-decoracion","tag-fomula-indy-2023","tag-ganassi","tag-grande-premio-2","tag-grande-premio-en-espanol","tag-grandepremio","tag-indy","tag-indy-2023","tag-indycar","tag-indycar-2023","tag-indycar-series","tag-marcus-armstrong","tag-presentacion","tag-veteranos-de-guerra","42wp_author-eric-calduch"],"_links":{"self":[{"href":"https:\/\/grandepremio.com\/es\/wp-json\/wp\/v2\/posts\/20346","targetHints":{"allow":["GET"]}}],"collection":[{"href":"https:\/\/grandepremio.com\/es\/wp-json\/wp\/v2\/posts"}],"about":[{"href":"https:\/\/grandepremio.com\/es\/wp-json\/wp\/v2\/types\/post"}],"replies":[{"embeddable":true,"href":"https:\/\/grandepremio.com\/es\/wp-json\/wp\/v2\/comments?post=20346"}],"version-history":[{"count":0,"href":"https:\/\/grandepremio.com\/es\/wp-json\/wp\/v2\/posts\/20346\/revisions"}],"wp:featuredmedia":[{"embeddable":true,"href":"https:\/\/grandepremio.com\/es\/wp-json\/wp\/v2\/media\/1010117894"}],"wp:attachment":[{"href":"https:\/\/grandepremio.com\/es\/wp-json\/wp\/v2\/media?parent=20346"}],"wp:term":[{"taxonomy":"category","embeddable":true,"href":"https:\/\/grandepremio.com\/es\/wp-json\/wp\/v2\/categories?post=20346"},{"taxonomy":"post_tag","embeddable":true,"href":"https:\/\/grandepremio.com\/es\/wp-json\/wp\/v2\/tags?post=20346"},{"taxonomy":"42wp_author","embeddable":true,"href":"https:\/\/grandepremio.com\/es\/wp-json\/wp\/v2\/42wp_author?post=20346"}],"curies":[{"name":"wp","href":"https:\/\/api.w.org\/{rel}","templated":true}]}}