{"id":20358,"date":"2023-01-30T15:11:22","date_gmt":"2023-01-30T18:11:22","guid":{"rendered":"https:\/\/grandepremio.com\/es\/2023\/01\/30\/oscar-piastri-divertirse-primera-carrera-ano-parado\/"},"modified":"2023-01-30T15:19:59","modified_gmt":"2023-01-30T18:19:59","slug":"oscar-piastri-divertirse-primera-carrera-ano-parado","status":"publish","type":"post","link":"https:\/\/grandepremio.com\/es\/f1\/oscar-piastri-divertirse-primera-carrera-ano-parado\/","title":{"rendered":"Piastri dice que quiere divertirse en su primera carrera &#8220;tras m\u00e1s de un a\u00f1o&#8221; parado"},"content":{"rendered":"\n<p class=\"wp-block-paragraph\"><strong>Oscar Piastri<\/strong> ya espera su debut oficial en la temporada 2023 de <a href=\"https:\/\/grandepremio.com\/es\/\/f1\/\" target=\"_blank\" rel=\"noreferrer noopener\">F\u00f3rmula 1,<\/a> pero el piloto australiano se ha mostrado tranquilo ante la posible presi\u00f3n por los resultados que puede suponer ser piloto de <strong>McLaren<\/strong>. Para <strong>Bahr\u00e9in<\/strong>, por ejemplo, el joven piloto ya se ha fijado una \u00fanica meta: divertirse.<\/p>\n\n\n\n<p class=\"wp-block-paragraph\">Campe\u00f3n de <strong>F\u00f3rmula 2<\/strong> en 2021, <strong>Piastri <\/strong>se encontr\u00f3 al a\u00f1o siguiente sin sitio en la \u00e9lite del automovilismo mundial. Piloto de la <strong>Academia Alpine<\/strong> en aquel momento, pas\u00f3 la temporada pasada probando modelos antiguos de la escuder\u00eda francesa, y no se lo pens\u00f3 dos veces cuando los de Woking mostraron inter\u00e9s en ocupar el puesto de <strong>Daniel Ricciardo.<\/strong><\/p>\n\n\n\n<p class=\"wp-block-paragraph\"><strong><strong>\u00a1Conoce el canal de Grande Pr\u00eamio en Espa\u00f1ol en\u00a0<a href=\"https:\/\/www.youtube.com\/channel\/UCDxWojGVUi9gWYhrY0pGbIQ\" target=\"_blank\" rel=\"noreferrer noopener\">YouTube<\/a>!<br>\u00a1Sigue a\u00a0Grande Pr\u00eamio en Espa\u00f1ol\u00a0en\u00a0<a href=\"https:\/\/twitter.com\/grandepremioES\" target=\"_blank\" rel=\"noreferrer noopener\">Twitter\u00a0<\/a>y en\u00a0<a href=\"https:\/\/www.instagram.com\/grandepremioes\/\" target=\"_blank\" rel=\"noreferrer noopener\">Instagram<\/a>!<\/strong><\/strong><\/p>\n\n\n\n<figure class=\"wp-block-image size-large\"><img decoding=\"async\" src=\"https:\/\/www.grandepremio.com\/br\/wp-content\/uploads\/2021\/12\/FGbRji5XwAIzRbk-1024x685.jpg\" alt=\"OSCAR PIASTRI; CAMPE\u00c3O; CAMPE\u00c3O F\u00d3RMULA 2;\" class=\"wp-image-532291\"\/><figcaption class=\"wp-element-caption\">Oscar Piastri y su trofeo de F2: tras m\u00e1s de un a\u00f1o sin correr, el australiano debutar\u00e1 en McLaren (Foto: F\u00f3rmula 2)<\/figcaption><\/figure>\n\n\n\n<p class=\"wp-block-paragraph\"><strong>Piastri <\/strong>se declar\u00f3 &#8220;muy, muy ilusionado&#8221; por el debut en el Mundial, el 5 de marzo en <strong>Bahr\u00e9in<\/strong>. &#8220;Es bueno ver a la bestia viva&#8221;, subray\u00f3, para despu\u00e9s afirmar que lo principal para su primer fin de semana en la <strong>F1 <\/strong>es &#8220;entrenar y aprender todo lo que pueda&#8221;.<\/p>\n\n\n\n<p class=\"wp-block-paragraph\">Un buen resultado &#8220;ser\u00eda un bonus&#8221;, en opini\u00f3n de <strong>Piastri<\/strong>. &#8220;S\u00f3lo quiero salir a la pista y disfrutar. Disfrutar de mi primera carrera despu\u00e9s de m\u00e1s de un a\u00f1o y divertirse&#8221;, afirm\u00f3.<\/p>\n\n\n\n<p class=\"wp-block-paragraph\">&#8220;Hay mucho que aprender en el mundo de la <strong>F\u00f3rmula 1<\/strong>. Si sigo todo de la mejor manera posible y aprendo todo lo que pueda, haci\u00e9ndolo todo correctamente, los resultados llegar\u00e1n de forma natural&#8221;, a\u00f1adi\u00f3 <strong>Oscar<\/strong>.<\/p>\n\n\n\n<p class=\"wp-block-paragraph\">El a\u00f1o pasado, <strong>McLaren <\/strong>termin\u00f3 por detr\u00e1s de <strong>Alpine <\/strong>en el Campeonato del Mundo de Constructores, siendo <strong>Lando Norris<\/strong> responsable de 122 de los 159 puntos obtenidos por el equipo brit\u00e1nico. Para 2023, sin embargo, la expectativa es recuperar al menos la posici\u00f3n de cuarta fuerza de la <strong>F1 <\/strong>con la ayuda de <strong>Piastri<\/strong>, que ya tiene un lema para el nuevo a\u00f1o:<\/p>\n\n\n\n<p class=\"wp-block-paragraph\">&#8220;S\u00ed, hazlo todo bien, empieza con buen pie. Y aseg\u00farate de divertirte&#8221;, termin\u00f3.<\/p>\n","protected":false},"excerpt":{"rendered":"<p>Campe\u00f3n de la F2 en 2021, Oscar Piastri debutar\u00e1 este a\u00f1o en la F1 y descart\u00f3 una presi\u00f3n inmediata por conseguir buenos resultados con McLaren ya en Bahr\u00e9in<\/p>\n","protected":false},"author":0,"featured_media":1010117632,"comment_status":"closed","ping_status":"closed","sticky":false,"template":"","format":"standard","meta":{"42wp_featured_image_caption":"","42wp_featured_image_credits":"","42wp_featured_video":"","42wp_featured_image_hidden":false,"42wp_authors_list":[],"footnotes":""},"categories":[5],"tags":[678,1092,2115,181,1676,179,2534,2315,2236,3438,2237,269,278],"42wp_author":[14233],"class_list":["post-20358","post","type-post","status-publish","format-standard","has-post-thumbnail","hentry","category-f1","tag-alpine","tag-bahrein","tag-debut","tag-f1","tag-f1-2023","tag-formula-1","tag-formula-1-2023","tag-gp-de-bahrein-2","tag-grande-premio-2","tag-grande-premio-en-espanol","tag-grandepremio","tag-mclaren","tag-oscar-piastri","42wp_author-eric-calduch"],"_links":{"self":[{"href":"https:\/\/grandepremio.com\/es\/wp-json\/wp\/v2\/posts\/20358","targetHints":{"allow":["GET"]}}],"collection":[{"href":"https:\/\/grandepremio.com\/es\/wp-json\/wp\/v2\/posts"}],"about":[{"href":"https:\/\/grandepremio.com\/es\/wp-json\/wp\/v2\/types\/post"}],"replies":[{"embeddable":true,"href":"https:\/\/grandepremio.com\/es\/wp-json\/wp\/v2\/comments?post=20358"}],"version-history":[{"count":0,"href":"https:\/\/grandepremio.com\/es\/wp-json\/wp\/v2\/posts\/20358\/revisions"}],"wp:featuredmedia":[{"embeddable":true,"href":"https:\/\/grandepremio.com\/es\/wp-json\/wp\/v2\/media\/1010117632"}],"wp:attachment":[{"href":"https:\/\/grandepremio.com\/es\/wp-json\/wp\/v2\/media?parent=20358"}],"wp:term":[{"taxonomy":"category","embeddable":true,"href":"https:\/\/grandepremio.com\/es\/wp-json\/wp\/v2\/categories?post=20358"},{"taxonomy":"post_tag","embeddable":true,"href":"https:\/\/grandepremio.com\/es\/wp-json\/wp\/v2\/tags?post=20358"},{"taxonomy":"42wp_author","embeddable":true,"href":"https:\/\/grandepremio.com\/es\/wp-json\/wp\/v2\/42wp_author?post=20358"}],"curies":[{"name":"wp","href":"https:\/\/api.w.org\/{rel}","templated":true}]}}