{"id":20381,"date":"2023-01-27T09:50:18","date_gmt":"2023-01-27T12:50:18","guid":{"rendered":"https:\/\/grandepremio.com\/es\/2023\/01\/27\/alfa-romeo-nuevo-patrocinador-principal-orlen-alphatauri\/"},"modified":"2023-01-27T10:02:32","modified_gmt":"2023-01-27T13:02:32","slug":"alfa-romeo-nuevo-patrocinador-principal-orlen-alphatauri","status":"publish","type":"post","link":"https:\/\/grandepremio.com\/es\/f1\/alfa-romeo-nuevo-patrocinador-principal-orlen-alphatauri\/","title":{"rendered":"Alfa Romeo anuncia un nuevo patrocinador principal y ve a Orlen unirse a AlphaTauri"},"content":{"rendered":"\n<p class=\"wp-block-paragraph\">Cambio de patrocinadores para la temporada 2023 de <a href=\"https:\/\/grandepremio.com\/es\/\/f1\/\" target=\"_blank\" rel=\"noreferrer noopener\">F\u00f3rmula 1<\/a>. Despu\u00e9s de tres campeonatos con la petrolera polaca <strong>PKN Orlen<\/strong> como socio mayoritario, el equipo italiano anunci\u00f3 el viernes un acuerdo con la plataforma de apuestas <strong>Stake<\/strong>. <strong>Orlen<\/strong>, sin embargo, no abandonar\u00e1 la categor\u00eda: la empresa ser\u00e1 ahora el principal patrocinador de <strong>AlphaTauri<\/strong>.<\/p>\n\n\n\n<p class=\"wp-block-paragraph\">Orlen lleg\u00f3 a la <strong>F1 <\/strong>en 2019 de la mano del polaco <strong>Robert Kubic<\/strong>a, que regres\u00f3 a la parrilla de la categor\u00eda con <strong>Williams<\/strong>. Al a\u00f1o siguiente, la petrolera se asoci\u00f3 con la formaci\u00f3n de Hinwill, que pas\u00f3 a llamarse <strong>Alfa Romeo F1 Team Orlen<\/strong>. <strong>Kubica<\/strong>, a su vez, sigui\u00f3 la marca, ocupando el rol de tercer piloto del equipo suizo.<\/p>\n\n\n\n<p class=\"wp-block-paragraph\"><strong><strong>\u00a1Conoce el canal de Grande Pr\u00eamio en Espa\u00f1ol en\u00a0<a href=\"https:\/\/www.youtube.com\/channel\/UCDxWojGVUi9gWYhrY0pGbIQ\" target=\"_blank\" rel=\"noreferrer noopener\">YouTube<\/a>!<br>\u00a1Sigue a\u00a0Grande Pr\u00eamio en Espa\u00f1ol\u00a0en\u00a0<a href=\"https:\/\/twitter.com\/grandepremioES\" target=\"_blank\" rel=\"noreferrer noopener\">Twitter\u00a0<\/a>y en\u00a0<a href=\"https:\/\/www.instagram.com\/grandepremioes\/\" target=\"_blank\" rel=\"noreferrer noopener\">Instagram<\/a>!<\/strong><\/strong><\/p>\n\n\n\n<figure class=\"wp-block-image size-large\"><img decoding=\"async\" src=\"https:\/\/www.grandepremio.com\/br\/wp-content\/uploads\/2023\/01\/SAT_Orlen-2048x1039-1-1024x520.jpg\" alt=\"\" class=\"wp-image-647574\"\/><figcaption class=\"wp-element-caption\">Orlen seguir\u00e1 en la categor\u00eda, pero con AlphaTauri (Foto: AlphaTauri)<\/figcaption><\/figure>\n\n\n\n<p class=\"wp-block-paragraph\">La llegada de un nuevo patrocinador principal es otro indicio del cambio que <strong>Sauber<\/strong> ya est\u00e1 empezando a promover. Ayer, el grupo suizo anunci\u00f3 a <strong>Alessandro Alunni Bravi<\/strong> como representante del equipo en la <strong>F1<\/strong>, adem\u00e1s de su puesto ya ocupado como CEO. El italiano, de hecho, afirm\u00f3 que la llegada de <strong>Stake <\/strong>&#8220;representa el comienzo de una nueva era para ambos&#8221;.<\/p>\n\n\n\n<p class=\"wp-block-paragraph\">El final oficial de la asociaci\u00f3n <strong>Orlen\/Alfa Romeo<\/strong> puede significar tambi\u00e9n el final de la carrera de <strong>Kubica <\/strong>en la <strong>F1<\/strong>. El a\u00f1o pasado, el veterano estuvo con el equipo en los entrenamientos libres de Espa\u00f1a, Francia, Hungr\u00eda y Abu Dhabi.<\/p>\n\n\n\n<p class=\"wp-block-paragraph\"><strong>Kubica <\/strong>fue preguntado por la revista brit\u00e1nica <em>Autosport <\/em>sobre el futuro de <strong>Orlen <\/strong>y c\u00f3mo podr\u00eda afectarle, pero se limit\u00f3 a decir que su prioridad era ocuparse de sus propias obligaciones.<\/p>\n\n\n\n<p class=\"wp-block-paragraph\">&#8220;Probablemente hablar\u00e9 con las partes, sea lo que sea. Si con este equipo o con otro, para saber si voy a participar, si puedo ser \u00fatil, porque tampoco quiero quedarme aqu\u00ed si no soy \u00fatil&#8221;, dijo.<\/p>\n","protected":false},"excerpt":{"rendered":"<p>Alfa Romeo llega a 2023 con un nuevo nombre: ahora ser\u00e1 Alfa Romeo F1 Team Stake, poniendo fin a su vinculaci\u00f3n con la petrolera Orlen. La marca polaca, sin embargo, continuar\u00e1 en la categor\u00eda, pero en AlphaTauri.<\/p>\n","protected":false},"author":0,"featured_media":1010116785,"comment_status":"closed","ping_status":"closed","sticky":false,"template":"","format":"standard","meta":{"42wp_featured_image_caption":"","42wp_featured_image_credits":"","42wp_featured_video":"","42wp_featured_image_hidden":false,"42wp_authors_list":[],"footnotes":""},"categories":[5],"tags":[295,5326,181,1676,179,2534,2236,3438,2237,5328,2201,5329,1877,299,5327],"42wp_author":[14233],"class_list":["post-20381","post","type-post","status-publish","format-standard","has-post-thumbnail","hentry","category-f1","tag-alfa-romeo","tag-alphataruri","tag-f1","tag-f1-2023","tag-formula-1","tag-formula-1-2023","tag-grande-premio-2","tag-grande-premio-en-espanol","tag-grandepremio","tag-orlen","tag-patrocinador","tag-patrocinador-principal","tag-polonia","tag-robert-kubica","tag-stake","42wp_author-eric-calduch"],"_links":{"self":[{"href":"https:\/\/grandepremio.com\/es\/wp-json\/wp\/v2\/posts\/20381","targetHints":{"allow":["GET"]}}],"collection":[{"href":"https:\/\/grandepremio.com\/es\/wp-json\/wp\/v2\/posts"}],"about":[{"href":"https:\/\/grandepremio.com\/es\/wp-json\/wp\/v2\/types\/post"}],"replies":[{"embeddable":true,"href":"https:\/\/grandepremio.com\/es\/wp-json\/wp\/v2\/comments?post=20381"}],"version-history":[{"count":0,"href":"https:\/\/grandepremio.com\/es\/wp-json\/wp\/v2\/posts\/20381\/revisions"}],"wp:featuredmedia":[{"embeddable":true,"href":"https:\/\/grandepremio.com\/es\/wp-json\/wp\/v2\/media\/1010116785"}],"wp:attachment":[{"href":"https:\/\/grandepremio.com\/es\/wp-json\/wp\/v2\/media?parent=20381"}],"wp:term":[{"taxonomy":"category","embeddable":true,"href":"https:\/\/grandepremio.com\/es\/wp-json\/wp\/v2\/categories?post=20381"},{"taxonomy":"post_tag","embeddable":true,"href":"https:\/\/grandepremio.com\/es\/wp-json\/wp\/v2\/tags?post=20381"},{"taxonomy":"42wp_author","embeddable":true,"href":"https:\/\/grandepremio.com\/es\/wp-json\/wp\/v2\/42wp_author?post=20381"}],"curies":[{"name":"wp","href":"https:\/\/api.w.org\/{rel}","templated":true}]}}