{"id":20386,"date":"2023-01-26T14:13:54","date_gmt":"2023-01-26T17:13:54","guid":{"rendered":"https:\/\/grandepremio.com\/es\/2023\/01\/26\/mclaren-pato-oward-indy-2023\/"},"modified":"2023-01-26T14:14:31","modified_gmt":"2023-01-26T17:14:31","slug":"mclaren-pato-oward-indy-2023","status":"publish","type":"post","link":"https:\/\/grandepremio.com\/es\/indy\/mclaren-pato-oward-indy-2023\/","title":{"rendered":"McLaren presenta auto de O&#8217;Ward para la temporada 2023 de la Indy"},"content":{"rendered":"\n<p class=\"wp-block-paragraph\">McLaren revel\u00f3 este jueves el tercer y \u00faltimo auto de su alineaci\u00f3n para disputar para la temporada 2023 de la IndyCar. Y en esta oportunidad, la escuder\u00eda brit\u00e1nica present\u00f3 el nuevo auto #5 del mexicano Pato O&#8217;Ward. En su decoraci\u00f3n, el monoplaza no presenta grandes novedades con respecto a su dise\u00f1o en 2022.<\/p>\n\n\n\n<p class=\"wp-block-paragraph\">El esquema de colores del auto de O&#8217;Ward es similar al de sus compa\u00f1eros de equipo Alexander Rossi y Felix Rosenqvist. No obstante, la principal diferencia contin\u00faa en el predominio del negro junto a la tradicional librea naranja de McLaren.<\/p>\n\n\n\n<p class=\"wp-block-paragraph\"><strong><strong>\u00a1Conoce el canal de Grande Pr\u00eamio en Espa\u00f1ol en\u00a0<a href=\"https:\/\/www.youtube.com\/channel\/UCDxWojGVUi9gWYhrY0pGbIQ\" target=\"_blank\" rel=\"noreferrer noopener\">YouTube<\/a>!<br>\u00a1Sigue a\u00a0Grande Pr\u00eamio en Espa\u00f1ol\u00a0en\u00a0<a href=\"https:\/\/twitter.com\/grandepremioES\" target=\"_blank\" rel=\"noreferrer noopener\">Twitter\u00a0<\/a>y en\u00a0<a href=\"https:\/\/www.instagram.com\/grandepremioes\/\" target=\"_blank\" rel=\"noreferrer noopener\">Instagram<\/a>!<\/strong><\/strong><\/p>\n\n\n\n<figure class=\"wp-block-video\"><video class=\"video-js vjs-big-play-centered\" data-gp-vjs=\"1\" controls src=\"https:\/\/www.grandepremio.com\/br\/wp-content\/uploads\/2023\/01\/wUbMjgKswn4ek_Ud.mp4\"><\/video><figcaption class=\"wp-element-caption\">McLaren present\u00f3 la decoraci\u00f3n del auto de Pato O&#8217;Ward para la Indy 2023. (Foto: McLaren)<\/figcaption><\/figure>\n\n\n\n<p class=\"wp-block-paragraph\">El color celeste, que tiene m\u00e1s presencia en el auto de sus compa\u00f1eros, est\u00e1 ubicado en el auto del mexicano en la parte superior de los pontones y con algunos cortes en la trompa.  <\/p>\n\n\n\n<p class=\"wp-block-paragraph\">Esta temporada 2023 ser\u00e1 la primera para el equipo brit\u00e1nico con tres autos en Indy. El equipo de Zak Brown opt\u00f3 por ceder el auto #7 de Rosenqvist a Rossi, mientras que el sueco pilotar\u00e1 el nuevo #6, que hasta entonces s\u00f3lo se utilizaba para la Indy 500. En paralelo, <a href=\"https:\/\/grandepremio.com\/es\/\/indy\/mclaren-reestructuracion-felix-rosenqvist-indy\/\" target=\"_blank\" rel=\"noreferrer noopener\">la escuder\u00eda tambi\u00e9n pas\u00f3 por una reorganizaci\u00f3n interna, con la salida del director del equipo, Taylor Kiel, que fue sustituido por Brad Barnhart.<\/a><\/p>\n\n\n\n<figure class=\"wp-block-image size-large\"><img decoding=\"async\" src=\"https:\/\/www.grandepremio.com\/br\/wp-content\/uploads\/2023\/01\/carro-oward-2-1024x679.jpg\" alt=\"\" class=\"wp-image-647475\"\/><figcaption class=\"wp-element-caption\">Adem\u00e1s del negro y naranja, el auto de Pato O&#8217;Ward tendr\u00e1 peque\u00f1os cortes en celeste. (Foto: Arrow McLaren)<\/figcaption><\/figure>\n\n\n\n<p class=\"wp-block-paragraph\">Ya en lo referente a la trayectoria de O&#8217;Ward, el mexicano encarar\u00e1 su cuarta temporada con McLaren, escuder\u00eda a la que lleg\u00f3 en 2020 tras actuaciones espor\u00e1dicas en los campeonatos de 2018 y 2019. En la categor\u00eda, ya disput\u00f3 56 competencias, con cuatro victorias y un tercer puesto en 2021 como mejor resultado. Ahora, como pr\u00f3ximo paso, arrancar\u00e1 la temporada de la Indy 2023 el 5 de marzo, con el <strong>GP de St. Pete<\/strong> en las calles de Florida.<\/p>\n\n\n\n<p class=\"wp-block-paragraph\"><\/p>\n","protected":false},"excerpt":{"rendered":"<p>McLaren revel\u00f3 el dise\u00f1o del auto con el que Pato O&#8217;Ward competir\u00e1 en la temporada 2023 de la Indy. En su decoraci\u00f3n, el mexicano mantendr\u00e1 el tradicional color negro junto a la librea naranja de la escuder\u00eda brit\u00e1nica.<\/p>\n","protected":false},"author":0,"featured_media":1010116469,"comment_status":"closed","ping_status":"closed","sticky":false,"template":"","format":"standard","meta":{"42wp_featured_image_caption":"","42wp_featured_image_credits":"","42wp_featured_video":"","42wp_featured_image_hidden":false,"42wp_authors_list":[],"footnotes":""},"categories":[7],"tags":[1607,3493,2373,3930,925,2805,269,1419],"42wp_author":[14223],"class_list":["post-20386","post","type-post","status-publish","format-standard","has-post-thumbnail","hentry","category-indy","tag-alexander-rossi","tag-arrow-mclaren-sp","tag-felix-rosenqvist","tag-formula-indy-2023","tag-indy","tag-indy-2023","tag-mclaren","tag-pato-oward","42wp_author-esteban-nieto"],"_links":{"self":[{"href":"https:\/\/grandepremio.com\/es\/wp-json\/wp\/v2\/posts\/20386","targetHints":{"allow":["GET"]}}],"collection":[{"href":"https:\/\/grandepremio.com\/es\/wp-json\/wp\/v2\/posts"}],"about":[{"href":"https:\/\/grandepremio.com\/es\/wp-json\/wp\/v2\/types\/post"}],"replies":[{"embeddable":true,"href":"https:\/\/grandepremio.com\/es\/wp-json\/wp\/v2\/comments?post=20386"}],"version-history":[{"count":0,"href":"https:\/\/grandepremio.com\/es\/wp-json\/wp\/v2\/posts\/20386\/revisions"}],"wp:featuredmedia":[{"embeddable":true,"href":"https:\/\/grandepremio.com\/es\/wp-json\/wp\/v2\/media\/1010116469"}],"wp:attachment":[{"href":"https:\/\/grandepremio.com\/es\/wp-json\/wp\/v2\/media?parent=20386"}],"wp:term":[{"taxonomy":"category","embeddable":true,"href":"https:\/\/grandepremio.com\/es\/wp-json\/wp\/v2\/categories?post=20386"},{"taxonomy":"post_tag","embeddable":true,"href":"https:\/\/grandepremio.com\/es\/wp-json\/wp\/v2\/tags?post=20386"},{"taxonomy":"42wp_author","embeddable":true,"href":"https:\/\/grandepremio.com\/es\/wp-json\/wp\/v2\/42wp_author?post=20386"}],"curies":[{"name":"wp","href":"https:\/\/api.w.org\/{rel}","templated":true}]}}