{"id":20389,"date":"2023-01-26T12:10:47","date_gmt":"2023-01-26T15:10:47","guid":{"rendered":"https:\/\/grandepremio.com\/es\/2023\/01\/26\/ktm-confirma-regreso-dani-pedrosa-motogp-wildcard-gp-espana\/"},"modified":"2023-01-26T12:15:06","modified_gmt":"2023-01-26T15:15:06","slug":"ktm-confirma-regreso-dani-pedrosa-motogp-wildcard-gp-espana","status":"publish","type":"post","link":"https:\/\/grandepremio.com\/es\/motogp\/ktm-confirma-regreso-dani-pedrosa-motogp-wildcard-gp-espana\/","title":{"rendered":"KTM confirma el regreso de Dani Pedrosa a MotoGP como wildcard en el GP de Espa\u00f1a"},"content":{"rendered":"\n<p class=\"wp-block-paragraph\"><strong>Dani Pedrosa<\/strong> estar\u00e1 de nuevo en la parrilla de <a href=\"https:\/\/grandepremio.com\/es\/\/motogp\/\" target=\"_blank\" rel=\"noreferrer noopener\">MotoGP <\/a>como wildcard. Tras participar en el<strong> GP de Estiria <\/strong>de 2021, el espa\u00f1ol pilotar\u00e1 la <strong>KTM <\/strong>en el <strong>GP de Espa\u00f1a<\/strong> de la temporada 2023, previsto para el 30 de abril en <strong>Jerez de la Frontera.<\/strong><\/p>\n\n\n\n<p class=\"wp-block-paragraph\">La noticia fue revelada por el jefe del equipo austriaco, <strong>Francesco Guidotti<\/strong>, poco despu\u00e9s de la presentaci\u00f3n de la <strong>RC16<\/strong> durante la ma\u00f1ana de este jueves. En una videollamada, el director confirm\u00f3 a los periodistas el wildcard para el bicampe\u00f3n del mundo de 250cc.<\/p>\n\n\n\n<p class=\"wp-block-paragraph\">&#8220;Me han confirmado hace unos minutos que <strong>Dani <\/strong>tendr\u00e1 un wildcard en <strong>Jerez<\/strong>&#8220;, dijo <strong>Guidotti<\/strong>.<\/p>\n\n\n\n<p class=\"wp-block-paragraph\"><strong><strong>\u00a1Conoce el canal de Grande Pr\u00eamio en Espa\u00f1ol en\u00a0<a href=\"https:\/\/www.youtube.com\/channel\/UCDxWojGVUi9gWYhrY0pGbIQ\" target=\"_blank\" rel=\"noreferrer noopener\">YouTube<\/a>!<br>\u00a1Sigue a\u00a0Grande Pr\u00eamio en Espa\u00f1ol\u00a0en\u00a0<a href=\"https:\/\/twitter.com\/grandepremioES\" target=\"_blank\" rel=\"noreferrer noopener\">Twitter\u00a0<\/a>y en\u00a0<a href=\"https:\/\/www.instagram.com\/grandepremioes\/\" target=\"_blank\" rel=\"noreferrer noopener\">Instagram<\/a>!<\/strong><\/strong><\/p>\n\n\n\n<figure class=\"wp-block-image size-large\"><img decoding=\"async\" src=\"https:\/\/www.grandepremio.com\/br\/wp-content\/uploads\/2021\/08\/398364_Dani-Pedrosa_Red-Bull-KTM_MotoGP_RC16_Red-Bull-Ring-Spielberg-_AUT_06-08-2021-3-1024x683.jpg\" alt=\"\" class=\"wp-image-497118\"\/><figcaption class=\"wp-element-caption\">Dani Pedrosa particip\u00f3 en una carrera de MotoGP por \u00faltima vez en 2021 (Foto: KTM)<\/figcaption><\/figure>\n\n\n\n<p class=\"wp-block-paragraph\">Pedrosa es contempor\u00e1neo de pilotos de la talla de<strong> Valentino Rossi, Jorge Lorenzo y Marc M\u00e1rquez, <\/strong>habiendo corrido en <strong>MotoGP <\/strong>de 2006 a 2018 con <strong>Honda<\/strong>, logrando tres subcampeonatos (2007, 2010 y 2012). Consigui\u00f3 31 victorias en la categor\u00eda reina y 31 poles en las 13 temporadas disputadas.<\/p>\n\n\n\n<p class=\"wp-block-paragraph\">Tras su retirada, el eterno #26 asumi\u00f3 las funciones de piloto de pruebas para <strong>KTM<\/strong>. En 2021, ya con la moto de f\u00e1brica austriaca, sali\u00f3 14\u00ba en la ronda de <strong>Estiria <\/strong>y cruz\u00f3 la meta el 10\u00ba. Antes, sin embargo, el veterano piloto tuvo un gran susto: tras caerse a la salida de la curva 3 del<strong> Red Bull Ring <\/strong>en las primeras vueltas, la moto de <strong>Pedrosa <\/strong>qued\u00f3 en medio de la pista y fue golpeada fuertemente por Lorenzo <strong>Savadori<\/strong>.<\/p>\n\n\n\n<p class=\"wp-block-paragraph\">Con el impacto, la moto se incendi\u00f3. El director de carrera sac\u00f3 la bandera roja y detuvo la carrera. <strong>Savadori <\/strong>fue operado del tobillo tras la ca\u00edda, mientras que <strong>Pedrosa<\/strong> pudo volver a la carrera.<\/p>\n\n\n\n<p class=\"wp-block-paragraph\"><strong>Guidotti <\/strong>tambi\u00e9n ha confirmado que <strong>Jonas Folger<\/strong> probar\u00e1 con <strong>KTM <\/strong>el mes que viene en <strong>Sepang<\/strong>. El Campeonato del Mundo de Motociclismo 2023 arranca el 26 de marzo en <strong>Portugal<\/strong>.<\/p>\n","protected":false},"excerpt":{"rendered":"<p>Tras participar en el GP de Estiria de 2021, Dani Pedrosa volver\u00e1 a estar en la parrilla de MotoGP con KTM, esta vez ante su p\u00fablico espa\u00f1ol en Jerez. <\/p>\n","protected":false},"author":0,"featured_media":1010116440,"comment_status":"closed","ping_status":"closed","sticky":false,"template":"","format":"standard","meta":{"42wp_featured_image_caption":"","42wp_featured_image_credits":"","42wp_featured_video":"","42wp_featured_image_hidden":false,"42wp_authors_list":[],"footnotes":""},"categories":[8],"tags":[1531,5316,588,2236,3438,2237,1305,1381,5300,855,1293,2657,1764,5315],"42wp_author":[14233],"class_list":["post-20389","post","type-post","status-publish","format-standard","has-post-thumbnail","hentry","category-motogp","tag-dani-pedrosa","tag-francesco-guidotti","tag-gp-de-espana","tag-grande-premio-2","tag-grande-premio-en-espanol","tag-grandepremio","tag-jerez-de-la-frontera","tag-ktm","tag-ktm-red-bull","tag-motociclismo","tag-motogp","tag-motogp-2023","tag-mundial-de-motociclismo","tag-wildcard","42wp_author-eric-calduch"],"_links":{"self":[{"href":"https:\/\/grandepremio.com\/es\/wp-json\/wp\/v2\/posts\/20389","targetHints":{"allow":["GET"]}}],"collection":[{"href":"https:\/\/grandepremio.com\/es\/wp-json\/wp\/v2\/posts"}],"about":[{"href":"https:\/\/grandepremio.com\/es\/wp-json\/wp\/v2\/types\/post"}],"replies":[{"embeddable":true,"href":"https:\/\/grandepremio.com\/es\/wp-json\/wp\/v2\/comments?post=20389"}],"version-history":[{"count":0,"href":"https:\/\/grandepremio.com\/es\/wp-json\/wp\/v2\/posts\/20389\/revisions"}],"wp:featuredmedia":[{"embeddable":true,"href":"https:\/\/grandepremio.com\/es\/wp-json\/wp\/v2\/media\/1010116440"}],"wp:attachment":[{"href":"https:\/\/grandepremio.com\/es\/wp-json\/wp\/v2\/media?parent=20389"}],"wp:term":[{"taxonomy":"category","embeddable":true,"href":"https:\/\/grandepremio.com\/es\/wp-json\/wp\/v2\/categories?post=20389"},{"taxonomy":"post_tag","embeddable":true,"href":"https:\/\/grandepremio.com\/es\/wp-json\/wp\/v2\/tags?post=20389"},{"taxonomy":"42wp_author","embeddable":true,"href":"https:\/\/grandepremio.com\/es\/wp-json\/wp\/v2\/42wp_author?post=20389"}],"curies":[{"name":"wp","href":"https:\/\/api.w.org\/{rel}","templated":true}]}}