{"id":20401,"date":"2023-01-25T08:18:52","date_gmt":"2023-01-25T11:18:52","guid":{"rendered":"https:\/\/grandepremio.com\/es\/2023\/01\/25\/lewis-hamilton-respeta-max-verstappen-critica\/"},"modified":"2023-01-25T09:48:56","modified_gmt":"2023-01-25T12:48:56","slug":"lewis-hamilton-respeta-max-verstappen-critica","status":"publish","type":"post","link":"https:\/\/grandepremio.com\/es\/f1\/lewis-hamilton-respeta-max-verstappen-critica\/","title":{"rendered":"Hamilton admite que &#8220;respeta&#8221; a Verstappen, pero critica: &#8220;No puedo hablar por \u00e9l&#8221;"},"content":{"rendered":"\n<p class=\"wp-block-paragraph\">La rivalidad entre <strong>Lewis Hamilton<\/strong> y <strong>Max Verstappen<\/strong> se ha enfriado en 2022, aunque ambos tuvieron un encontronazo en Interlagos que record\u00f3 a la gran rivalidad de <a href=\"https:\/\/grandepremio.com\/es\/\/f1\/\" target=\"_blank\" rel=\"noreferrer noopener\">F1 2021<\/a>. El episodio gener\u00f3 algunas declaraciones pol\u00e9micas, con el holand\u00e9s quej\u00e1ndose de la falta de espacio y el brit\u00e1nico atizando a <strong>Max<\/strong> diciendo que ten\u00eda una diana en la espalda.<\/p>\n\n\n\n<p class=\"wp-block-paragraph\">En una entrevista con el portal <em>Formule 1 Maganize<\/em>, <strong>Lewis<\/strong> volvi\u00f3 a comentar las disputas con <strong>Verstappen<\/strong>. El siete veces campe\u00f3n subray\u00f3 que no existe hostilidad entre ambos y destac\u00f3 su respeto por el piloto de <strong>Red Bull<\/strong>: &#8220;A la gente le gusta hablar de posibles problemas entre <strong>Max<\/strong> y yo. Son cuentos de hadas. Le respeto&#8221;, dijo <strong>Hamilton<\/strong>.<\/p>\n\n\n\n<p class=\"wp-block-paragraph\"><strong>Lewis<\/strong> tambi\u00e9n elogi\u00f3 la temporada 2021 del holand\u00e9s, justo cuando fue batido en la \u00faltima vuelta y perdi\u00f3 el que ser\u00eda su octavo t\u00edtulo. Aun as\u00ed, el brit\u00e1nico no perdi\u00f3 la oportunidad de criticar a <strong>Max<\/strong> y mantener viva la rivalidad, afirmando que cree que no hay ning\u00fan problema, pero que no puede hablar por <strong>Verstappen<\/strong>.<\/p>\n\n\n\n<p class=\"wp-block-paragraph\"><strong><strong>\u00a1Conoce el canal de Grande Pr\u00eamio en Espa\u00f1ol en&nbsp;<a href=\"https:\/\/www.youtube.com\/channel\/UCDxWojGVUi9gWYhrY0pGbIQ\" target=\"_blank\" rel=\"noreferrer noopener\">YouTube<\/a>!<br>\u00a1Sigue a&nbsp;Grande Pr\u00eamio en Espa\u00f1ol&nbsp;en&nbsp;<a href=\"https:\/\/twitter.com\/grandepremioES\" target=\"_blank\" rel=\"noreferrer noopener\">Twitter&nbsp;<\/a>y en&nbsp;<a href=\"https:\/\/www.instagram.com\/grandepremioes\/\" target=\"_blank\" rel=\"noreferrer noopener\">Instagram<\/a>!<\/strong><\/strong><\/p>\n\n\n\n<figure class=\"wp-block-image size-large\"><img decoding=\"async\" src=\"https:\/\/www.grandepremio.com\/br\/wp-content\/uploads\/2022\/05\/Verstappen-Red-Bull-Hamilton-Imola-Credito-Twitter-Mercedes-scaled-3-1024x683.jpg\" alt=\"\" class=\"wp-image-572589\"\/><figcaption class=\"wp-element-caption\">Hamilton y Verstappen se tocaron rueda a rueda varias veces en 2021 (Foto: Reproducci\u00f3n\/Mercedes)<\/figcaption><\/figure>\n\n\n\n<p class=\"wp-block-paragraph\">&#8220;Es mucho m\u00e1s joven, as\u00ed que quiz\u00e1 tenga un problema conmigo. Pero no estoy seguro de eso y de hecho pienso que no lo tiene, aunque no puedo hablar por \u00e9l. Hizo todo lo que ten\u00eda que hacer en 2021, as\u00ed que \u00bfpor qu\u00e9 deber\u00eda tener un problema con \u00e9l? Ha rendido bien y ha ofrecido resultados cada fin de semana, nadie puede quit\u00e1rselo&#8221;, subray\u00f3 <strong>Hamilton<\/strong>.<\/p>\n\n\n\n<p class=\"wp-block-paragraph\">Si el siete veces campe\u00f3n se cuestiona si tiene el respeto de <strong>Verstappen<\/strong>, el holand\u00e9s ha dejado claro en ocasiones su aprecio por los logros del brit\u00e1nico, sobre todo tras su toque en el <strong>GP de Sao Paulo 2022. <\/strong>En una entrevista concedida al <em>Daily Mail <\/em>en noviembre del a\u00f1o pasado, <strong>Max<\/strong> subray\u00f3 que Lewis es uno de los grandes nombres de la historia del deporte.<\/p>\n\n\n\n<figure class=\"wp-block-image size-large\"><img decoding=\"async\" src=\"https:\/\/www.grandepremio.com\/br\/wp-content\/uploads\/2022\/11\/mercedes-lewishamilton-02-5-1024x683.jpg\" alt=\"\" class=\"wp-image-632200\"\/><figcaption class=\"wp-element-caption\">Lewis Hamilton y Max Verstappen recordaron 2021 en Interlagos (Foto: Rodrigo Berton\/Grande Pr\u00eamio)<\/figcaption><\/figure>\n\n\n\n<p class=\"wp-block-paragraph\">&#8220;Siempre me han ense\u00f1ado que hay que respetar lo que la gente ha conseguido en el deporte. No tengo ning\u00fan problema con lo que ha conseguido <strong>Lewis<\/strong>. Es uno de los mejores de todos los tiempos. S\u00e9 que no es s\u00f3lo el coche que conduce. Ayuda, todos lo sabemos, pero a\u00fan as\u00ed tienes que batir a tu compa\u00f1ero de equipo y <strong>Lewis<\/strong> lo ha hecho sistem\u00e1ticamente. Creo que hay que reconocer que el piloto tambi\u00e9n hace un trabajo incre\u00edble&#8221;, dijo <strong>Verstappen<\/strong>.<\/p>\n\n\n\n<p class=\"wp-block-paragraph\">Ambos volver\u00e1n a la pista el 5 de marzo, cuando la <strong>F\u00f3rmula 1<\/strong> empiece a trabajar en la temporada 2023 en el <strong>GP de Bahr\u00e9in.<\/strong> Antes, la F1 realizar\u00e1 pruebas de pretemporada entre el 23 y el 25 de febrero, tambi\u00e9n en Bahr\u00e9in.<\/p>\n","protected":false},"excerpt":{"rendered":"<p>Lewis Hamilton dijo que las especulaciones sobre una posible enemistad con Max Verstappen son &#8220;cuentos de hadas&#8221;, destac\u00f3 su respeto por el holand\u00e9s, pero no se dej\u00f3 de cr\u00edticas sobre su rival.<\/p>\n","protected":false},"author":0,"featured_media":1010115881,"comment_status":"closed","ping_status":"closed","sticky":false,"template":"","format":"standard","meta":{"42wp_featured_image_caption":"","42wp_featured_image_credits":"","42wp_featured_video":"","42wp_featured_image_hidden":false,"42wp_authors_list":[],"footnotes":""},"categories":[5],"tags":[181,1495,1676,179,1439,3703,2236,3438,2237,199,249,197,206,5279],"42wp_author":[14233],"class_list":["post-20401","post","type-post","status-publish","format-standard","has-post-thumbnail","hentry","category-f1","tag-f1","tag-f1-2022","tag-f1-2023","tag-formula-1","tag-formula-1-2022","tag-gp-de-sao-paulo-2022","tag-grande-premio-2","tag-grande-premio-en-espanol","tag-grandepremio","tag-lewis-hamilton","tag-max-verstappen","tag-mercedes","tag-red-bull","tag-respeto","42wp_author-eric-calduch"],"_links":{"self":[{"href":"https:\/\/grandepremio.com\/es\/wp-json\/wp\/v2\/posts\/20401","targetHints":{"allow":["GET"]}}],"collection":[{"href":"https:\/\/grandepremio.com\/es\/wp-json\/wp\/v2\/posts"}],"about":[{"href":"https:\/\/grandepremio.com\/es\/wp-json\/wp\/v2\/types\/post"}],"replies":[{"embeddable":true,"href":"https:\/\/grandepremio.com\/es\/wp-json\/wp\/v2\/comments?post=20401"}],"version-history":[{"count":0,"href":"https:\/\/grandepremio.com\/es\/wp-json\/wp\/v2\/posts\/20401\/revisions"}],"wp:featuredmedia":[{"embeddable":true,"href":"https:\/\/grandepremio.com\/es\/wp-json\/wp\/v2\/media\/1010115881"}],"wp:attachment":[{"href":"https:\/\/grandepremio.com\/es\/wp-json\/wp\/v2\/media?parent=20401"}],"wp:term":[{"taxonomy":"category","embeddable":true,"href":"https:\/\/grandepremio.com\/es\/wp-json\/wp\/v2\/categories?post=20401"},{"taxonomy":"post_tag","embeddable":true,"href":"https:\/\/grandepremio.com\/es\/wp-json\/wp\/v2\/tags?post=20401"},{"taxonomy":"42wp_author","embeddable":true,"href":"https:\/\/grandepremio.com\/es\/wp-json\/wp\/v2\/42wp_author?post=20401"}],"curies":[{"name":"wp","href":"https:\/\/api.w.org\/{rel}","templated":true}]}}