{"id":20416,"date":"2023-01-22T13:29:10","date_gmt":"2023-01-22T16:29:10","guid":{"rendered":"https:\/\/grandepremio.com\/es\/2023\/01\/22\/alphatauri-admite-queria-mick-schumacher\/"},"modified":"2023-01-22T13:29:13","modified_gmt":"2023-01-22T16:29:13","slug":"alphatauri-admite-queria-mick-schumacher","status":"publish","type":"post","link":"https:\/\/grandepremio.com\/es\/f1\/alphatauri-admite-queria-mick-schumacher\/","title":{"rendered":"AlphaTauri admite que quer\u00eda a Schumacher, pero &#8220;razones pol\u00edticas&#8221; se lo impidieron"},"content":{"rendered":"\n<p class=\"wp-block-paragraph\"><strong>Mick Schumacher<\/strong> tuvo que conformarse con el asiento de piloto reserva de <strong>Mercedes<\/strong> tras no renovar su contrato con <strong>Haas<\/strong> y quedarse fuera de la parrilla de <strong>F\u00f3rmula 1<\/strong> en 2023. Pero a algunos equipos les habr\u00eda gustado que el a\u00f1o del piloto alem\u00e1n terminara de otra manera: el jefe de <strong>AlphaTauri<\/strong>, <strong>Franz Tost<\/strong>, confirm\u00f3 que le habr\u00eda gustado fichar a Mick para sustituir a <strong>Pierre Gasly<\/strong> en 2023.<\/p>\n\n\n\n<p class=\"wp-block-paragraph\">Incluso con una temporada tonta muy ajetreada, hubo pocas oportunidades para el piloto alem\u00e1n fuera de Haas. Pronto qued\u00f3 claro que no era una opci\u00f3n para <strong>Aston Martin<\/strong> o <strong>Williams<\/strong>, que tambi\u00e9n ten\u00edan vacantes en sus filas. Pero AlphaTauri vio algo m\u00e1s: quer\u00edan al piloto. Pero <strong>Red Bull<\/strong> ten\u00eda otros planes.<\/p>\n\n\n\n<p class=\"wp-block-paragraph\"><strong><strong><strong>\u00a1Conoce el canal de Grande Pr\u00eamio en Espa\u00f1ol en\u00a0<a href=\"https:\/\/www.youtube.com\/channel\/UCDxWojGVUi9gWYhrY0pGbIQ\" target=\"_blank\" rel=\"noreferrer noopener\">YouTube<\/a>!<br>\u00a1Sigue a\u00a0Grande Pr\u00eamio en Espa\u00f1ol\u00a0en\u00a0<a href=\"https:\/\/twitter.com\/grandepremioES\" target=\"_blank\" rel=\"noreferrer noopener\">Twitter\u00a0<\/a>y en\u00a0<a href=\"https:\/\/www.instagram.com\/grandepremioes\/\" target=\"_blank\" rel=\"noreferrer noopener\">Instagram<\/a>!<\/strong><\/strong><\/strong><\/p>\n\n\n\n<p class=\"wp-block-paragraph\">Seg\u00fan Tost, determinadas circunstancias -principalmente pol\u00edticas- fueron decisivas para impedir que ambas partes llegaran a un acuerdo. &#8220;Me gustar\u00eda tener a Mick en uno de los coches. Estoy convencido de que tiene talento y lo necesario para pilotar con \u00e9xito en la F\u00f3rmula 1&#8221;, declar\u00f3 el austriaco.<\/p>\n\n\n\n<figure class=\"wp-block-image size-large\"><img decoding=\"async\" src=\"https:\/\/www.grandepremio.com\/br\/wp-content\/uploads\/2021\/01\/SI202002150309_hires_jpeg_24bit_rgb-1024x683.jpg\" alt=\"\" class=\"wp-image-446555\"\/><figcaption>El jefe de AlphaTauri, Franz Tost, quer\u00eda a Mick Schumacher en el equipo (Foto: Red Bull Content Pool)<\/figcaption><\/figure>\n\n\n\n<p class=\"wp-block-paragraph\">En opini\u00f3n del director, Schumacher era el candidato m\u00e1s adecuado para ocupar el puesto de Gasly, que se march\u00f3 a los garajes de Alpine. Sin embargo, su relaci\u00f3n hasta casi finales de 2022 con la Academia Ferrari fren\u00f3 las cosas. Red Bull prefiri\u00f3 centrarse en su programa juvenil. Al final, tuvo que buscar fuera de todos modos y se conform\u00f3 con <strong>Nyck de Vries<\/strong>, adem\u00e1s de renovar a <strong>Yuki Tsunoda<\/strong>.<\/p>\n\n\n\n<p class=\"wp-block-paragraph\">Y aunque es el hombre al frente del equipo de Faenza, Tost no tiene toda la autoridad para elegir qui\u00e9n se hace cargo de los coches de AlphaTauri. Eso lo pone Red Bull.<\/p>\n\n\n\n<p class=\"wp-block-paragraph\">VER TAMBI\u00c9N<br><a href=\"https:\/\/grandepremio.com\/es\/\/f1\/max-verstappen-encabeza-lista-mayores-salarios-formula-1-2023\/\">Verstappen encabeza la lista de los mayores salarios de la F1 2023; Hamilton s\u00f3lo es 3\u00ba<\/a><br><a href=\"https:\/\/grandepremio.com\/es\/\/f1\/promotor-jeddah-seguira-sede-gp-arabia-saudita-2027\/\">Promotor revela que Jeddah seguir\u00e1 como sede del GP de Arabia Saudita hasta 2027<\/a><\/p>\n\n\n\n<p class=\"wp-block-paragraph\">Ahora, las posibilidades de Schumacher con AlphaTauri son pr\u00e1cticamente nulas, ya que Red Bull ha subido pilotos en profusi\u00f3n en la parrilla de la F\u00f3rmula 2. Por ejemplo, <strong>Enzo Fittipaldi<\/strong>, <strong>Liam Lawson<\/strong>, <strong>Zane Maloney<\/strong> e <strong>Isack Hadjar<\/strong>, que se perfilan como candidatos a subirse a un monoplaza de F\u00f3rmula 1 en 2024 si hacen una buena campa\u00f1a en 2023.<\/p>\n\n\n\n<p class=\"wp-block-paragraph\">Pero Mick a\u00fan puede so\u00f1ar con la F\u00f3rmula 1. Mercedes cree que si el piloto se inspira en los pasos de De Vries, podr\u00e1 ganarse un puesto en la parrilla como titular en el futuro.<\/p>\n","protected":false},"excerpt":{"rendered":"<p>El jefe de AlphaTauri, Franz Tost, quer\u00eda a Mick Schumacher en el coche de 2023, pero Red Bull vet\u00f3 el acuerdo. Buscaba a alguien con m\u00e1s identificaci\u00f3n.<\/p>\n","protected":false},"author":0,"featured_media":1010102686,"comment_status":"closed","ping_status":"closed","sticky":false,"template":"","format":"standard","meta":{"42wp_featured_image_caption":"","42wp_featured_image_credits":"","42wp_featured_video":"","42wp_featured_image_hidden":false,"42wp_authors_list":[],"footnotes":""},"categories":[5],"tags":[508,181,1495,1676,179,1425,1488,2237,371,1540,427,206,3902,368],"42wp_author":[14234],"class_list":["post-20416","post","type-post","status-publish","format-standard","has-post-thumbnail","hentry","category-f1","tag-alphatauri","tag-f1","tag-f1-2022","tag-f1-2023","tag-formula-1","tag-franz-tost","tag-grande-premio","tag-grandepremio","tag-mick-schumacher","tag-nyck-de-vries","tag-pierre-gasly","tag-red-bull","tag-red-bull-junior-team","tag-yuki-tsunoda","42wp_author-douglas-rocha"],"_links":{"self":[{"href":"https:\/\/grandepremio.com\/es\/wp-json\/wp\/v2\/posts\/20416","targetHints":{"allow":["GET"]}}],"collection":[{"href":"https:\/\/grandepremio.com\/es\/wp-json\/wp\/v2\/posts"}],"about":[{"href":"https:\/\/grandepremio.com\/es\/wp-json\/wp\/v2\/types\/post"}],"replies":[{"embeddable":true,"href":"https:\/\/grandepremio.com\/es\/wp-json\/wp\/v2\/comments?post=20416"}],"version-history":[{"count":0,"href":"https:\/\/grandepremio.com\/es\/wp-json\/wp\/v2\/posts\/20416\/revisions"}],"wp:featuredmedia":[{"embeddable":true,"href":"https:\/\/grandepremio.com\/es\/wp-json\/wp\/v2\/media\/1010102686"}],"wp:attachment":[{"href":"https:\/\/grandepremio.com\/es\/wp-json\/wp\/v2\/media?parent=20416"}],"wp:term":[{"taxonomy":"category","embeddable":true,"href":"https:\/\/grandepremio.com\/es\/wp-json\/wp\/v2\/categories?post=20416"},{"taxonomy":"post_tag","embeddable":true,"href":"https:\/\/grandepremio.com\/es\/wp-json\/wp\/v2\/tags?post=20416"},{"taxonomy":"42wp_author","embeddable":true,"href":"https:\/\/grandepremio.com\/es\/wp-json\/wp\/v2\/42wp_author?post=20416"}],"curies":[{"name":"wp","href":"https:\/\/api.w.org\/{rel}","templated":true}]}}