{"id":20419,"date":"2023-01-22T10:54:37","date_gmt":"2023-01-22T13:54:37","guid":{"rendered":"https:\/\/grandepremio.com\/es\/2023\/01\/22\/ferrari-prioritaria-renovacion-charles-leclerc\/"},"modified":"2023-01-22T10:58:22","modified_gmt":"2023-01-22T13:58:22","slug":"ferrari-prioritaria-renovacion-charles-leclerc","status":"publish","type":"post","link":"https:\/\/grandepremio.com\/es\/f1\/ferrari-prioritaria-renovacion-charles-leclerc\/","title":{"rendered":"Ferrari considera prioritaria la renovaci\u00f3n del contrato de Leclerc para 2023"},"content":{"rendered":"\n<p class=\"wp-block-paragraph\">Fuera de la pista, la prioridad de <strong>Ferrari<\/strong> para la temporada 2023 de <strong>F\u00f3rmula 1<\/strong> es conseguir una ampliaci\u00f3n de contrato para <strong>Charles Leclerc<\/strong>. El contrato actual del monegasco con la escuder\u00eda italiana se extiende hasta finales del a\u00f1o que viene y el equipo de <strong>Maranello<\/strong> ya est\u00e1 empezando a trazar sus planes de futuro al respecto.<\/p>\n\n\n\n<p class=\"wp-block-paragraph\"><strong><strong><strong>\u00a1Conoce el canal de Grande Pr\u00eamio en Espa\u00f1ol en\u00a0<a href=\"https:\/\/www.youtube.com\/channel\/UCDxWojGVUi9gWYhrY0pGbIQ\" target=\"_blank\" rel=\"noreferrer noopener\">YouTube<\/a>!<br>\u00a1Sigue a\u00a0Grande Pr\u00eamio en Espa\u00f1ol\u00a0en\u00a0<a href=\"https:\/\/twitter.com\/grandepremioES\" target=\"_blank\" rel=\"noreferrer noopener\">Twitter\u00a0<\/a>y en\u00a0<a href=\"https:\/\/www.instagram.com\/grandepremioes\/\" target=\"_blank\" rel=\"noreferrer noopener\">Instagram<\/a>!<\/strong><\/strong><\/strong><\/p>\n\n\n\n<p class=\"wp-block-paragraph\">La llegada de <strong>Fr\u00e9d\u00e9ric Vasseur<\/strong> al tim\u00f3n del equipo se consider\u00f3 un paso en esa direcci\u00f3n. El antiguo jefe de <strong>Alfa Romeo<\/strong> y el monegasco mantienen una buena relaci\u00f3n desde sus tiempos de juventud. <a href=\"https:\/\/grandepremio.com\/es\/\/f1\/mattia-binotto-acuerdo-deja-ferrari\/\">Leclerc hab\u00eda estado descontento con <strong>Mattia Binotto<\/strong><\/a>, y el peri\u00f3dico franc\u00e9s L&#8217;\u00c9quipe inform\u00f3 de que su relaci\u00f3n hab\u00eda estado en desacuerdo desde el <strong>GP de Gran Breta\u00f1a de 2022<\/strong>. Ese fin de semana, el piloto se qued\u00f3 sin ganar tras una mala elecci\u00f3n estrat\u00e9gica del equipo, perdiendo incluso el podio.<\/p>\n\n\n\n<p class=\"wp-block-paragraph\">A pesar del aumento de rendimiento en 2022 y de la temprana ventaja en el campeonato, Ferrari cometi\u00f3 varios errores estrat\u00e9gicos y operativos a lo largo de la carrera. Por ello, el propio equipo de Maranello y, en consecuencia, Leclerc perdieran fuerza durante la competici\u00f3n. A pesar de la consolidada colaboraci\u00f3n entre las partes, no se puede dar por sentado que la paciencia de los monegascos sea infinita.<\/p>\n\n\n\n<figure class=\"wp-block-image size-large\"><img decoding=\"async\" src=\"https:\/\/www.grandepremio.com\/br\/wp-content\/uploads\/2023\/01\/2200138-scuderia-ferrari-Fre\u0301de\u0301ric-Vasseur-2023-1024x678.jpg\" alt=\"\" class=\"wp-image-646038\"\/><figcaption>Fr\u00e9d\u00e9ric Vasseur es el nuevo jefe de Ferrari (Foto: Ferrari)<\/figcaption><\/figure>\n\n\n\n<p class=\"wp-block-paragraph\"><strong>VER TAMBI\u00c9N<br><a href=\"https:\/\/grandepremio.com\/es\/\/f1\/charles-leclerc-ensalza-madurez-f1-2023\/\">Leclerc ensalza su madurez y pide \u00abpeque\u00f1as mejoras\u00bb para el t\u00edtulo de la F1 2023<\/a><br><a href=\"https:\/\/grandepremio.com\/es\/\/f1\/massa-elogia-alonso-bastante-dificil-trabajar-juntos\/\">Massa elogia a Alonso, pero reitera: \u00abFue bastante dif\u00edcil trabajar juntos\u00bb<\/a><\/strong><\/p>\n\n\n\n<p class=\"wp-block-paragraph\">Otro problema, seg\u00fan el sitio web Formu1a.uno, se refiere a la sustituci\u00f3n. Seg\u00fan la evaluaci\u00f3n interna del equipo italiano, no hay ning\u00fan piloto en la Academia capaz de adaptarse inmediatamente a la m\u00e1xima categor\u00eda del automovilismo mundial y ofrecer resultados relevantes de inmediato.<\/p>\n\n\n\n<p class=\"wp-block-paragraph\">Ferrari conf\u00eda plenamente en el coche de 2023 para su plan de mantener a Leclerc. <a href=\"https:\/\/grandepremio.com\/es\/\/f1\/ferrari-datos-positivos-1s-rapido-trabaja-f1-2023\/\">Los primeros datos del simulador son muy alentadores<\/a>. Si el coche del equipo es capaz de luchar constantemente en primera l\u00ednea y de conseguir victorias, la tendencia es que la renovaci\u00f3n del contrato del monegasco se resuelva r\u00e1pidamente.<\/p>\n\n\n\n<p class=\"wp-block-paragraph\">De no ser as\u00ed, el equipo de Maranello dar\u00e1 prioridad un plan de contingencia para evitar el desgaste del piloto. Bas\u00e1ndose en su experiencia con <strong>Fernando Alonso<\/strong> y <strong>Sebastian Vettel<\/strong>, cuando ambos veteranos se marcharon de la Scuderia tras fracasar en sus intentos de ganar el t\u00edtulo, Ferrari quiere evitar a toda costa un escenario similar.<\/p>\n\n\n\n<p class=\"wp-block-paragraph\"><strong>#VIEJOTALLER<\/strong><br><a href=\"https:\/\/grandepremio.com\/es\/\/f1\/alberto-ascari-fangio-ferrari-viejo-taller-f1-argentina-1953\/\"><strong>Ascari lidera 1-2 de Ferrari en el tr\u00e1gico debut de la F\u00f3rmula 1 en Argentina<\/strong><\/a><\/p>\n","protected":false},"excerpt":{"rendered":"<p>Charles Leclerc tiene contrato con Ferrari hasta finales de 2024. Para evitar futuros dolores de cabeza, el equipo italiano ya se est\u00e1 moviendo para asegurar la continuidad del monegasco.<\/p>\n","protected":false},"author":0,"featured_media":1010109841,"comment_status":"closed","ping_status":"closed","sticky":false,"template":"","format":"standard","meta":{"42wp_featured_image_caption":"","42wp_featured_image_credits":"","42wp_featured_video":"","42wp_featured_image_hidden":false,"42wp_authors_list":[],"footnotes":""},"categories":[5],"tags":[247,5194,181,1676,185,179,1892,1488,2237,439],"42wp_author":[14234],"class_list":["post-20419","post","type-post","status-publish","format-standard","has-post-thumbnail","hentry","category-f1","tag-charles-leclerc","tag-contrato-leclerc-ferrari","tag-f1","tag-f1-2023","tag-ferrari","tag-formula-1","tag-frederic-vasseur-3","tag-grande-premio","tag-grandepremio","tag-mattia-binotto","42wp_author-douglas-rocha"],"_links":{"self":[{"href":"https:\/\/grandepremio.com\/es\/wp-json\/wp\/v2\/posts\/20419","targetHints":{"allow":["GET"]}}],"collection":[{"href":"https:\/\/grandepremio.com\/es\/wp-json\/wp\/v2\/posts"}],"about":[{"href":"https:\/\/grandepremio.com\/es\/wp-json\/wp\/v2\/types\/post"}],"replies":[{"embeddable":true,"href":"https:\/\/grandepremio.com\/es\/wp-json\/wp\/v2\/comments?post=20419"}],"version-history":[{"count":0,"href":"https:\/\/grandepremio.com\/es\/wp-json\/wp\/v2\/posts\/20419\/revisions"}],"wp:featuredmedia":[{"embeddable":true,"href":"https:\/\/grandepremio.com\/es\/wp-json\/wp\/v2\/media\/1010109841"}],"wp:attachment":[{"href":"https:\/\/grandepremio.com\/es\/wp-json\/wp\/v2\/media?parent=20419"}],"wp:term":[{"taxonomy":"category","embeddable":true,"href":"https:\/\/grandepremio.com\/es\/wp-json\/wp\/v2\/categories?post=20419"},{"taxonomy":"post_tag","embeddable":true,"href":"https:\/\/grandepremio.com\/es\/wp-json\/wp\/v2\/tags?post=20419"},{"taxonomy":"42wp_author","embeddable":true,"href":"https:\/\/grandepremio.com\/es\/wp-json\/wp\/v2\/42wp_author?post=20419"}],"curies":[{"name":"wp","href":"https:\/\/api.w.org\/{rel}","templated":true}]}}