{"id":20427,"date":"2023-01-20T12:33:35","date_gmt":"2023-01-20T15:33:35","guid":{"rendered":"https:\/\/grandepremio.com\/es\/2023\/01\/20\/massa-elogia-alonso-bastante-dificil-trabajar-juntos\/"},"modified":"2023-01-20T12:45:40","modified_gmt":"2023-01-20T15:45:40","slug":"massa-elogia-alonso-bastante-dificil-trabajar-juntos","status":"publish","type":"post","link":"https:\/\/grandepremio.com\/es\/f1\/massa-elogia-alonso-bastante-dificil-trabajar-juntos\/","title":{"rendered":"Massa elogia a Alonso, pero reitera: &#8220;Fue bastante dif\u00edcil trabajar juntos&#8221;"},"content":{"rendered":"\n<p class=\"wp-block-paragraph\"><strong>Felipe Massa<\/strong> tuvo un prometedor inicio de carrera en sus primeros a\u00f1os en <strong>Ferrari<\/strong>, donde incluso lleg\u00f3  a rozar el t\u00edtulo de la temporada 2008 de <a href=\"https:\/\/grandepremio.com\/es\/\/f1\/\" target=\"_blank\" rel=\"noreferrer noopener\">F\u00f3rmula 1<\/a>. Sin embargo, un tr\u00e1gico accidente en la clasificaci\u00f3n del <strong>GP de Hungr\u00eda 2009<\/strong> le cambiar\u00eda la vida para siempre. Pasaron meses hasta recuperarse de sus heridas, pero una vez volvi\u00f3 al box de la <strong>Scuderia<\/strong>, se encontr\u00f3 con otro dolor de cabeza: <strong>Fernando Alonso. <\/strong><\/p>\n\n\n\n<p class=\"wp-block-paragraph\">Y es que entre 2010 y 2013, <strong>Massa<\/strong> comparti\u00f3 garaje con <strong>Alonso <\/strong>dentro de <strong>Ferrari<\/strong>, en una etapa que el piloto brasile\u00f1o no recuerda con especial felicidad. El espa\u00f1ol se convirti\u00f3 en el jefe de filas, mientras <strong>Felipe <\/strong>sufr\u00eda para lograr un rendimiento a la altura del bicampe\u00f3n. Recientemente, <strong>Massa <\/strong>record\u00f3 esos lejanos tiempos en <strong>Ferrari<\/strong>, y repas\u00f3 la relaci\u00f3n con su ex compa\u00f1ero de equipo en una entrevista para el portal polaco <em>Swiatwyscigow.pl. <\/em><\/p>\n\n\n\n<p class=\"wp-block-paragraph\"><strong><strong>\u00a1Conoce el canal de Grande Pr\u00eamio en Espa\u00f1ol en\u00a0<a href=\"https:\/\/www.youtube.com\/channel\/UCDxWojGVUi9gWYhrY0pGbIQ\" target=\"_blank\" rel=\"noreferrer noopener\">YouTube<\/a>!<br>\u00a1Sigue a\u00a0Grande Pr\u00eamio en Espa\u00f1ol\u00a0en\u00a0<a href=\"https:\/\/twitter.com\/grandepremioES\" target=\"_blank\" rel=\"noreferrer noopener\">Twitter\u00a0<\/a>y en\u00a0<a href=\"https:\/\/www.instagram.com\/grandepremioes\/\" target=\"_blank\" rel=\"noreferrer noopener\">Instagram<\/a>!<\/strong><\/strong><\/p>\n\n\n\n<figure class=\"wp-block-image size-full\"><img decoding=\"async\" src=\"https:\/\/www.grandepremio.com\/br\/wp-content\/uploads\/2021\/08\/image.jpeg\" alt=\"\" class=\"wp-image-32020\"\/><figcaption>Fernando Alonso y Felipe Massa fueron compa\u00f1eros de equipo entre 2010 y 2013 (Foto: Reproducci\u00f3n)<\/figcaption><\/figure>\n\n\n\n<p class=\"wp-block-paragraph\">&#8220;<strong>Fernando <\/strong>[Alonso] ha sido el compa\u00f1ero m\u00e1s dif\u00edcil que he tenido. Era un piloto incre\u00edble, no se puede decir nada al respecto&#8221;, afirm\u00f3 <strong>Massa<\/strong>. Sin embargo, el brasile\u00f1o tambi\u00e9n hizo hincapi\u00e9 en las dificultades que enfrent\u00f3 para trabajar junto a <strong>Fernando<\/strong>, un hecho que ya hab\u00eda salido a la luz tiempo atr\u00e1s. &#8220;Pero fue bastante dif\u00edcil trabajar juntos dentro del equipo&#8221;, prosigui\u00f3. <\/p>\n\n\n\n<p class=\"wp-block-paragraph\">&#8220;El equipo estaba dividido en dos y eso no era bueno. No me sent\u00ed lo suficientemente fuerte para que me escuchasen, y eso fue dif\u00edcil&#8221;, record\u00f3 <strong>Massa <\/strong>de aquellos tiempos dentro de la <strong>Scuderia<\/strong>. &#8220;A\u00fan as\u00ed, tambi\u00e9n fue un aprendizaje para m\u00ed&#8221;, termin\u00f3. <\/p>\n\n\n\n<p class=\"wp-block-paragraph\">Por otro lado, <strong>Alonso <\/strong>no ha sido el \u00fanico gran compa\u00f1ero de <strong>Felipe <\/strong>en la <strong>F\u00f3rmula 1<\/strong>. El piloto brasile\u00f1o tuvo otros dos grandes huesos de roer: <strong>Kimi R\u00e4ikk\u00f6nen<\/strong> y el heptacampe\u00f3n <strong>Michael Schumacher<\/strong>. Para terminar sus declaraciones, el ex piloto record\u00f3 con admiraci\u00f3n sus d\u00edas al lado del alem\u00e1n. <\/p>\n\n\n\n<p class=\"wp-block-paragraph\">&#8220;Fue algo genial, una gran experiencia. Fue un gran momento ser compa\u00f1ero de equipo de <strong>Michael [Schumacher],<\/strong> aprend\u00ed mucho de \u00e9l. Era un piloto incre\u00edble&#8221;, concluy\u00f3. <\/p>\n","protected":false},"excerpt":{"rendered":"<p>Felipe Massa afirm\u00f3 que considera a Fernando Alonso como el compa\u00f1ero m\u00e1s dif\u00edcil que ha tenido en la F\u00f3rmula 1, recordando las dificultades que tuvieron para trabajar juntos en Ferrari. <\/p>\n","protected":false},"author":0,"featured_media":1010109571,"comment_status":"closed","ping_status":"closed","sticky":false,"template":"","format":"standard","meta":{"42wp_featured_image_caption":"","42wp_featured_image_credits":"","42wp_featured_video":"","42wp_featured_image_hidden":false,"42wp_authors_list":[],"footnotes":""},"categories":[5],"tags":[2999,181,5165,1676,755,184,185,179,2534,2236,3438,2237],"42wp_author":[14233],"class_list":["post-20427","post","type-post","status-publish","format-standard","has-post-thumbnail","hentry","category-f1","tag-companero-de-equipo","tag-f1","tag-f1-2010","tag-f1-2023","tag-felipe-massa","tag-fernando-alonso","tag-ferrari","tag-formula-1","tag-formula-1-2023","tag-grande-premio-2","tag-grande-premio-en-espanol","tag-grandepremio","42wp_author-eric-calduch"],"_links":{"self":[{"href":"https:\/\/grandepremio.com\/es\/wp-json\/wp\/v2\/posts\/20427","targetHints":{"allow":["GET"]}}],"collection":[{"href":"https:\/\/grandepremio.com\/es\/wp-json\/wp\/v2\/posts"}],"about":[{"href":"https:\/\/grandepremio.com\/es\/wp-json\/wp\/v2\/types\/post"}],"replies":[{"embeddable":true,"href":"https:\/\/grandepremio.com\/es\/wp-json\/wp\/v2\/comments?post=20427"}],"version-history":[{"count":0,"href":"https:\/\/grandepremio.com\/es\/wp-json\/wp\/v2\/posts\/20427\/revisions"}],"wp:featuredmedia":[{"embeddable":true,"href":"https:\/\/grandepremio.com\/es\/wp-json\/wp\/v2\/media\/1010109571"}],"wp:attachment":[{"href":"https:\/\/grandepremio.com\/es\/wp-json\/wp\/v2\/media?parent=20427"}],"wp:term":[{"taxonomy":"category","embeddable":true,"href":"https:\/\/grandepremio.com\/es\/wp-json\/wp\/v2\/categories?post=20427"},{"taxonomy":"post_tag","embeddable":true,"href":"https:\/\/grandepremio.com\/es\/wp-json\/wp\/v2\/tags?post=20427"},{"taxonomy":"42wp_author","embeddable":true,"href":"https:\/\/grandepremio.com\/es\/wp-json\/wp\/v2\/42wp_author?post=20427"}],"curies":[{"name":"wp","href":"https:\/\/api.w.org\/{rel}","templated":true}]}}