{"id":20437,"date":"2023-01-19T10:49:05","date_gmt":"2023-01-19T13:49:05","guid":{"rendered":"https:\/\/grandepremio.com\/es\/2023\/01\/19\/palou-propio-equipo-palou-motorsport-eurocup-3\/"},"modified":"2023-01-19T12:41:12","modified_gmt":"2023-01-19T15:41:12","slug":"palou-propio-equipo-palou-motorsport-eurocup-3","status":"publish","type":"post","link":"https:\/\/grandepremio.com\/es\/otras\/palou-propio-equipo-palou-motorsport-eurocup-3\/","title":{"rendered":"Palou crea su propio equipo, Palou Motorsport, y anuncia entrada al nuevo Eurocup-3"},"content":{"rendered":"\n<p class=\"wp-block-paragraph\"><strong>\u00c1lex Palou<\/strong> contin\u00faa expandiendo su apellido dentro del mundo del automovilismo. El campe\u00f3n de la <a href=\"https:\/\/grandepremio.com\/es\/\/indy\/\" target=\"_blank\" rel=\"noreferrer noopener\">IndyCar 2021<\/a> anunci\u00f3 que, junto a su padre <strong>Ram\u00f3n<\/strong>, fundaron su propio equipo de carreras, el <strong>Palou Motorsport.<\/strong> El padre, que le acompa\u00f1a siempre desde sus inicios en el karting, ejercer\u00e1 el rol de jefe de equipo y comandar\u00e1 la estructura en su entrada al novedoso campeonato del <strong>Eurocup-3. <\/strong><\/p>\n\n\n\n<p class=\"wp-block-paragraph\">Este campeonato, creado por la <strong>Real Federaci\u00f3n Espa\u00f1ola de Automovilismo<\/strong>, nacer\u00e1 en 2023 con el prop\u00f3sito de ejercer de puente entre las distintas <strong>F\u00f3rmula 4<\/strong> y el consolidado <strong>FIA F\u00f3rmula 3<\/strong>. El calendario, que empezar\u00e1 en mayo y terminar\u00e1 en noviembre de este a\u00f1o, contar\u00e1 con cuatro pruebas en territorio espa\u00f1ol: <strong>MotorLand, Valencia, Jerez y Barcelona<\/strong>. Adem\u00e1s, tambi\u00e9n tendr\u00e1 otras cuatro carreras repartidas por Europa en <strong>Monza, Zandvoort, Spa-Francorchamps y Estoril. <\/strong><\/p>\n\n\n\n<p class=\"wp-block-paragraph\"><strong>\u00a1Conoce el canal de Grande Pr\u00eamio en Espa\u00f1ol en\u00a0<a href=\"https:\/\/www.youtube.com\/channel\/UCDxWojGVUi9gWYhrY0pGbIQ\" target=\"_blank\" rel=\"noreferrer noopener\">YouTube<\/a>!<br>\u00a1Sigue a\u00a0Grande Pr\u00eamio en Espa\u00f1ol\u00a0en\u00a0<a href=\"https:\/\/twitter.com\/grandepremioES\" target=\"_blank\" rel=\"noreferrer noopener\">Twitter\u00a0<\/a>y en\u00a0<a href=\"https:\/\/www.instagram.com\/grandepremioes\/\" target=\"_blank\" rel=\"noreferrer noopener\">Instagram<\/a>!<\/strong><\/p>\n\n\n\n<figure class=\"wp-block-image size-large\"><img decoding=\"async\" src=\"https:\/\/grandepremio.com\/es\/\/wp-content\/uploads\/2023\/01\/Fm1ZSHXWQAAJtVL-1024x576.jpeg\" alt=\"\" class=\"wp-image-109388\"\/><figcaption>Palou Motorsport debutar\u00e1 en el nuevo campeonato espa\u00f1ol Eurocup-3 (Foto: Palou Motorsport)<\/figcaption><\/figure>\n\n\n\n<p class=\"wp-block-paragraph\">El <strong>Palou Motorsport<\/strong> anunci\u00f3 tambi\u00e9n su asociaci\u00f3n con el <strong>Monaco Increase Management<\/strong>, una agencia dirigida por <strong>Salvatore Gandolfo<\/strong> que apoya financieramente a pilotos de todo el mundo, incluyendo desde hace a\u00f1os a <strong>\u00c1lex<\/strong>. Con ello, en el comunicado revelaron que la agencia &#8220;estar\u00e1 al lado de la familia ofreciendo todo tipo de asistencia a los pilotos que se unan al equipo&#8221;. Adem\u00e1s, el comunicado sigue reiterando que esta nueva escuder\u00eda &#8220;ofrecer\u00e1 una oportunidad a j\u00f3venes pilotos de poder competir por toda Europa en pista como <strong>Barcelona, Spa-Francorchamps, Estoril y Zandvoort<\/strong>&#8220;. <\/p>\n\n\n\n<figure class=\"wp-block-embed is-type-rich is-provider-twitter wp-block-embed-twitter\"><div class=\"wp-block-embed__wrapper\">\n<blockquote class=\"twitter-tweet\" data-width=\"500\" data-dnt=\"true\"><p lang=\"es\" dir=\"ltr\">Muy ilusionados con este nuevo reto.<br>Palou Motorsport participar\u00e1 en la Eurocup-3. Vamos a por ello! <br><br>Thrilled to announce that Palou Motorsport will take part in the Eurocup-3. Let\u2019s go! <a href=\"https:\/\/x.com\/hashtag\/PalouMotorsport?src=hash&amp;ref_src=twsrc%5Etfw\">#PalouMotorsport<\/a> <a href=\"https:\/\/t.co\/QQg5mAkmPO\">pic.twitter.com\/QQg5mAkmPO<\/a><\/p>&mdash; Palou Motorsport (@PalouMotorsport) <a href=\"https:\/\/x.com\/PalouMotorsport\/status\/1616043274187247616?ref_src=twsrc%5Etfw\">January 19, 2023<\/a><\/blockquote><script async src=\"https:\/\/platform.x.com\/widgets.js\" charset=\"utf-8\"><\/script>\n<\/div><\/figure>\n\n\n\n<p class=\"wp-block-paragraph\">El nuevo campeonato del <strong>Eurocup-3<\/strong> tendr\u00e1 un formato de fin de semana parecido al de la mayor\u00eda de categor\u00edas b\u00e1sicas, con dos carreras de 30 minutos + 1 vuelta, sumando hasta 16 pruebas en todo el calendario. La categor\u00eda ir\u00e1 de la mano del calendario de la <strong>F\u00f3rmula 4 espa\u00f1ola<\/strong>, coincidindo en siete de sus ocho eventos. Por lo que respecta a la parrilla, adem\u00e1s del equipo de <strong>Palou, <\/strong>tambi\u00e9n contar\u00e1n con la presencia de las escuder\u00edas espa\u00f1olas <strong>Campos Racing, Drivex y GRS Team<\/strong>, adem\u00e1s de la holandesa <strong>MP Motorsport.<\/strong><\/p>\n\n\n\n<p class=\"wp-block-paragraph\">En el aspecto t\u00e9cnico, el monoplaza del <strong>Eurocup-3<\/strong> ser\u00e1 el mismo que el que usan la <strong>FRECA<\/strong> (Formula Regional Europea by Alpine) y las <strong>W Series<\/strong>, el Tatuus F3-T318. Adem\u00e1s llevar\u00e1 un motor <strong>Alfa Romeo<\/strong> de 1750cc y 273 cv de potencia, junto al sistema &#8216;push to pass&#8217; de 25 cv extra para facilitar los adelantamientos. En esta ocasi\u00f3n, no se contar\u00e1 con neum\u00e1ticos <strong>Pirelli <\/strong>como la mayor\u00eda de categor\u00edas <strong>FIA<\/strong>, sin\u00f3 con los compuestos de <strong>Hankook<\/strong>, suministrador oficial de la <strong>F\u00f3rmula E. <\/strong><\/p>\n\n\n\n<p class=\"wp-block-paragraph\">El <strong>Palou Motorsport <\/strong>debutar\u00e1 en competici\u00f3n oficial el pr\u00f3ximo fin de semana del 5 al 7 de mayo, durante el evento inaugural del <strong>Eurocup-3<\/strong> en <strong>Spa-Francorchamps.<\/strong> <\/p>\n","protected":false},"excerpt":{"rendered":"<p>\u00c1lex Palou y su padre Ram\u00f3n anunciaron la creaci\u00f3n de un nuevo equipo de carreras: el Palou Motorsport. Con \u00e9l, competir\u00e1n en el novedoso Eurocup-3, campeonato fundado por la Real Federaci\u00f3n Espa\u00f1ola de Automovilismo. <\/p>\n","protected":false},"author":0,"featured_media":1010109386,"comment_status":"closed","ping_status":"closed","sticky":false,"template":"","format":"standard","meta":{"42wp_featured_image_caption":"","42wp_featured_image_credits":"","42wp_featured_video":"","42wp_featured_image_hidden":false,"42wp_authors_list":[],"footnotes":""},"categories":[20],"tags":[393,5143,234,5144,5146,1076,2236,3438,2237,2805,310,5142,5141,5145],"42wp_author":[14233],"class_list":["post-20437","post","type-post","status-publish","format-standard","has-post-thumbnail","hentry","category-otras","tag-alex-palou","tag-equipo-propio","tag-espana","tag-eurocup-3","tag-eurocup-3-2023","tag-formula-4-espanola","tag-grande-premio-2","tag-grande-premio-en-espanol","tag-grandepremio","tag-indy-2023","tag-indycar","tag-palou-motorsport","tag-ramon-palou","tag-rfea","42wp_author-eric-calduch"],"_links":{"self":[{"href":"https:\/\/grandepremio.com\/es\/wp-json\/wp\/v2\/posts\/20437","targetHints":{"allow":["GET"]}}],"collection":[{"href":"https:\/\/grandepremio.com\/es\/wp-json\/wp\/v2\/posts"}],"about":[{"href":"https:\/\/grandepremio.com\/es\/wp-json\/wp\/v2\/types\/post"}],"replies":[{"embeddable":true,"href":"https:\/\/grandepremio.com\/es\/wp-json\/wp\/v2\/comments?post=20437"}],"version-history":[{"count":0,"href":"https:\/\/grandepremio.com\/es\/wp-json\/wp\/v2\/posts\/20437\/revisions"}],"wp:featuredmedia":[{"embeddable":true,"href":"https:\/\/grandepremio.com\/es\/wp-json\/wp\/v2\/media\/1010109386"}],"wp:attachment":[{"href":"https:\/\/grandepremio.com\/es\/wp-json\/wp\/v2\/media?parent=20437"}],"wp:term":[{"taxonomy":"category","embeddable":true,"href":"https:\/\/grandepremio.com\/es\/wp-json\/wp\/v2\/categories?post=20437"},{"taxonomy":"post_tag","embeddable":true,"href":"https:\/\/grandepremio.com\/es\/wp-json\/wp\/v2\/tags?post=20437"},{"taxonomy":"42wp_author","embeddable":true,"href":"https:\/\/grandepremio.com\/es\/wp-json\/wp\/v2\/42wp_author?post=20437"}],"curies":[{"name":"wp","href":"https:\/\/api.w.org\/{rel}","templated":true}]}}