{"id":20456,"date":"2023-01-16T17:03:02","date_gmt":"2023-01-16T20:03:02","guid":{"rendered":"https:\/\/grandepremio.com\/es\/2023\/01\/16\/carlos-sainz-fracturas-vertebras-accidente-dakar-2023\/"},"modified":"2023-01-16T17:03:05","modified_gmt":"2023-01-16T20:03:05","slug":"carlos-sainz-fracturas-vertebras-accidente-dakar-2023","status":"publish","type":"post","link":"https:\/\/grandepremio.com\/es\/rally\/carlos-sainz-fracturas-vertebras-accidente-dakar-2023\/","title":{"rendered":"Sainz confirma fracturas en dos v\u00e9rtebras tras su accidente y su abandono en el Dakar 2023"},"content":{"rendered":"\n<p class=\"wp-block-paragraph\">El tetracampe\u00f3n mundial de rally cross-country <strong>Carlos Sainz<\/strong> <a href=\"https:\/\/grandepremio.com\/es\/\/rally\/carlos-sainz-abandona-dakar\/\">tuvo que abandonar la edici\u00f3n 2023 del <strong>Rally Dakar<\/strong><\/a> tras sufrir un accidente en su <strong>Audi<\/strong> el pasado d\u00eda 10, y el problema parece ser mayor de lo previsto inicialmente. Este lunes, tras una nueva revisi\u00f3n con los m\u00e9dicos, el padre del piloto de <strong>Ferrari<\/strong> en la <strong>F\u00f3rmula 1<\/strong> confirm\u00f3 que el impacto le hab\u00eda causado fracturas en dos v\u00e9rtebras, la T5 y la T6.<\/p>\n\n\n\n<p class=\"wp-block-paragraph\">Sin embargo, el piloto no anunci\u00f3 cu\u00e1nto durar\u00e1 su recuperaci\u00f3n y afirm\u00f3 que las v\u00e9rtebras permanecen estables, lo que no indica la necesidad de cirug\u00eda.<\/p>\n\n\n\n<p class=\"wp-block-paragraph\">&#8220;A mi vuelta a <strong>Madrid<\/strong> los dolores en la espalda tras lo ocurrido en el Rally Dakar han persistido m\u00e1s de lo normal. Siguiendo la recomendaci\u00f3n de los m\u00e9dicos, me he sometido a pruebas adicionales para poder evaluar con exactitud el alcance de la lesi\u00f3n&#8221;, dijo Sainz en un comunicado en su cuenta de Twitter.<\/p>\n\n\n\n<p class=\"wp-block-paragraph\">&#8220;Lamentablemente, los resultados no han tra\u00eddo buenas noticias, ya que tengo fracturadas las v\u00e9rtebras T5 y T6. La nota positiva es que ambas v\u00e9rtebras est\u00e1n estables y desde hoy mismo mi prioridad ser\u00e1 recuperarme lo antes posible. Gracias a todos por el apoyo y cari\u00f1o recibido en los \u00faltimos d\u00edas. Os mantendr\u00e9 informados&#8221;, a\u00f1adi\u00f3.<\/p>\n\n\n\n<p class=\"wp-block-paragraph\"><strong>\u00a1Conoce el canal de Grande Pr\u00eamio en Espa\u00f1ol en&nbsp;<a href=\"https:\/\/www.youtube.com\/channel\/UCDxWojGVUi9gWYhrY0pGbIQ\" target=\"_blank\" rel=\"noreferrer noopener\">YouTube<\/a>!<br>\u00a1Sigue a&nbsp;Grande Pr\u00eamio en Espa\u00f1ol&nbsp;en&nbsp;<a href=\"https:\/\/twitter.com\/grandepremioES\" target=\"_blank\" rel=\"noreferrer noopener\">Twitter&nbsp;<\/a>y en&nbsp;<a href=\"https:\/\/www.instagram.com\/grandepremioes\/\" target=\"_blank\" rel=\"noreferrer noopener\">Instagram<\/a>!<\/strong><\/p>\n\n\n\n<figure class=\"wp-block-image size-large\"><img decoding=\"async\" src=\"https:\/\/www.grandepremio.com\/br\/wp-content\/uploads\/2023\/01\/SI202301010188_hires_jpeg_24bit_rgb-1024x683.jpg\" alt=\"\" class=\"wp-image-642385\"\/><figcaption>Carlos Sainz lleg\u00f3 a poner a Audi en cabeza al final de la primera etapa (Foto: Red Bull Content Pool)<\/figcaption><\/figure>\n\n\n\n<p class=\"wp-block-paragraph\">El accidente sufrido por Sainz se produjo el pasado martes. Ese d\u00eda, el espa\u00f1ol abri\u00f3 la jornada de competici\u00f3n del Dakar en el puesto 44 de la general. En la especial anterior, entre <strong>Al-Duwadimi<\/strong> y <strong>Riad<\/strong>, Carlos se hab\u00eda asegurado la tercera posici\u00f3n con el copiloto Lucas Cruz y buscaba recuperarse en la clasificaci\u00f3n.<\/p>\n\n\n\n<p class=\"wp-block-paragraph\"><strong>VER TAMBI\u00c9N<br><a href=\"https:\/\/grandepremio.com\/es\/\/rally\/nasser-al-attiyah-campeon-autos-dakar-2023\/\">Al-Attiyah logra mantener diferencias y conquista su quinto Rally Dakar en 2023<\/a><br><a href=\"https:\/\/grandepremio.com\/es\/\/rally\/kevin-benavides-campeon-dakar-2023\/\">Kevin Benavides gana \u00faltima etapa y se consagra campe\u00f3n del Dakar 2023 en motos<\/a><\/strong><\/p>\n\n\n\n<p class=\"wp-block-paragraph\">Sin embargo, el piloto volc\u00f3 al pasar sobre una duna situada en el sexto kil\u00f3metro de la etapa. Por ello, tuvo que ser rescatado en helic\u00f3ptero, quej\u00e1ndose de dolores en el pecho. Una vez dentro del aparato, Sainz pidi\u00f3 volver al Audi RS Q e-tron E2 para continuar en carrera. No obstante, su equipo le confirm\u00f3 que ser\u00eda imposible arreglar el coche antes de la siguiente etapa.<\/p>\n\n\n\n<p class=\"wp-block-paragraph\">A sus 60 a\u00f1os, Sainz es conocido por ser bicampe\u00f3n mundial de rallies, en 1990 y 1992, pero desde 2006 ha volcado su carrera en el Dakar y otras competiciones de cross-country. Consigui\u00f3 la victoria en el rally m\u00e1s duro del mundo en 2008, 2010, 2018 y 2020.<\/p>\n","protected":false},"excerpt":{"rendered":"<p>Tras abandonar el Dakar 2023 por un accidente con su Audi, Carlos Sainz confirm\u00f3 que el impacto del choque le gener\u00f3 fracturas en dos v\u00e9rtebras y no anunci\u00f3 el tiempo de recuperaci\u00f3n.<\/p>\n","protected":false},"author":0,"featured_media":1010108856,"comment_status":"closed","ping_status":"closed","sticky":false,"template":"","format":"standard","meta":{"42wp_featured_image_caption":"","42wp_featured_image_credits":"","42wp_featured_video":"","42wp_featured_image_hidden":false,"42wp_authors_list":[],"footnotes":""},"categories":[9],"tags":[3543,5081,302,319,4090,4919,1956,1989],"42wp_author":[14234],"class_list":["post-20456","post","type-post","status-publish","format-standard","has-post-thumbnail","hentry","category-rally","tag-accidente-sainz","tag-al-duwadimi-2","tag-carlos-sainz","tag-dakar","tag-dakar-2023","tag-lucas-cruz","tag-rally-dakar","tag-riad","42wp_author-douglas-rocha"],"_links":{"self":[{"href":"https:\/\/grandepremio.com\/es\/wp-json\/wp\/v2\/posts\/20456","targetHints":{"allow":["GET"]}}],"collection":[{"href":"https:\/\/grandepremio.com\/es\/wp-json\/wp\/v2\/posts"}],"about":[{"href":"https:\/\/grandepremio.com\/es\/wp-json\/wp\/v2\/types\/post"}],"replies":[{"embeddable":true,"href":"https:\/\/grandepremio.com\/es\/wp-json\/wp\/v2\/comments?post=20456"}],"version-history":[{"count":0,"href":"https:\/\/grandepremio.com\/es\/wp-json\/wp\/v2\/posts\/20456\/revisions"}],"wp:featuredmedia":[{"embeddable":true,"href":"https:\/\/grandepremio.com\/es\/wp-json\/wp\/v2\/media\/1010108856"}],"wp:attachment":[{"href":"https:\/\/grandepremio.com\/es\/wp-json\/wp\/v2\/media?parent=20456"}],"wp:term":[{"taxonomy":"category","embeddable":true,"href":"https:\/\/grandepremio.com\/es\/wp-json\/wp\/v2\/categories?post=20456"},{"taxonomy":"post_tag","embeddable":true,"href":"https:\/\/grandepremio.com\/es\/wp-json\/wp\/v2\/tags?post=20456"},{"taxonomy":"42wp_author","embeddable":true,"href":"https:\/\/grandepremio.com\/es\/wp-json\/wp\/v2\/42wp_author?post=20456"}],"curies":[{"name":"wp","href":"https:\/\/api.w.org\/{rel}","templated":true}]}}