{"id":20470,"date":"2023-01-15T09:10:50","date_gmt":"2023-01-15T12:10:50","guid":{"rendered":"https:\/\/grandepremio.com\/es\/2023\/01\/15\/kevin-benavides-campeon-dakar-2023\/"},"modified":"2023-01-15T12:14:42","modified_gmt":"2023-01-15T15:14:42","slug":"kevin-benavides-campeon-dakar-2023","status":"publish","type":"post","link":"https:\/\/grandepremio.com\/es\/rally\/kevin-benavides-campeon-dakar-2023\/","title":{"rendered":"Kevin Benavides gana \u00faltima etapa y se consagra campe\u00f3n del Dakar 2023 en motos"},"content":{"rendered":"\n<p class=\"wp-block-paragraph\"><strong>14\u00aa etapa del Dakar 2023:<\/strong> Al-Hofuf \u2013 Dammam<br><strong>Enlace:<\/strong>\u00a0281 km<br><strong>Tramo cronometrado:<\/strong>\u00a0136 km<br><strong>Distancia total:\u00a0<\/strong>417 km<\/p>\n\n\n\n<p class=\"wp-block-paragraph\">La lucha por el t\u00edtulo de las <strong>motos<\/strong> en el <strong>Rally Dakar 2023<\/strong> promet\u00eda ser intensa para la \u00faltima etapa, <a href=\"https:\/\/grandepremio.com\/es\/\/rally\/kevin-benavides-penultima-etapa-dakar-2023\/\">luego de que este s\u00e1bado <strong>Kevin Benavides<\/strong> ganara el especial y recortara la diferencia para ubicarse a solo 12 segundos del australiano <strong>Toby Pric<\/strong>e.<\/a> Y mediante una nueva victoria en el tramo de este s\u00e1bado, entre\u00a0<strong>Al-Hofuf y Dammam<\/strong>, el argentino se consagr\u00f3 campe\u00f3n de esta edici\u00f3n al superar a Price por 43 segundos. Se trata del segundo t\u00edtulo de Benavides, quien ya hab\u00eda ganado la edici\u00f3n de 2021 con una <strong>Honda.<\/strong> <\/p>\n\n\n\n<p class=\"wp-block-paragraph\">&#8220;Es incre\u00edble conseguir la victoria despu\u00e9s de este Dakar tan loco y por tan poca diferencia&#8221;, declar\u00f3 al final de la carrera el hoy piloto de<strong> KTM<\/strong>, quien emple\u00f3 un tiempo de 44h27min20s para completar las 14 etapas de la competencia. Por detr\u00e1s de su compa\u00f1ero de equipo, que qued\u00f3 a menos de un minuto, el estadounidense <strong>Skyler Howes <\/strong>complet\u00f3 el Top-3 a 5min04s. M\u00e1s atr\u00e1s, con casi 20 minutos de diferencia, el chileno <strong>Pablo Quintanilla<\/strong> se ubic\u00f3 cuarto y por delante del franc\u00e9s <strong>Adrien Van Beveren<\/strong>. Luego, el argentino <strong>Luciano Benavides, <\/strong>el australiano <strong>Daniel Sanders<\/strong>, el chileno <strong>Nacho Cornejo<\/strong>, el espa\u00f1ol <strong>Lorenzo Santolino<\/strong> y el argentino <strong>Franco Caimi<\/strong> completaron el Top-10.<\/p>\n\n\n\n<p class=\"wp-block-paragraph\"><strong>\u00a1Conoce el canal de Grande Pr\u00eamio en Espa\u00f1ol en&nbsp;<a href=\"https:\/\/www.youtube.com\/channel\/UCDxWojGVUi9gWYhrY0pGbIQ\" target=\"_blank\" rel=\"noreferrer noopener\">YouTube<\/a>!<br>\u00a1Sigue a&nbsp;Grande Pr\u00eamio en Espa\u00f1ol&nbsp;en&nbsp;<a href=\"https:\/\/twitter.com\/grandepremioES\" target=\"_blank\" rel=\"noreferrer noopener\">Twitter&nbsp;<\/a>y en&nbsp;<a href=\"https:\/\/www.instagram.com\/grandepremioes\/\" target=\"_blank\" rel=\"noreferrer noopener\">Instagram<\/a>!<\/strong><\/p>\n\n\n\n<figure class=\"wp-block-image size-large\"><img decoding=\"async\" src=\"https:\/\/grandepremio.com\/es\/\/wp-content\/uploads\/2023\/01\/SI202301140087-1024x683.jpg\" alt=\"\" class=\"wp-image-108624\"\/><figcaption>Kevin Benavides gan\u00f3 su segundo Dakar en la edici\u00f3n 2023. (Foto:  Flavien Duhamel \/ Red Bull Content Pool)<\/figcaption><\/figure>\n\n\n\n<p class=\"wp-block-paragraph\">En lo referente a la etapa, que fue una de las m\u00e1s cortas de la carrera, ya que tuvo 136 kil\u00f3metros de tramo cronometrado y una distancia total de 417 kil\u00f3metros, la diferencia de Benavides y Price fue de 55 segundos, mientras que el tercero fue Quintanilla a 3min15s. El Top-10 de la etapa lo completaron Sanders, Howes,<strong> Sebastian B\u00fclher<\/strong>, Luciano Benavides, Van Beveren, <strong>Tosha Schareina<\/strong> y <strong>Stefan Svitko.<\/strong><\/p>\n\n\n\n<p class=\"wp-block-paragraph\"><strong>Dakar 2023 \u2013 General Motos \u2013 Final:<\/strong><\/p>\n\n\n\n<figure class=\"wp-block-table\"><table><tbody><tr><td>1<\/td><td>K BENAVIDES<\/td><td>KTM<\/td><td>44:27:20<\/td><td>&nbsp;<\/td><\/tr><tr><td>2<\/td><td>T PRICE<\/td><td>KTM<\/td><td>44:28:03<\/td><td>0:00:43<\/td><\/tr><tr><td>3<\/td><td>S HOWES<\/td><td>Husqvarna<\/td><td>44:32:24<\/td><td>0:05:04<\/td><\/tr><tr><td>4<\/td><td>P QUINTANILLA<\/td><td>Honda<\/td><td>44:46:22<\/td><td>0:19:02<\/td><\/tr><tr><td>5<\/td><td>A VAN BEVEREN<\/td><td>Honda<\/td><td>44:47:50<\/td><td>0:20:30<\/td><\/tr><tr><td>6<\/td><td>L BENAVIDES<\/td><td>Husqvarna<\/td><td>44:50:02<\/td><td>0:22:42<\/td><\/tr><tr><td>7<\/td><td>D SANDERS<\/td><td>GasGas<\/td><td>44:53:17<\/td><td>0:25:57<\/td><\/tr><tr><td>8<\/td><td>J CORNEJO FLORIMO<\/td><td>Honda<\/td><td>45:18:41<\/td><td>0:51:21<\/td><\/tr><tr><td>9<\/td><td>L SANTOLINO<\/td><td>Sherco<\/td><td>45:45:13<\/td><td>1:17:53<\/td><\/tr><tr><td>10<\/td><td>F CAIMI<\/td><td>Hero<\/td><td>46:05:24<\/td><td>1:38:04<\/td><\/tr><\/tbody><\/table><\/figure>\n\n\n\n<p class=\"wp-block-paragraph\"><strong>Giroud logra mantener la diferencia y logra el t\u00edtulo del Dakar 2023 en cuatriciclos <\/strong><\/p>\n\n\n\n<p class=\"wp-block-paragraph\"><strong>Alexandre Giroud<\/strong> aprovech\u00f3 la brecha que sac\u00f3 en los primeros especiales -gan\u00f3 cuatro de los primeros cinco, contando el pr\u00f3logo-, y logr\u00f3 mantenerse como l\u00edder de la general durante los 15 d\u00edas que dur\u00f3 la competencia. Finalmente, el franc\u00e9s emple\u00f3 56H44min30s para llevarse la victoria, dej\u00f3 segundo al argentino <strong>Francisco Moreno Flores<\/strong> por 43min11s y tercero al argentino nacionalizado norteamericano <strong>Pablo Copetti,<\/strong> que qued\u00f3 a 1h52min55s. <\/p>\n\n\n\n<figure class=\"wp-block-image size-large\"><img decoding=\"async\" src=\"https:\/\/grandepremio.com\/es\/\/wp-content\/uploads\/2023\/01\/Giroud-1024x576.jpg\" alt=\"\" class=\"wp-image-108623\"\/><figcaption>Alexandre Giroud gan\u00f3 de punta a punta el Dakar 2023 en cuatriciclos. (Foto: Dakar)<\/figcaption><\/figure>\n\n\n\n<p class=\"wp-block-paragraph\">La tabla final qued\u00f3 determinada con el eslovaco J<strong>uraj Varga<\/strong>, cuarto a casi tres horas, y con el chileno <strong>Giovanni Enrico<\/strong> en el quinto puesto a casi cinco horas de Giroud. Luego se ubicaron el espa\u00f1ol <strong>Toni Vingut,<\/strong> el lituano <strong>Laysvidas Kancius<\/strong>, el argentino <strong>Carlos Alejandro Verza,<\/strong> el brasile\u00f1o <strong>Marcelo Medeiros<\/strong> y el argentino<strong> Alejandro Fantoni.<\/strong> Este \u00faltimo cerr\u00f3 el clasificador y el Top-10, ya que abandonaron ocho de los 18 inscriptos en esta clase. <\/p>\n\n\n\n<p class=\"wp-block-paragraph\">En esta etapa, que ya ten\u00eda el tr\u00e1mite pr\u00e1cticamente definido en favor de Giroud, el ganador fue Kancius, que emple\u00f3 1h36min16s para llevarse la victoria, con 6min05 por delante de Copetti y 8min11s sobre Medeiros. M\u00e1s atr\u00e1s, se ubicaron Varga, Vingut, Giroud, Moreno Flores, Enrico, Verza y Fantoni. <\/p>\n\n\n\n<p class=\"wp-block-paragraph\"> <strong>Dakar 2023 \u2013 General Cuatriciclos \u2013 Final:<\/strong><\/p>\n\n\n\n<figure class=\"wp-block-table\"><table><tbody><tr><td>1<\/td><td>A GIROUD<\/td><td>Yamaha<\/td><td>56:44:30<\/td><td>&nbsp;<\/td><\/tr><tr><td>2<\/td><td>F MORENO<\/td><td>Drag\u2019on<\/td><td>57:27:41<\/td><td>0:43:11<\/td><\/tr><tr><td>3<\/td><td>P COPETTI<\/td><td>Del Amo\/Motul<\/td><td>58:37:25<\/td><td>1:52:55<\/td><\/tr><tr><td>4<\/td><td>J VARGA<\/td><td>Varga<\/td><td>59:35:22<\/td><td>2:51:22<\/td><\/tr><tr><td>5<\/td><td>G ENRICO<\/td><td>Enrico<\/td><td>61:41:41<\/td><td>4:57:11<\/td><\/tr><tr><td>6<\/td><td>T VINGUT<\/td><td>Visit Sant Antoni \u2013 Ibiza<\/td><td>65:22:32<\/td><td>8:38:02<\/td><\/tr><tr><td>7<\/td><td>L KANCIUS<\/td><td>Story<\/td><td>76:00:23<\/td><td>19:15:53<\/td><\/tr><tr><td>8<\/td><td>C VERZA<\/td><td>Verza<\/td><td>81:35:00<\/td><td>24:50:30<\/td><\/tr><tr><td>9<\/td><td>M MEDEIROS<\/td><td>Taguatur<\/td><td>86:47:55<\/td><td>30:03:25<\/td><\/tr><tr><td>10<\/td><td>A FANTONI<\/td><td>Drag\u2019on<\/td><td>94:47:16<\/td><td>38:02:46<\/td><\/tr><\/tbody><\/table><\/figure>\n","protected":false},"excerpt":{"rendered":"<p>El argentino Kevin Benavides logr\u00f3 vencer en una dura batalla al australiano Toby Price, gan\u00f3 la \u00faltima etapa y se consagr\u00f3 campe\u00f3n del Dakar 2023 en motos. El franc\u00e9s Alexandre Giroud, por su parte, fue campe\u00f3n en cuatriciclos. <\/p>\n","protected":false},"author":0,"featured_media":1010108622,"comment_status":"closed","ping_status":"closed","sticky":false,"template":"","format":"standard","meta":{"42wp_featured_image_caption":"","42wp_featured_image_credits":"","42wp_featured_video":"","42wp_featured_image_hidden":false,"42wp_authors_list":[],"footnotes":""},"categories":[9],"tags":[4763,319,4090,1966,1381,1956,1990],"42wp_author":[14223],"class_list":["post-20470","post","type-post","status-publish","format-standard","has-post-thumbnail","hentry","category-rally","tag-alexandre-giroud","tag-dakar","tag-dakar-2023","tag-kevin-benavides","tag-ktm","tag-rally-dakar","tag-toby-price","42wp_author-esteban-nieto"],"_links":{"self":[{"href":"https:\/\/grandepremio.com\/es\/wp-json\/wp\/v2\/posts\/20470","targetHints":{"allow":["GET"]}}],"collection":[{"href":"https:\/\/grandepremio.com\/es\/wp-json\/wp\/v2\/posts"}],"about":[{"href":"https:\/\/grandepremio.com\/es\/wp-json\/wp\/v2\/types\/post"}],"replies":[{"embeddable":true,"href":"https:\/\/grandepremio.com\/es\/wp-json\/wp\/v2\/comments?post=20470"}],"version-history":[{"count":0,"href":"https:\/\/grandepremio.com\/es\/wp-json\/wp\/v2\/posts\/20470\/revisions"}],"wp:featuredmedia":[{"embeddable":true,"href":"https:\/\/grandepremio.com\/es\/wp-json\/wp\/v2\/media\/1010108622"}],"wp:attachment":[{"href":"https:\/\/grandepremio.com\/es\/wp-json\/wp\/v2\/media?parent=20470"}],"wp:term":[{"taxonomy":"category","embeddable":true,"href":"https:\/\/grandepremio.com\/es\/wp-json\/wp\/v2\/categories?post=20470"},{"taxonomy":"post_tag","embeddable":true,"href":"https:\/\/grandepremio.com\/es\/wp-json\/wp\/v2\/tags?post=20470"},{"taxonomy":"42wp_author","embeddable":true,"href":"https:\/\/grandepremio.com\/es\/wp-json\/wp\/v2\/42wp_author?post=20470"}],"curies":[{"name":"wp","href":"https:\/\/api.w.org\/{rel}","templated":true}]}}