{"id":20484,"date":"2023-01-12T15:48:41","date_gmt":"2023-01-12T18:48:41","guid":{"rendered":"https:\/\/grandepremio.com\/es\/2023\/01\/12\/luciano-benavides-gana-11a-etapa-dakar-2023-motos\/"},"modified":"2023-01-12T16:33:48","modified_gmt":"2023-01-12T19:33:48","slug":"luciano-benavides-gana-11a-etapa-dakar-2023-motos","status":"publish","type":"post","link":"https:\/\/grandepremio.com\/es\/rally\/luciano-benavides-gana-11a-etapa-dakar-2023-motos\/","title":{"rendered":"Luciano Benavides gana la 11\u00aa etapa del Dakar en motos; Medeiros brilla en cuadriciclos"},"content":{"rendered":"\n<p class=\"wp-block-paragraph\"><strong>11\u00aa etapa:<\/strong> Shaybah &#8211; Empty Quarter Marathon<br><strong>Enlace:<\/strong> 153 km<br><strong>Tramo cronometrado:<\/strong> 274 km<br><strong>Distancia total: <\/strong>427 km<\/p>\n\n\n\n<p class=\"wp-block-paragraph\">El argentino <strong>Luciano Benavides<\/strong> se convirti\u00f3 en el primer piloto en ganar tres especiales entre motos en el <strong>Dakar 2023<\/strong>. El piloto de <strong>Husqvarna<\/strong> gan\u00f3 la etapa disputada este jueves, completando el tramo de 274km en 2h57min59s. El tiempo fue 1min38s m\u00e1s r\u00e1pido que el australiano <strong>Daniel Sanders<\/strong>, de <strong>GasGas<\/strong>.<\/p>\n\n\n\n<p class=\"wp-block-paragraph\">El hermano de Luciano, <strong>Kevin Benavides<\/strong>, perdi\u00f3 el liderato de la clasificaci\u00f3n general tras una especial por debajo de la media, cerrando en d\u00e9cimo lugar. El liderato fue retomado por el estadounidense <strong>Skyler Howes<\/strong>, de Husqvarna, que cerr\u00f3 el jueves en cuarta posici\u00f3n, por detr\u00e1s del australiano <strong>Toby Price<\/strong>, que se convirti\u00f3 en segundo de la general.<\/p>\n\n\n\n<p class=\"wp-block-paragraph\"><strong><strong><strong>\u00a1Conoce el canal de Grande Pr\u00eamio en Espa\u00f1ol en&nbsp;<a href=\"https:\/\/www.youtube.com\/channel\/UCDxWojGVUi9gWYhrY0pGbIQ\" target=\"_blank\" rel=\"noreferrer noopener\">YouTube<\/a>!<br>\u00a1Sigue a&nbsp;Grande Pr\u00eamio en Espa\u00f1ol&nbsp;en&nbsp;<a href=\"https:\/\/twitter.com\/grandepremioES\" target=\"_blank\" rel=\"noreferrer noopener\">Twitter&nbsp;<\/a>y en&nbsp;<a href=\"https:\/\/www.instagram.com\/grandepremioes\/\" target=\"_blank\" rel=\"noreferrer noopener\">Instagram<\/a>!<\/strong><\/strong><\/strong><\/p>\n\n\n\n<figure class=\"wp-block-image size-large\"><img decoding=\"async\" src=\"https:\/\/www.grandepremio.com\/br\/wp-content\/uploads\/2023\/01\/GPF4-1024x683.jpeg\" alt=\"\" class=\"wp-image-644291\"\/><figcaption>Luciano Benavides gana otra especial en el Dakar 2023 (Foto: ASO\/Dakar)<\/figcaption><\/figure>\n\n\n\n<p class=\"wp-block-paragraph\">El chileno<strong> Pablo Quintanilla<\/strong>, de <strong>Honda<\/strong>, fue quinto, seguido del alem\u00e1n <strong>Sebastian B\u00fchler<\/strong>, el franc\u00e9s <strong>Romain Dumontier<\/strong>, el espa\u00f1ol <strong>Lorenzo Santolino<\/strong> y el argentino <strong>Franco Caimi<\/strong>.<\/p>\n\n\n\n<p class=\"wp-block-paragraph\">En la clasificaci\u00f3n general, Howes aventaja en s\u00f3lo 28 segundos a Price, y en 2min44 a Kevin Benavides. Quintanilla es cuarto, a 14min14s de Skyler, y lleva en la persecuci\u00f3n al belga <strong>Adrien Van Beveren<\/strong> y a Luciano Benavides.<\/p>\n\n\n\n<p class=\"wp-block-paragraph\">El Dakar contin\u00faa este viernes con la 12\u00aa especial, de 185 km entre <strong>Rub&#8217;al Khali<\/strong> (<strong>Empty Quater<\/strong>) y <strong>Shaybah<\/strong>.<\/p>\n\n\n\n<figure class=\"wp-block-image size-full\"><img decoding=\"async\" src=\"https:\/\/www.grandepremio.com\/br\/wp-content\/uploads\/2023\/01\/GPF8.jpeg\" alt=\"\" class=\"wp-image-644287\"\/><figcaption>Marcelo Medeiros gan\u00f3 su segunda etapa consecutiva en los quads del Dakar 2023 (Foto: ASO\/Dakar)<\/figcaption><\/figure>\n\n\n\n<h4 class=\"wp-block-heading\" id=\"h-medeiros-gana-su-segunda-etapa-seguida-del-dakar-en-quads\">Medeiros gana su segunda etapa seguida del Dakar en quads<\/h4>\n\n\n\n<p class=\"wp-block-paragraph\">Entre los cuadriciclos, el brasile\u00f1o <strong>Marcelo Medeiros<\/strong>, de <strong>Taguatur Racing<\/strong>, gan\u00f3 la segunda especial consecutiva. El tramo se complet\u00f3 en 3h50min47s, 6min por delante del franc\u00e9s <strong>Alexandre Giroud<\/strong>, que se mantiene en cabeza de la general con mucho margen para el argentino <strong>Francisco Moreno<\/strong>, tercero el jueves, y que est\u00e1 a 1h20min en segundo lugar en la soma de los tiempos.<\/p>\n\n\n\n<p class=\"wp-block-paragraph\"><strong>VER TAMBI\u00c9N<br><\/strong><a href=\"https:\/\/grandepremio.com\/es\/\/rally\/ales-loprais-retiro-camiones-dakar-2023\/\"><strong>L\u00edder en camiones, Loprais abandona el Dakar tras accidente con muerte de espectador<\/strong><\/a><\/p>\n\n\n\n<p class=\"wp-block-paragraph\">El cuarto puesto fue para el chileno <strong>Giovanni Enrico<\/strong>, seguido del eslovaco <strong>Juraj Varga<\/strong>, el lituano <strong>Laisvydas Kancius<\/strong>, el estadounidense <strong>Pablo Copetti<\/strong>, el argentino <strong>Alejandro Fantoni<\/strong>, el espa\u00f1ol <strong>Toni Vingut<\/strong> y el argentino <strong>Carlos Verza<\/strong>.<\/p>\n\n\n\n<p class=\"wp-block-paragraph\">Pese a su segunda victoria consecutiva, Medeiros sigue und\u00e9cimo y \u00faltimo entre los cuadriciclos que siguen participando en el Dakar (8 ya han abandonado), con una desventaja de 30 horas respecto al l\u00edder.<\/p>\n\n\n\n<p class=\"wp-block-paragraph\"><strong><strong>Dakar 2023, Motos, Clasificaci\u00f3n general tras 11 etapas:<\/strong><\/strong><\/p>\n\n\n\n<figure class=\"wp-block-table\"><table><tbody><tr><td>1<\/td><td>S HOWES<\/td><td>Husqvarna<\/td><td>38:47:43<\/td><td>&nbsp;<\/td><\/tr><tr><td>2<\/td><td>T PRICE<\/td><td>KTM<\/td><td>38:48:11<\/td><td>0:00:28<\/td><\/tr><tr><td>3<\/td><td>K BENAVIDES<\/td><td>KTM<\/td><td>38:50:27<\/td><td>0:02:44<\/td><\/tr><tr><td>4<\/td><td>P QUINTANILLA<\/td><td>Honda<\/td><td>39:01:57<\/td><td>0:14:14<\/td><\/tr><tr><td>5<\/td><td>A VAN BEVEREN<\/td><td>Honda<\/td><td>39:03:07<\/td><td>0:15:24<\/td><\/tr><tr><td>6<\/td><td>L BENAVIDES<\/td><td>Husqvarna<\/td><td>39:05:49<\/td><td>0:18:06<\/td><\/tr><tr><td>7<\/td><td>D SANDERS<\/td><td>GasGas<\/td><td>39:09:23<\/td><td>0:21:40<\/td><\/tr><tr><td>8<\/td><td>J CORNEJO<\/td><td>Honda<\/td><td>39:13:23<\/td><td>0:25:40<\/td><\/tr><tr><td>9<\/td><td>M KLEIN<\/td><td>Bas<\/td><td>39:19:18<\/td><td>0:31:35<\/td><\/tr><tr><td>10<\/td><td>M WALKNER<\/td><td>KTM<\/td><td>39:32:28<\/td><td>0:44:45<\/td><\/tr><\/tbody><\/table><\/figure>\n\n\n\n<p class=\"wp-block-paragraph\"><strong>Dakar 2023, Cuadriciclos, Clasificaci\u00f3n general tras 11 etapas:<\/strong><\/p>\n\n\n\n<figure class=\"wp-block-table\"><table><tbody><tr><td>1<\/td><td>A GIROUD<\/td><td>Yamaha<\/td><td>48:31:56<\/td><td>&nbsp;<\/td><\/tr><tr><td>2<\/td><td>F MORENO<\/td><td>Drag&#8217;on<\/td><td>49:52:19<\/td><td>1:20:23<\/td><\/tr><tr><td>3<\/td><td>P COPETTI<\/td><td>Del Amo\/Motul<\/td><td>50:39:14<\/td><td>2:07:18<\/td><\/tr><tr><td>4<\/td><td>J VARGA<\/td><td>Varga<\/td><td>51:51:28<\/td><td>3:19:32<\/td><\/tr><tr><td>5<\/td><td>G ENRICO<\/td><td>Enrico<\/td><td>54:07:29<\/td><td>5:35:33<\/td><\/tr><tr><td>6<\/td><td>T VINGUT<\/td><td>Visit Sant Antoni &#8211; Ibiza<\/td><td>57:01:25<\/td><td>8:29:29<\/td><\/tr><tr><td>7<\/td><td>L KANCIUS<\/td><td>Story<\/td><td>67:02:36<\/td><td>18:30:40<\/td><\/tr><tr><td>8<\/td><td>C VERZA<\/td><td>Verza<\/td><td>71:38:13<\/td><td>23:06:17<\/td><\/tr><tr><td>9<\/td><td>A FANTONI<\/td><td>Drag&#8217;on<\/td><td>72:42:07<\/td><td>24:10:11<\/td><\/tr><tr><td>10<\/td><td>M AND\u00daJAR<\/td><td>7240 Team<\/td><td>77:00:44<\/td><td>28:28:48<\/td><\/tr><tr><td>11<\/td><td>M MEDEIROS<\/td><td>Taguatur<\/td><td>79:30:36<\/td><td>30:58:40<\/td><\/tr><\/tbody><\/table><\/figure>\n","protected":false},"excerpt":{"rendered":"<p>Luciano Benavides gan\u00f3 otra moto y Skylar Howes recuper\u00f3 el liderato de la clasificaci\u00f3n general. Marcelo Medeiros mantiene la buena fase en el cuadriciclo y gana por segunda especial consecutiva.<\/p>\n","protected":false},"author":0,"featured_media":1010107940,"comment_status":"closed","ping_status":"closed","sticky":false,"template":"","format":"standard","meta":{"42wp_featured_image_caption":"","42wp_featured_image_credits":"","42wp_featured_video":"","42wp_featured_image_hidden":false,"42wp_authors_list":[],"footnotes":""},"categories":[9],"tags":[4763,319,4090,5023,1488,2237,4981,1966,4924,4764,1956,5022,1990],"42wp_author":[14234],"class_list":["post-20484","post","type-post","status-publish","format-standard","has-post-thumbnail","hentry","category-rally","tag-alexandre-giroud","tag-dakar","tag-dakar-2023","tag-empty-quarter-marathon","tag-grande-premio","tag-grandepremio","tag-husqvarna","tag-kevin-benavides","tag-luciano-benavides","tag-marcelo-medeiros","tag-rally-dakar","tag-shaybah","tag-toby-price","42wp_author-douglas-rocha"],"_links":{"self":[{"href":"https:\/\/grandepremio.com\/es\/wp-json\/wp\/v2\/posts\/20484","targetHints":{"allow":["GET"]}}],"collection":[{"href":"https:\/\/grandepremio.com\/es\/wp-json\/wp\/v2\/posts"}],"about":[{"href":"https:\/\/grandepremio.com\/es\/wp-json\/wp\/v2\/types\/post"}],"replies":[{"embeddable":true,"href":"https:\/\/grandepremio.com\/es\/wp-json\/wp\/v2\/comments?post=20484"}],"version-history":[{"count":0,"href":"https:\/\/grandepremio.com\/es\/wp-json\/wp\/v2\/posts\/20484\/revisions"}],"wp:featuredmedia":[{"embeddable":true,"href":"https:\/\/grandepremio.com\/es\/wp-json\/wp\/v2\/media\/1010107940"}],"wp:attachment":[{"href":"https:\/\/grandepremio.com\/es\/wp-json\/wp\/v2\/media?parent=20484"}],"wp:term":[{"taxonomy":"category","embeddable":true,"href":"https:\/\/grandepremio.com\/es\/wp-json\/wp\/v2\/categories?post=20484"},{"taxonomy":"post_tag","embeddable":true,"href":"https:\/\/grandepremio.com\/es\/wp-json\/wp\/v2\/tags?post=20484"},{"taxonomy":"42wp_author","embeddable":true,"href":"https:\/\/grandepremio.com\/es\/wp-json\/wp\/v2\/42wp_author?post=20484"}],"curies":[{"name":"wp","href":"https:\/\/api.w.org\/{rel}","templated":true}]}}