{"id":20487,"date":"2023-01-12T13:38:39","date_gmt":"2023-01-12T16:38:39","guid":{"rendered":"https:\/\/grandepremio.com\/es\/2023\/01\/12\/cadillac-descarta-desanimo-frialdad-formula-1\/"},"modified":"2023-01-12T14:02:21","modified_gmt":"2023-01-12T17:02:21","slug":"cadillac-descarta-desanimo-frialdad-formula-1","status":"publish","type":"post","link":"https:\/\/grandepremio.com\/es\/f1\/cadillac-descarta-desanimo-frialdad-formula-1\/","title":{"rendered":"Cadillac descarta des\u00e1nimo por frialdad de la F1: &#8220;Ver como se desarrolla el proceso&#8221;"},"content":{"rendered":"\n<p class=\"wp-block-paragraph\">La <a href=\"https:\/\/grandepremio.com\/es\/\/categoria\/f1\/\" target=\"_blank\" rel=\"noreferrer noopener\">F\u00f3rmula 1<\/a> ha recibido con frialdad el inter\u00e9s de <strong>Andretti <\/strong>por entrar a la categor\u00eda. La escuder\u00eda estadounidense uni\u00f3 fuerzas con <strong>GM <\/strong>para planear una entrada -junto a <strong>Cadillac<\/strong>&#8211; en la competici\u00f3n principal del automovilismo mundial, pero el apoyo de la <strong>FIA <\/strong>(Federaci\u00f3n Internacional del Autom\u00f3vil) no fue compartido por la propia <strong>F1<\/strong>.<\/p>\n\n\n\n<p class=\"wp-block-paragraph\">La situaci\u00f3n suscit\u00f3 comentarios del presidente de la FIA, <strong>Mohammed Ben Sulayem<\/strong>, que se quej\u00f3 de lo que consider\u00f3 una &#8220;reacci\u00f3n adversa&#8221;, y tambi\u00e9n del propio <strong>Michael Andretti<\/strong>: el presidente y consejero delegado de <strong>Andretti Global<\/strong> afirm\u00f3 que la fr\u00eda acogida de la <strong>F\u00f3rmula 1<\/strong> era fruto de la &#8220;codicia&#8221;. Ahora le toca hablar a la otra parte interesada, <strong>Cadillac<\/strong>.<\/p>\n\n\n\n<p class=\"wp-block-paragraph\">El vicepresidente global de la marca, <strong>Rory Harve<\/strong>y, evit\u00f3 dar una respuesta m\u00e1s directa, pero reiter\u00f3 su confianza en el proyecto presentado a la <strong>F1<\/strong> por <strong>Andretti<\/strong>.<\/p>\n\n\n\n<p class=\"wp-block-paragraph\"><strong>\u00a1Conoce el canal de Grande Pr\u00eamio en Espa\u00f1ol en\u00a0<a href=\"https:\/\/www.youtube.com\/channel\/UCDxWojGVUi9gWYhrY0pGbIQ\" target=\"_blank\" rel=\"noreferrer noopener\">YouTube<\/a>!<br>\u00a1Sigue a\u00a0Grande Pr\u00eamio en Espa\u00f1ol\u00a0en\u00a0<a href=\"https:\/\/twitter.com\/grandepremioES\" target=\"_blank\" rel=\"noreferrer noopener\">Twitter\u00a0<\/a>y en\u00a0<a href=\"https:\/\/www.instagram.com\/grandepremioes\/\" target=\"_blank\" rel=\"noreferrer noopener\">Instagram<\/a>!<\/strong><\/p>\n\n\n\n<figure class=\"wp-block-image size-large\"><img decoding=\"async\" src=\"https:\/\/www.grandepremio.com\/br\/wp-content\/uploads\/2020\/05\/JGS_2019-INDIANAPOLIS-500-106216-1-1024x683.jpeg\" alt=\"\" class=\"wp-image-520642\"\/><figcaption>Michael Andretti intenta tener un equipo en la F\u00f3rmula 1 (Foto: Indycar)<\/figcaption><\/figure>\n\n\n\n<p class=\"wp-block-paragraph\">&#8220;No habr\u00edamos anunciado nuestra intenci\u00f3n de presentar una manifestaci\u00f3n de inter\u00e9s si no pens\u00e1ramos que era una propuesta que cumpl\u00eda los requisitos y nos daba posibilidades de \u00e9xito. Desde ese punto de vista, a\u00fan queda mucho camino por recorrer en este proceso. La manifestaci\u00f3n de inter\u00e9s y los detalles a\u00fan no han salido a la luz, as\u00ed que tenemos que dar el primer paso. Tenemos que presentar nuestra manifestaci\u00f3n de inter\u00e9s y luego ver c\u00f3mo se desarrolla el proceso&#8221;, se\u00f1al\u00f3 el representante de <strong>Cadillac<\/strong>.<\/p>\n\n\n\n<p class=\"wp-block-paragraph\">Harvey asegur\u00f3 que el nivel de entusiasmo interno de <strong>Cadillac <\/strong>sigue siendo alto y que la F\u00f3rmula 1 ser\u00eda &#8220;un gran compromiso&#8221; para la marca.<\/p>\n\n\n\n<p class=\"wp-block-paragraph\">&#8220;S\u00e9 que desde el punto de vista de <strong>Andretti<\/strong> est\u00e1n s\u00faper emocionados. Haremos todo lo posible en cuanto a nuestra manifestaci\u00f3n de inter\u00e9s y seremos capaces de mostrar lo que creemos que podemos aportar a la <strong>F1<\/strong>&#8220;, afirm\u00f3.<\/p>\n\n\n\n<p class=\"wp-block-paragraph\">&#8220;La asociaci\u00f3n [con <strong>Andretti<\/strong>] de la que hablamos la semana pasada es lo que nos dar\u00e1 la capacidad de ejecuci\u00f3n. Creemos que disponemos de una combinaci\u00f3n de competencias en todas las organizaciones para elaborar un paquete que garantice nuestra competitividad&#8221;, concluy\u00f3 <strong>Harvey<\/strong>.<\/p>\n","protected":false},"excerpt":{"rendered":"<p>El vicepresidente global de la marca, Rory Harvey, inst\u00f3 a la paciencia con las manifestaciones de inter\u00e9s y rechaz\u00f3 cualquier sentimiento negativo por la frialdad de la F\u00f3rmula 1<\/p>\n","protected":false},"author":0,"featured_media":1010107905,"comment_status":"closed","ping_status":"closed","sticky":false,"template":"","format":"standard","meta":{"42wp_featured_image_caption":"","42wp_featured_image_credits":"","42wp_featured_video":"","42wp_featured_image_hidden":false,"42wp_authors_list":[],"footnotes":""},"categories":[5],"tags":[597,1560,5021,181,1676,1680,263,179,2534,2236,3438,2237,5020],"42wp_author":[14233],"class_list":["post-20487","post","type-post","status-publish","format-standard","has-post-thumbnail","hentry","category-f1","tag-andretti","tag-cadillac","tag-cadillac-andretti","tag-f1","tag-f1-2023","tag-f1-2026","tag-fia","tag-formula-1","tag-formula-1-2023","tag-grande-premio-2","tag-grande-premio-en-espanol","tag-grandepremio","tag-rory-harvey","42wp_author-eric-calduch"],"_links":{"self":[{"href":"https:\/\/grandepremio.com\/es\/wp-json\/wp\/v2\/posts\/20487","targetHints":{"allow":["GET"]}}],"collection":[{"href":"https:\/\/grandepremio.com\/es\/wp-json\/wp\/v2\/posts"}],"about":[{"href":"https:\/\/grandepremio.com\/es\/wp-json\/wp\/v2\/types\/post"}],"replies":[{"embeddable":true,"href":"https:\/\/grandepremio.com\/es\/wp-json\/wp\/v2\/comments?post=20487"}],"version-history":[{"count":0,"href":"https:\/\/grandepremio.com\/es\/wp-json\/wp\/v2\/posts\/20487\/revisions"}],"wp:featuredmedia":[{"embeddable":true,"href":"https:\/\/grandepremio.com\/es\/wp-json\/wp\/v2\/media\/1010107905"}],"wp:attachment":[{"href":"https:\/\/grandepremio.com\/es\/wp-json\/wp\/v2\/media?parent=20487"}],"wp:term":[{"taxonomy":"category","embeddable":true,"href":"https:\/\/grandepremio.com\/es\/wp-json\/wp\/v2\/categories?post=20487"},{"taxonomy":"post_tag","embeddable":true,"href":"https:\/\/grandepremio.com\/es\/wp-json\/wp\/v2\/tags?post=20487"},{"taxonomy":"42wp_author","embeddable":true,"href":"https:\/\/grandepremio.com\/es\/wp-json\/wp\/v2\/42wp_author?post=20487"}],"curies":[{"name":"wp","href":"https:\/\/api.w.org\/{rel}","templated":true}]}}