{"id":20489,"date":"2023-01-12T10:13:10","date_gmt":"2023-01-12T13:13:10","guid":{"rendered":"https:\/\/grandepremio.com\/es\/2023\/01\/12\/mercedes-define-presentacion-w14-cumpleanos-george-russell\/"},"modified":"2023-01-12T10:27:11","modified_gmt":"2023-01-12T13:27:11","slug":"mercedes-define-presentacion-w14-cumpleanos-george-russell","status":"publish","type":"post","link":"https:\/\/grandepremio.com\/es\/f1\/mercedes-define-presentacion-w14-cumpleanos-george-russell\/","title":{"rendered":"Mercedes define presentaci\u00f3n del W14 para el d\u00eda del cumplea\u00f1os de Russell: &#8220;Regalo&#8221;"},"content":{"rendered":"\n<p class=\"wp-block-paragraph\">Y el misterio ya tiene fecha para ser revelado al mundo. <strong>Mercedes <\/strong>confirm\u00f3 para el 15 de febrero el lanzamiento del <strong>W14<\/strong>, modelo con el que competir\u00e1 en la temporada 2023 de <a href=\"https:\/\/grandepremio.com\/es\/\/categoria\/f1\/\" target=\"_blank\" rel=\"noreferrer noopener\">F\u00f3rmula 1.<\/a><\/p>\n\n\n\n<p class=\"wp-block-paragraph\">El equipo alem\u00e1n utiliz\u00f3 las redes sociales el jueves para anunciar la fecha. El evento tendr\u00e1 lugar en Silverstone, y los aficionados podr\u00e1n seguir el lanzamiento en directo a trav\u00e9s de las redes sociales del equipo. A\u00fan no se ha confirmado la hora.<\/p>\n\n\n\n<p class=\"wp-block-paragraph\">Pero lo ins\u00f3lito fue el d\u00eda elegido: casualmente, es el cumplea\u00f1os de <strong>George Russell<\/strong>, quien agradeci\u00f3 al equipo el &#8220;regalo&#8221; anticipado.<\/p>\n\n\n\n<p class=\"wp-block-paragraph\"><strong>\u00a1Conoce el canal de Grande Pr\u00eamio en Espa\u00f1ol en\u00a0<a href=\"https:\/\/www.youtube.com\/channel\/UCDxWojGVUi9gWYhrY0pGbIQ\" target=\"_blank\" rel=\"noreferrer noopener\">YouTube<\/a>!<br>\u00a1Sigue a\u00a0Grande Pr\u00eamio en Espa\u00f1ol\u00a0en\u00a0<a href=\"https:\/\/twitter.com\/grandepremioES\" target=\"_blank\" rel=\"noreferrer noopener\">Twitter\u00a0<\/a>y en\u00a0<a href=\"https:\/\/www.instagram.com\/grandepremioes\/\" target=\"_blank\" rel=\"noreferrer noopener\">Instagram<\/a>!<\/strong><\/p>\n\n\n\n<figure class=\"wp-block-image size-large\"><img decoding=\"async\" src=\"https:\/\/www.grandepremio.com\/br\/wp-content\/uploads\/2022\/11\/mercedes-georgerussell-afp-04-1024x683.jpg\" alt=\"\" class=\"wp-image-635417\"\/><figcaption>Tras un a\u00f1o complicado con el W13, Mercedes se prepara para presentar el W14 (Foto: AFP)<\/figcaption><\/figure>\n\n\n\n<p class=\"wp-block-paragraph\"><strong>Mercedes <\/strong>ya hab\u00eda dado a los aficionados una muestra del <strong>W14 <\/strong>durante la semana de Navidad. La escuder\u00eda con sede en Brackley ha publicado un v\u00eddeo en el que se ve c\u00f3mo se enciende por primera vez el motor del nuevo modelo.<\/p>\n\n\n\n<p class=\"wp-block-paragraph\">El <strong>W14 <\/strong>es sin duda uno de los coches m\u00e1s esperados de la <strong>F1 2023,<\/strong> y es que el \u00faltimo cambio de reglamento ha lanzado a Mercedes al tercer puesto entre los constructores. Los cambios en el b\u00f3lido, sin embargo, pueden no ser tan perceptibles como podr\u00eda pensarse.<\/p>\n\n\n\n<p class=\"wp-block-paragraph\">Tras afirmar que el coche de este a\u00f1o tendr\u00e1 un &#8220;ADN diferente&#8221; en comparaci\u00f3n con el <strong>W13<\/strong>, el jefe de la marca alemana,<strong> Toto Wolff<\/strong>, ha dado recientemente m\u00e1s detalles de lo que se podr\u00e1 ver\u2026 o no, ya que las principales modificaciones estar\u00e1n bajo el chasis.<\/p>\n\n\n\n<p class=\"wp-block-paragraph\">Con el anuncio de <strong>Mercedes<\/strong>, queda por ver cuando ser\u00e1 el lanzamiento de otros tres coches: <strong>Red Bull<\/strong>, <strong>Alfa Romeo<\/strong> y <strong>Haas<\/strong>. De momento, el primer equipo en desvelar su nuevo coche ser\u00e1 <strong>Williams<\/strong>, en un acto previsto para el 6 de febrero. <strong>AlphaTauri <\/strong>vendr\u00e1 despu\u00e9s, el 11 de febrero.<\/p>\n\n\n\n<p class=\"wp-block-paragraph\">El 13 del mismo mes, <strong>McLaren <\/strong>y <strong>Aston Martin<\/strong> compartir\u00e1n protagonismo con sus respectivos modelos para la <strong>F1 2023<\/strong>. A continuaci\u00f3n, el d\u00eda 14, ser\u00e1 el turno de <strong>Ferrari <\/strong>de desvelar su proyecto. Por \u00faltimo, <strong>Alpine <\/strong>mostrar\u00e1 el coche de <strong>Pierre Gasly<\/strong> y <strong>Esteban Ocon<\/strong> el d\u00eda 16.<\/p>\n","protected":false},"excerpt":{"rendered":"<p>El W14 ya tiene fecha para ser presentado al mundo, y casualmente ser\u00e1 el mismo d\u00eda en que George Russell, piloto de la escuder\u00eda alemana, cumplir\u00e1 un a\u00f1o m\u00e1s de vida.<\/p>\n","protected":false},"author":0,"featured_media":1010107799,"comment_status":"closed","ping_status":"closed","sticky":false,"template":"","format":"standard","meta":{"42wp_featured_image_caption":"","42wp_featured_image_credits":"","42wp_featured_video":"","42wp_featured_image_hidden":false,"42wp_authors_list":[],"footnotes":""},"categories":[5],"tags":[181,1676,4999,179,2534,253,2236,3438,2237,199,197,5019,4641,569,3270],"42wp_author":[14233],"class_list":["post-20489","post","type-post","status-publish","format-standard","has-post-thumbnail","hentry","category-f1","tag-f1","tag-f1-2023","tag-fecha-de-lanzamiento","tag-formula-1","tag-formula-1-2023","tag-george-russell","tag-grande-premio-2","tag-grande-premio-en-espanol","tag-grandepremio","tag-lewis-hamilton","tag-mercedes","tag-presentacion","tag-presentacion-f1-2023","tag-toto-wolff","tag-w14","42wp_author-eric-calduch"],"_links":{"self":[{"href":"https:\/\/grandepremio.com\/es\/wp-json\/wp\/v2\/posts\/20489","targetHints":{"allow":["GET"]}}],"collection":[{"href":"https:\/\/grandepremio.com\/es\/wp-json\/wp\/v2\/posts"}],"about":[{"href":"https:\/\/grandepremio.com\/es\/wp-json\/wp\/v2\/types\/post"}],"replies":[{"embeddable":true,"href":"https:\/\/grandepremio.com\/es\/wp-json\/wp\/v2\/comments?post=20489"}],"version-history":[{"count":0,"href":"https:\/\/grandepremio.com\/es\/wp-json\/wp\/v2\/posts\/20489\/revisions"}],"wp:featuredmedia":[{"embeddable":true,"href":"https:\/\/grandepremio.com\/es\/wp-json\/wp\/v2\/media\/1010107799"}],"wp:attachment":[{"href":"https:\/\/grandepremio.com\/es\/wp-json\/wp\/v2\/media?parent=20489"}],"wp:term":[{"taxonomy":"category","embeddable":true,"href":"https:\/\/grandepremio.com\/es\/wp-json\/wp\/v2\/categories?post=20489"},{"taxonomy":"post_tag","embeddable":true,"href":"https:\/\/grandepremio.com\/es\/wp-json\/wp\/v2\/tags?post=20489"},{"taxonomy":"42wp_author","embeddable":true,"href":"https:\/\/grandepremio.com\/es\/wp-json\/wp\/v2\/42wp_author?post=20489"}],"curies":[{"name":"wp","href":"https:\/\/api.w.org\/{rel}","templated":true}]}}