{"id":20511,"date":"2023-01-09T12:53:19","date_gmt":"2023-01-09T15:53:19","guid":{"rendered":"https:\/\/grandepremio.com\/es\/2023\/01\/09\/pons-rechazo-motogp-sustituir-suzuki\/"},"modified":"2023-01-09T13:05:05","modified_gmt":"2023-01-09T16:05:05","slug":"pons-rechazo-motogp-sustituir-suzuki","status":"publish","type":"post","link":"https:\/\/grandepremio.com\/es\/motogp\/pons-rechazo-motogp-sustituir-suzuki\/","title":{"rendered":"Pons revela rechazo de MotoGP para sustituir a Suzuki: &#8220;Quieren a un fabricante&#8221;"},"content":{"rendered":"\n<p class=\"wp-block-paragraph\">Con la salida de <strong>Suzuki <\/strong>de la parrilla de <a href=\"https:\/\/grandepremio.com\/es\/\/categoria\/motogp\/\" target=\"_blank\" rel=\"noreferrer noopener\">MotoGP<\/a> el a\u00f1o pasado, algunas marcas se han interesado por el puesto. Es el caso de <strong>Pons<\/strong>, el equipo de <strong>Sito Pons,<\/strong> que forma parte de la parrilla de <strong>MotoE<\/strong>. El ex piloto del Mundial de Motociclismo ya hab\u00eda mostrado su inter\u00e9s por sustituir al fabricante japon\u00e9s, pero ahora ha revelado que las conversaciones con <strong>Dorna <\/strong>no llegaron a buen puerto.<\/p>\n\n\n\n<p class=\"wp-block-paragraph\">Esto se debe a que, si <strong>Pons <\/strong>entrara en la categor\u00eda reina, lo har\u00eda como equipo sat\u00e9lite, lo que no se ajusta a los intereses de la direcci\u00f3n del Campeonato del Mundo.<\/p>\n\n\n\n<p class=\"wp-block-paragraph\">&#8220;Tuvimos muchas conversaciones sobre <strong>MotoGP <\/strong>con el CEO de Dorna, <strong>Carmelo Ezpeleta<\/strong>&#8220;, dijo <strong>Pons<\/strong>, en una entrevista con <em>Speedweek.com<\/em>. &#8220;Le preguntamos oficialmente si pod\u00edamos volver a <strong>MotoGP <\/strong>con el <strong>Team Pons<\/strong>. Pero <strong>Carmelo <\/strong>me dej\u00f3 claro que quiere un fabricante y no va a contratar a ning\u00fan otro equipo sat\u00e9lite por el momento&#8221;, sigui\u00f3.<\/p>\n\n\n\n<p class=\"wp-block-paragraph\"><strong><strong>\u00a1Conoce el canal de Grande Pr\u00eamio en Espa\u00f1ol en\u00a0<a href=\"https:\/\/www.youtube.com\/channel\/UCDxWojGVUi9gWYhrY0pGbIQ\" target=\"_blank\" rel=\"noreferrer noopener\">YouTube<\/a>!<br>\u00a1Sigue a\u00a0Grande Pr\u00eamio en Espa\u00f1ol\u00a0en\u00a0<a href=\"https:\/\/twitter.com\/grandepremioES\" target=\"_blank\" rel=\"noreferrer noopener\">Twitter\u00a0<\/a>y en\u00a0<a href=\"https:\/\/www.instagram.com\/grandepremioes\/\" target=\"_blank\" rel=\"noreferrer noopener\">Instagram<\/a>!<\/strong><\/strong><\/p>\n\n\n\n<figure class=\"wp-block-image size-large\"><img decoding=\"async\" src=\"https:\/\/www.grandepremio.com\/br\/wp-content\/uploads\/2022\/04\/miquelpons77_278275209_2284004405089377_4938506515335427869_n-1024x1024.jpg\" alt=\"\" class=\"wp-image-563376\"\/><figcaption>Sito Pons tiene ahora un equipo en MotoE (Foto: Reproducci\u00f3n\/Instagram)<\/figcaption><\/figure>\n\n\n\n<p class=\"wp-block-paragraph\">Pons estuvo presente en <strong>MotoGP <\/strong>en 2005, en asociaci\u00f3n con <strong>Honda<\/strong>. <strong>Troy Bayliss<\/strong> y el brasile\u00f1o <strong>Alex Barros<\/strong> formaban la pareja de pilotos del equipo sat\u00e9lite. <strong>Sito <\/strong>regres\u00f3 con el equipo en 2009, pero en la categor\u00eda intermedia de 250cc.<\/p>\n\n\n\n<p class=\"wp-block-paragraph\">&#8220;Esa fue su clara respuesta. Durante muchos a\u00f1os le hemos preguntado si pod\u00edamos conseguir plazas en <strong>MotoGP<\/strong>. Una vez hubo una oportunidad, pero la perdimos porque ninguna f\u00e1brica quer\u00eda darnos motos&#8221;, a\u00f1adi\u00f3.<\/p>\n\n\n\n<p class=\"wp-block-paragraph\">&#8220;Cuando <strong>Suzuki <\/strong>anunci\u00f3 su retirada en mayo, volvimos a hacerlo. Hablamos con <strong>Carmelo<\/strong>. Tenemos los recursos, tenemos la experiencia. Pero por desgracia no hay sitio&#8221;, concluy\u00f3.<\/p>\n\n\n\n<p class=\"wp-block-paragraph\">El director del <strong>Teams Pons<\/strong> evit\u00f3 recientemente una condena de 24 a\u00f1os de c\u00e1rcel por fraude fiscal. En 2019, Sito fue acusado por la Fiscal\u00eda espa\u00f1ola de defraudar 2,7 millones de euros en impuestos entre 2010 y 2014. Adem\u00e1s de una multa de 12 millones de euros, el jefe del equipo tambi\u00e9n podr\u00eda haber acabado entre rejas.<\/p>\n","protected":false},"excerpt":{"rendered":"<p>Sito Pons ten\u00eda el deseo de llevar su equipo a MotoGP, pero revel\u00f3 que las conversaciones con Carmelo Ezpeleta, CEO de Dorna, no prosperaron. <\/p>\n","protected":false},"author":0,"featured_media":1010107324,"comment_status":"closed","ping_status":"closed","sticky":false,"template":"","format":"standard","meta":{"42wp_featured_image_caption":"","42wp_featured_image_credits":"","42wp_featured_video":"","42wp_featured_image_hidden":false,"42wp_authors_list":[],"footnotes":""},"categories":[8],"tags":[2425,1678,4964,2236,3438,2237,855,1293,2657,1764,4961,4962,1427,4963],"42wp_author":[14233],"class_list":["post-20511","post","type-post","status-publish","format-standard","has-post-thumbnail","hentry","category-motogp","tag-carmelo-ezpeleta","tag-dorna","tag-fabricante-motogp","tag-grande-premio-2","tag-grande-premio-en-espanol","tag-grandepremio","tag-motociclismo","tag-motogp","tag-motogp-2023","tag-mundial-de-motociclismo","tag-pons","tag-sito-pons","tag-suzuki","tag-teams-pons","42wp_author-eric-calduch"],"_links":{"self":[{"href":"https:\/\/grandepremio.com\/es\/wp-json\/wp\/v2\/posts\/20511","targetHints":{"allow":["GET"]}}],"collection":[{"href":"https:\/\/grandepremio.com\/es\/wp-json\/wp\/v2\/posts"}],"about":[{"href":"https:\/\/grandepremio.com\/es\/wp-json\/wp\/v2\/types\/post"}],"replies":[{"embeddable":true,"href":"https:\/\/grandepremio.com\/es\/wp-json\/wp\/v2\/comments?post=20511"}],"version-history":[{"count":0,"href":"https:\/\/grandepremio.com\/es\/wp-json\/wp\/v2\/posts\/20511\/revisions"}],"wp:featuredmedia":[{"embeddable":true,"href":"https:\/\/grandepremio.com\/es\/wp-json\/wp\/v2\/media\/1010107324"}],"wp:attachment":[{"href":"https:\/\/grandepremio.com\/es\/wp-json\/wp\/v2\/media?parent=20511"}],"wp:term":[{"taxonomy":"category","embeddable":true,"href":"https:\/\/grandepremio.com\/es\/wp-json\/wp\/v2\/categories?post=20511"},{"taxonomy":"post_tag","embeddable":true,"href":"https:\/\/grandepremio.com\/es\/wp-json\/wp\/v2\/tags?post=20511"},{"taxonomy":"42wp_author","embeddable":true,"href":"https:\/\/grandepremio.com\/es\/wp-json\/wp\/v2\/42wp_author?post=20511"}],"curies":[{"name":"wp","href":"https:\/\/api.w.org\/{rel}","templated":true}]}}