{"id":20515,"date":"2023-01-09T09:52:44","date_gmt":"2023-01-09T12:52:44","guid":{"rendered":"https:\/\/grandepremio.com\/es\/2023\/01\/09\/por-que-equipos-formula-1-resisten-entrada-andretti\/"},"modified":"2023-01-09T10:32:51","modified_gmt":"2023-01-09T13:32:51","slug":"por-que-equipos-formula-1-resisten-entrada-andretti","status":"publish","type":"post","link":"https:\/\/grandepremio.com\/es\/f1\/por-que-equipos-formula-1-resisten-entrada-andretti\/","title":{"rendered":"\u00bfPor qu\u00e9 algunos equipos se resisten a la entrada de Andretti a la F\u00f3rmula 1?"},"content":{"rendered":"\n<p class=\"wp-block-paragraph\">Poco despu\u00e9s de anunciar sus planes de entrar en la <strong>F1<\/strong>, <strong>Michael Andretti<\/strong> dijo -en una rueda de prensa- que no hab\u00eda forma de que la propia categor\u00eda rechazara la asociaci\u00f3n hecha con <strong>GM<\/strong>. &#8220;Creo que esto va a ser algo enorme para la <a href=\"https:\/\/grandepremio.com\/es\/\/categoria\/f1\/\" target=\"_blank\" rel=\"noreferrer noopener\">F\u00f3rmula 1<\/a>. Y es dif\u00edcil que alguien lo discuta ahora&#8221;, se\u00f1al\u00f3 el estadounidense. Pero, al parecer, ni siquiera ese acuerdo logr\u00f3 convencer al universo de la principal categor\u00eda del automovilismo mundial.<\/p>\n\n\n\n<p class=\"wp-block-paragraph\">La <strong>F1 <\/strong>recibi\u00f3 con frialdad la manifestaci\u00f3n p\u00fablica de inter\u00e9s, que incluso provoc\u00f3 una declaraci\u00f3n directa del presidente de la <strong>FIA <\/strong>(Federaci\u00f3n Internacional del Autom\u00f3vil), <strong>Mohammed Ben Sulayem<\/strong>, quien se quej\u00f3 de lo que consider\u00f3 una &#8220;reacci\u00f3n adversa&#8221;. Ahora, una fuente interna de la <strong>F\u00f3rmula <\/strong>1 ha informado a <em>Reuters <\/em>de que las posibilidades de que <strong>Andretti <\/strong>sea aceptado &#8220;siguen siendo muy improbables&#8221;, y que &#8220;una gran mayor\u00eda&#8221; de los equipos se oponen a cualquier tipo de expansi\u00f3n.<\/p>\n\n\n\n<p class=\"wp-block-paragraph\">El apoyo con el que contaba previamente la escuder\u00eda estadounidense proced\u00eda de <strong>McLaren<\/strong>, en la persona de <strong>Zak Brown<\/strong> -que en m\u00e1s de una ocasi\u00f3n ha expresado su apoyo y criticado a los detractores de la idea- y de <strong>Alpine<\/strong>. <strong>Mario Andretti <\/strong>lleg\u00f3 a afirmar que la escuder\u00eda postulante ten\u00eda un acuerdo formal con <strong>Renault <\/strong>para el uso de motores; sin embargo, el rumor del momento es <strong>Honda<\/strong>.<\/p>\n\n\n\n<p class=\"wp-block-paragraph\"><strong><strong>\u00a1Conoce el canal de Grande Pr\u00eamio en Espa\u00f1ol en&nbsp;<a href=\"https:\/\/www.youtube.com\/channel\/UCDxWojGVUi9gWYhrY0pGbIQ\" target=\"_blank\" rel=\"noreferrer noopener\">YouTube<\/a>!<br>\u00a1Sigue a&nbsp;Grande Pr\u00eamio en Espa\u00f1ol&nbsp;en&nbsp;<a href=\"https:\/\/twitter.com\/grandepremioES\" target=\"_blank\" rel=\"noreferrer noopener\">Twitter&nbsp;<\/a>y en&nbsp;<a href=\"https:\/\/www.instagram.com\/grandepremioes\/\" target=\"_blank\" rel=\"noreferrer noopener\">Instagram<\/a>!<\/strong><\/strong><\/p>\n\n\n\n<figure class=\"wp-block-image size-large\"><img decoding=\"async\" src=\"https:\/\/www.grandepremio.com\/br\/wp-content\/uploads\/2020\/05\/000_32H46FJ-1024x683.jpg\" alt=\"\" class=\"wp-image-606901\"\/><figcaption>Jefe de la F1, Stefano Domenicali lleg\u00f3 a afirmar que expandir la actual parrilla &#8220;no era una prioridad&#8221; (Foto: Kenzo Tribouillard\/AFP)<\/figcaption><\/figure>\n\n\n\n<p class=\"wp-block-paragraph\">Pero, \u00bfpor qu\u00e9 se resisten tanto los actuales equipos de <strong>F\u00f3rmula 1<\/strong> a la entrada de <strong>Andretti<\/strong>? La diluci\u00f3n del reparto de ingresos y la sensaci\u00f3n de que los 200 millones de d\u00f3lares de la cuota de inscripci\u00f3n -que sirven como fondo que se repartir\u00e1 entre la parrilla actual para compensar el reparto de dinero, consecuencia natural de la presencia de un nuevo equipo- parecen ahora demasiado baratos.<\/p>\n\n\n\n<p class=\"wp-block-paragraph\">&#8220;Realmente creo que ellos (<strong>Andretti<\/strong>) son dignos de confianza, pero necesito ver una cuota de entrada m\u00e1s alta&#8221;, dijo a Reuters la misma fuente de alto rango de la <strong>F1<\/strong>. &#8220;Creo que la \u00fanica posibilidad que tiene alguien de entrar (en la <strong>F\u00f3rmula 1<\/strong>) es pagando una cuota de entrada mucho m\u00e1s alta&#8221;, a\u00f1adi\u00f3 dicha fuente, que sugiri\u00f3 una cifra de 500 millones de d\u00f3lares como cantidad adecuada.<\/p>\n\n\n\n<p class=\"wp-block-paragraph\">En junio de 2022, por ejemplo, el jefe del equipo <strong>Haas<\/strong>, <strong>Guenther Steiner<\/strong>, lleg\u00f3 a conceder una entrevista en la que afirmaba que el precio de entrada a la <strong>F\u00f3rmula 1<\/strong> &#8220;deber\u00eda reflejar la gran progresi\u00f3n del valor&#8221; de este deporte. Los 200 millones de d\u00f3lares -que, conviene recordar, est\u00e1n previstos en el Pacto de la Concordia, que dicta los derechos comerciales del campeonato- s\u00ed parecen un obst\u00e1culo relevante para <strong>Andretti<\/strong>.<\/p>\n","protected":false},"excerpt":{"rendered":"<p>Ni siquiera la asociaci\u00f3n con GM ha convencido al universo de la F\u00f3rmula 1. Michael Andretti ve &#8220;muy improbables&#8221; sus posibilidades de entrar en la m\u00e1xima categor\u00eda del automovilismo mundial debido a la oposici\u00f3n de &#8220;una gran mayor\u00eda&#8221; de escuder\u00edas<\/p>\n","protected":false},"author":0,"featured_media":1010107252,"comment_status":"closed","ping_status":"closed","sticky":false,"template":"","format":"standard","meta":{"42wp_featured_image_caption":"","42wp_featured_image_credits":"","42wp_featured_video":"","42wp_featured_image_hidden":false,"42wp_authors_list":[],"footnotes":""},"categories":[5],"tags":[597,4950,1560,181,1676,1680,263,2534,2236,3438,2237,920],"42wp_author":[14233],"class_list":["post-20515","post","type-post","status-publish","format-standard","has-post-thumbnail","hentry","category-f1","tag-andretti","tag-andretti-cadillac","tag-cadillac","tag-f1","tag-f1-2023","tag-f1-2026","tag-fia","tag-formula-1-2023","tag-grande-premio-2","tag-grande-premio-en-espanol","tag-grandepremio","tag-michael-andretti","42wp_author-eric-calduch"],"_links":{"self":[{"href":"https:\/\/grandepremio.com\/es\/wp-json\/wp\/v2\/posts\/20515","targetHints":{"allow":["GET"]}}],"collection":[{"href":"https:\/\/grandepremio.com\/es\/wp-json\/wp\/v2\/posts"}],"about":[{"href":"https:\/\/grandepremio.com\/es\/wp-json\/wp\/v2\/types\/post"}],"replies":[{"embeddable":true,"href":"https:\/\/grandepremio.com\/es\/wp-json\/wp\/v2\/comments?post=20515"}],"version-history":[{"count":0,"href":"https:\/\/grandepremio.com\/es\/wp-json\/wp\/v2\/posts\/20515\/revisions"}],"wp:featuredmedia":[{"embeddable":true,"href":"https:\/\/grandepremio.com\/es\/wp-json\/wp\/v2\/media\/1010107252"}],"wp:attachment":[{"href":"https:\/\/grandepremio.com\/es\/wp-json\/wp\/v2\/media?parent=20515"}],"wp:term":[{"taxonomy":"category","embeddable":true,"href":"https:\/\/grandepremio.com\/es\/wp-json\/wp\/v2\/categories?post=20515"},{"taxonomy":"post_tag","embeddable":true,"href":"https:\/\/grandepremio.com\/es\/wp-json\/wp\/v2\/tags?post=20515"},{"taxonomy":"42wp_author","embeddable":true,"href":"https:\/\/grandepremio.com\/es\/wp-json\/wp\/v2\/42wp_author?post=20515"}],"curies":[{"name":"wp","href":"https:\/\/api.w.org\/{rel}","templated":true}]}}