{"id":20539,"date":"2023-01-05T12:55:06","date_gmt":"2023-01-05T15:55:06","guid":{"rendered":"https:\/\/grandepremio.com\/es\/2023\/01\/05\/andretti-cadillac-formula-1\/"},"modified":"2023-01-05T13:31:32","modified_gmt":"2023-01-05T16:31:32","slug":"andretti-cadillac-formula-1","status":"publish","type":"post","link":"https:\/\/grandepremio.com\/es\/f1\/andretti-cadillac-formula-1\/","title":{"rendered":"Andretti anuncia sociedad con General Motors para competir en F1 con la marca Cadillac"},"content":{"rendered":"\n<p class=\"wp-block-paragraph\"><a href=\"https:\/\/grandepremio.com\/es\/\/f1\/andretti-regalo-navidad-formula-1\/\" target=\"_blank\" rel=\"noreferrer noopener\"><strong>Andretti<\/strong>, equipo que desde hace varios meses intenta conseguir el visto bueno de la <strong>FIA <\/strong>para ingresar a la parrilla de la <strong>F\u00f3rmula 1<\/strong><\/a>, impact\u00f3 este jueves con un nuevo anuncio. Porque la escuder\u00eda dirigida por <strong>Michael Andretti<\/strong> confirm\u00f3 que sell\u00f3 una alianza con <strong>General Motors<\/strong> con la intenci\u00f3n de competir en la m\u00e1xima categor\u00eda del automovilismo mundial bajo la marca <strong>Cadillac<\/strong>. <\/p>\n\n\n\n<p class=\"wp-block-paragraph\">En un gesto claro hacia la idea de la FIA de incorporar nuevas estructuras en F1, Andretti, presidente y consejero delegado de <strong>Andretti Global<\/strong>, no dio ninguna indicaci\u00f3n por el momento sobre cu\u00e1ndo estar\u00e1 listo para entrar en la parrilla el equipo totalmente estadounidense, que tambi\u00e9n incluir\u00e1 a un piloto norteamericano. <\/p>\n\n\n\n<p class=\"wp-block-paragraph\">La escuder\u00eda recibir\u00eda motores de otro fabricante, pero tanto Andretti como Cadillac ofrecer\u00edan un apoyo t\u00e9cnico completo. El equipo operar\u00eda en la nueva sede de <strong>Andretti Global,<\/strong> que se est\u00e1 construyendo en <strong>Fishers, Indiana<\/strong>, y se espera que empiece a funcionar en 2025. Otro base en <strong>Europa<\/strong> tambi\u00e9n formar\u00eda parte de las operaciones.<\/p>\n\n\n\n<figure class=\"wp-block-image size-full\"><img decoding=\"async\" src=\"https:\/\/grandepremio.com\/es\/\/wp-content\/uploads\/2022\/12\/Andretti-Concept-Livery-F1-2024-1.jpg\" alt=\"\" class=\"wp-image-103213\"\/><figcaption>Andretti se asoci\u00f3 con Cadillac para entrar a la F\u00f3rmula 1. (Foto: Divulgaci\u00f3n)<\/figcaption><\/figure>\n\n\n\n<p class=\"wp-block-paragraph\"><strong>\u00a1Conoce el canal de Grande Pr\u00eamio en Espa\u00f1ol en\u00a0<a href=\"https:\/\/www.youtube.com\/channel\/UCDxWojGVUi9gWYhrY0pGbIQ\" target=\"_blank\" rel=\"noreferrer noopener\">YouTube<\/a>!<br>\u00a1Sigue a\u00a0Grande Pr\u00eamio en Espa\u00f1ol\u00a0en\u00a0<a href=\"https:\/\/twitter.com\/grandepremioES\" target=\"_blank\" rel=\"noreferrer noopener\">Twitter\u00a0<\/a>y en\u00a0<a href=\"https:\/\/www.instagram.com\/grandepremioes\/\" target=\"_blank\" rel=\"noreferrer noopener\">Instagram<\/a>!<\/strong><\/p>\n\n\n\n<p class=\"wp-block-paragraph\">&#8220;Andretti Global y su familia de equipos de carreras siguen creciendo y siempre con un ojo puesto en lo que est\u00e1 por venir. Siento que estamos preparados para ser un nuevo equipo de F\u00f3rmula 1, y que podemos a\u00f1adir valor a la categor\u00eda y a nuestros socios, y aportar emoci\u00f3n a los aficionados. Estoy orgulloso de tener a GM y Cadillac a nuestro lado en la consecuci\u00f3n de este objetivo&#8221;, coment\u00f3 Michael.<\/p>\n\n\n\n<p class=\"wp-block-paragraph\">&#8220;GM y Andretti comparten ese legado de amor por las carreras. Ahora, tenemos la oportunidad de combinar nuestra pasi\u00f3n por el automovilismo y nuestra dedicaci\u00f3n a la innovaci\u00f3n para construir una aut\u00e9ntica apuesta americana por la F1. Juntos, seguiremos los procedimientos y pasos propuestos por la FIA durante el proceso de evaluaci\u00f3n. Mientras tanto, seguiremos siendo optimistas y estaremos preparados en caso de que<strong> Andretti Cadillac <\/strong>obtenga la aprobaci\u00f3n formal de su oferta para la <strong>F\u00f3rmula 1&#8243;<\/strong>, continu\u00f3 el dirigente.<\/p>\n\n\n\n<figure class=\"wp-block-image size-full\"><img decoding=\"async\" src=\"https:\/\/grandepremio.com\/es\/\/wp-content\/uploads\/2022\/06\/GPF1-8-1024x576-3.jpeg\" alt=\"\" class=\"wp-image-69861\"\/><figcaption>Mohammed Ben Sulayem, presidente de la FIA, celebr\u00f3 el acuerdo entre Andretti y Cadillac. (Foto: Reproducci\u00f3n\/FIA)<\/figcaption><\/figure>\n\n\n\n<p class=\"wp-block-paragraph\">El Presidente de la <strong>FIA<\/strong>, <strong>Mohammed Ben Sulayem<\/strong>, <a href=\"https:\/\/grandepremio.com\/es\/\/f1\/fia-nuevos-equipos-f1-andretti\/\" target=\"_blank\" rel=\"noreferrer noopener\">que utiliz\u00f3 las redes sociales esta semana para comentar que la Federaci\u00f3n estaba recibiendo solicitudes para inscribirse en la F\u00f3rmula 1<\/a>, no tard\u00f3 en comentar la asociaci\u00f3n de los estadounidenses.<\/p>\n\n\n\n<p class=\"wp-block-paragraph\">&#8220;Recibo con satisfacci\u00f3n la noticia de la asociaci\u00f3n entre Cadillac y Andretti. La FIA espera con inter\u00e9s nuevas conversaciones en el proceso de manifestaci\u00f3n de inter\u00e9s para la parrilla de F\u00f3rmula 1&#8221;, coment\u00f3.<\/p>\n\n\n\n<p class=\"wp-block-paragraph\">El proceso para la entrada de la sociedad Andretti Cadillac necesita el apoyo de la F1 y de los dem\u00e1s equipos de la parrilla, adem\u00e1s de una cuota de entrada de 200 millones de d\u00f3lares como fondo que ser\u00e1 dividido entre la parrilla actual para compensar la divisi\u00f3n de dinero que ocurre con la entrada de un nuevo equipo.<\/p>\n\n\n\n<figure class=\"wp-block-image size-large\"><img decoding=\"async\" src=\"https:\/\/grandepremio.com\/es\/\/wp-content\/uploads\/2022\/12\/Michael-Andretti-Indianapolis-500-Open-Test-By_-Joe-Skibinski_Large-Image-Without-Watermark_m54001-1024x683.jpg\" alt=\"\" class=\"wp-image-100801\"\/><figcaption>Michael Andretti est\u00e1 m\u00e1s cerca de concretar su sue\u00f1o de entrar a la F\u00f3rmula 1. (Foto: IndyCar)\n<\/figcaption><\/figure>\n\n\n\n<p class=\"wp-block-paragraph\">La asociaci\u00f3n con<strong> General Motors <\/strong>representa la mejor oportunidad de Andretti de entrar en la F\u00f3rmula 1. El equipo, ya conocido por sus operaciones en <strong>Indy, F\u00f3rmula E, IMSA y Extreme <\/strong>E, expresa su deseo de estar en el Mundial desde 2021. <a href=\"https:\/\/grandepremio.com\/es\/\/f1\/andretti-revela-que-negociacion-con-alfa-romeo-estaba-hecha-en-2021\/\" target=\"_blank\" rel=\"noreferrer noopener\">El conglomerado estuvo a punto de llegar a un acuerdo para comprar Sauber, pero se frustr\u00f3 a \u00faltimo momento.<\/a><\/p>\n\n\n\n<p class=\"wp-block-paragraph\">Incluso manifestando su inter\u00e9s, el nuevo equipo ha encontrado resistencia, <a href=\"https:\/\/grandepremio.com\/es\/\/f1\/mercedes-explica-la-resistencia-sobre-andretti-en-la-f1-no-se-trata-solo-de-pagar-la-tarifa\/\" target=\"_blank\" rel=\"noreferrer noopener\">tanto por parte de la propia FIA como de otros equipos de la parrilla.<\/a> La estructura lleg\u00f3 a hacer una petici\u00f3n oficial para entrar en 2024, <a href=\"https:\/\/grandepremio.com\/es\/\/f1\/andretti-tiene-acuerdo-formal-con-motores-renault-para-f1-revela-mario\/\" target=\"_blank\" rel=\"noreferrer noopener\">firmando incluso un acuerdo verbal para tener motores <strong>Renault<\/strong>, pero sin una se\u00f1al positiva de la Federaci\u00f3n.<\/a><\/p>\n","protected":false},"excerpt":{"rendered":"<p>Andretti Autosports anunci\u00f3 este jueves una sociedad con la automotriz estadounidense General Motors, con el fin de constituir un equipo de F\u00f3rmula 1.<\/p>\n","protected":false},"author":0,"featured_media":1010106869,"comment_status":"closed","ping_status":"closed","sticky":false,"template":"","format":"standard","meta":{"42wp_featured_image_caption":"","42wp_featured_image_credits":"","42wp_featured_video":"","42wp_featured_image_hidden":false,"42wp_authors_list":[],"footnotes":""},"categories":[5],"tags":[597,323,1560,181,1495,179],"42wp_author":[14223],"class_list":["post-20539","post","type-post","status-publish","format-standard","has-post-thumbnail","hentry","category-f1","tag-andretti","tag-andretti-autosports","tag-cadillac","tag-f1","tag-f1-2022","tag-formula-1","42wp_author-esteban-nieto"],"_links":{"self":[{"href":"https:\/\/grandepremio.com\/es\/wp-json\/wp\/v2\/posts\/20539","targetHints":{"allow":["GET"]}}],"collection":[{"href":"https:\/\/grandepremio.com\/es\/wp-json\/wp\/v2\/posts"}],"about":[{"href":"https:\/\/grandepremio.com\/es\/wp-json\/wp\/v2\/types\/post"}],"replies":[{"embeddable":true,"href":"https:\/\/grandepremio.com\/es\/wp-json\/wp\/v2\/comments?post=20539"}],"version-history":[{"count":0,"href":"https:\/\/grandepremio.com\/es\/wp-json\/wp\/v2\/posts\/20539\/revisions"}],"wp:featuredmedia":[{"embeddable":true,"href":"https:\/\/grandepremio.com\/es\/wp-json\/wp\/v2\/media\/1010106869"}],"wp:attachment":[{"href":"https:\/\/grandepremio.com\/es\/wp-json\/wp\/v2\/media?parent=20539"}],"wp:term":[{"taxonomy":"category","embeddable":true,"href":"https:\/\/grandepremio.com\/es\/wp-json\/wp\/v2\/categories?post=20539"},{"taxonomy":"post_tag","embeddable":true,"href":"https:\/\/grandepremio.com\/es\/wp-json\/wp\/v2\/tags?post=20539"},{"taxonomy":"42wp_author","embeddable":true,"href":"https:\/\/grandepremio.com\/es\/wp-json\/wp\/v2\/42wp_author?post=20539"}],"curies":[{"name":"wp","href":"https:\/\/api.w.org\/{rel}","templated":true}]}}