{"id":20543,"date":"2023-01-04T15:35:34","date_gmt":"2023-01-04T18:35:34","guid":{"rendered":"https:\/\/grandepremio.com\/es\/2023\/01\/04\/sebastien-loeb-gana-cuarta-etapa-dakar-2023-autos\/"},"modified":"2023-01-04T16:03:21","modified_gmt":"2023-01-04T19:03:21","slug":"sebastien-loeb-gana-cuarta-etapa-dakar-2023-autos","status":"publish","type":"post","link":"https:\/\/grandepremio.com\/es\/rally\/sebastien-loeb-gana-cuarta-etapa-dakar-2023-autos\/","title":{"rendered":"Loeb gana la cuarta especial del Dakar en coches; Eryc Goczal vence entre los UTV"},"content":{"rendered":"\n<p class=\"wp-block-paragraph\"><strong>4\u00aa etapa:<\/strong>&nbsp;Ha\u2019il \u2013 Ha\u2019il<br><strong>Enlance:<\/strong>&nbsp;148 km<br><strong>Tramo cronometrado:<\/strong>&nbsp;425 km<br><strong>Distancia total:<\/strong>&nbsp;573 km<\/p>\n\n\n\n<p class=\"wp-block-paragraph\">El franc\u00e9s <strong>S\u00e9bastien Loeb<\/strong>, una vez campe\u00f3n del mundo de rallies, de <strong>Prodrive<\/strong>, gan\u00f3 la cuarta etapa de la edici\u00f3n 2023 del <strong>Dakar<\/strong>, este mi\u00e9rcoles, en <strong>Ha&#8217;il<\/strong>, <strong>Arabia Saudita<\/strong>. El piloto de <strong>Bahrain Raid Xtreme Team<\/strong> complet\u00f3 el tramo de 425 km en un tiempo de 4h11min34s. Subcampe\u00f3n en 2022, Loeb gan\u00f3 una especial por 17\u00aa vez en su carrera en el Dakar.<\/p>\n\n\n\n<p class=\"wp-block-paragraph\">El franc\u00e9s termin\u00f3 la especial s\u00f3lo 13 segundos por delante de su compatriota de <strong>Audi St\u00e9phane Peterhansel<\/strong>, que fue segundo este mi\u00e9rcoles. Tras perder mucho tiempo el martes, Carlos Sainz recuper\u00f3 terreno y cerr\u00f3 en tercera posici\u00f3n.<\/p>\n\n\n\n<p class=\"wp-block-paragraph\">L\u00edder de la clasificaci\u00f3n general, el qatar\u00ed <strong>Nasser Al-Attiyah<\/strong> complet\u00f3 la especial en cuarto lugar, por delante del saud\u00ed <strong>Yazeed Al-Rahji<\/strong>. El sudafricano <strong>Henk Lategan<\/strong> fue sexto, seguido del sueco <strong>Mattias Ekstr\u00f6m<\/strong>.<\/p>\n\n\n\n<p class=\"wp-block-paragraph\"><strong><strong><strong>\u00a1Conoce el canal de Grande Pr\u00eamio en Espa\u00f1ol en&nbsp;<a href=\"https:\/\/www.youtube.com\/channel\/UCDxWojGVUi9gWYhrY0pGbIQ\" target=\"_blank\" rel=\"noreferrer noopener\">YouTube<\/a>!<br>\u00a1Sigue a&nbsp;Grande Pr\u00eamio en Espa\u00f1ol&nbsp;en&nbsp;<a href=\"https:\/\/twitter.com\/grandepremioES\" target=\"_blank\" rel=\"noreferrer noopener\">Twitter&nbsp;<\/a>y en&nbsp;<a href=\"https:\/\/www.instagram.com\/grandepremioes\/\" target=\"_blank\" rel=\"noreferrer noopener\">Instagram<\/a>!<\/strong><\/strong><\/strong><\/p>\n\n\n\n<figure class=\"wp-block-image size-large\"><img decoding=\"async\" src=\"https:\/\/www.grandepremio.com\/br\/wp-content\/uploads\/2023\/01\/GPF1-1024x683.jpeg\" alt=\"\" class=\"wp-image-642493\"\/><figcaption>Nasser Al-Attiyah es el l\u00edder entre los autos (Foto: Toyota)<\/figcaption><\/figure>\n\n\n\n<p class=\"wp-block-paragraph\">El brasile\u00f1o <strong>Lucas Moraes<\/strong>, que conduce un Toyota para el equipo Overdrive, qued\u00f3 octavo en la etapa, con un tiempo de 4h25min22s. Termin\u00f3 por delante del sudafricano <strong>Giniel de Villiers<\/strong> y del franc\u00e9s <strong>Romain Dumas<\/strong>, que completaron el top10.<\/p>\n\n\n\n<p class=\"wp-block-paragraph\">En la clasificaci\u00f3n general, Al-Attiyah se mantiene por delante, con 18 minutos de ventaja sobre Al-Rahji. Peterhansel es tercero, mientras que Sainz es cuarto. Moraes aparece en sexta posici\u00f3n a pesar de la victoria en la especial, Loeb s\u00f3lo es 14\u00ba.<\/p>\n\n\n\n<p class=\"wp-block-paragraph\">El Dakar prosigue este jueves, con la quinta especial de la edici\u00f3n de 2023, de nuevo en Ha&#8217;il. Ser\u00e1 un recorrido de 373 km, m\u00e1s 270 km de enlace.<\/p>\n\n\n\n<p class=\"wp-block-paragraph\"><strong>VER TAMBI\u00c9N<br><a href=\"https:\/\/grandepremio.com\/es\/\/rally\/orlando-terranova-abandona-dakar-2023\/\">Terranova se lastima la espalda y decide abandonar el Dakar 2023 en la cuarta etapa<\/a><br><a href=\"https:\/\/grandepremio.com\/es\/\/rally\/ken-block-gymkhana-muere-accidente-estados-unidos\/\">Ken Block muere a los 55 a\u00f1os tras accidente con una moto de nieve en Estados Unidos<\/a><\/strong><\/p>\n\n\n\n<p class=\"wp-block-paragraph\"><strong>Dakar 2023, Autos, Clasificaci\u00f3n general tras la cuarta etapa:<\/strong><\/p>\n\n\n\n<figure class=\"wp-block-table\"><table><tbody><tr><td>1<\/td><td>N AL-ATTIYAH\/M BAUMEL<\/td><td>Toyota Gazoo Racing<\/td><td>16:34:13<\/td><td><\/td><\/tr><tr><td>2<\/td><td>Y AL RAHJI\/D VON ZITZEWITZ<\/td><td>Overdrive Toyota<\/td><td>16:52:31<\/td><td>00:18:18<\/td><\/tr><tr><td>3<\/td><td>S PETERHANSEL\/E BOULANGER<\/td><td>Audi<\/td><td>16:53:05<\/td><td>00:18:52<\/td><\/tr><tr><td>4<\/td><td>C SAINZ\/L CRUZ<\/td><td>Audi<\/td><td>17:07:08<\/td><td>00:32:55<\/td><\/tr><tr><td>5<\/td><td>H LATEGAN\/B CUMMINGS<\/td><td>Toyota Gazoo Racing<\/td><td>17:19:38<\/td><td>00:45:25<\/td><\/tr><tr><td>6<\/td><td>L MORAES\/T GOTTSCHALK<\/td><td>Overdrive Toota<\/td><td>17:19:40<\/td><td>00:45:27<\/td><\/tr><tr><td>7<\/td><td>G DE VILLIERS\/D MURPHY<\/td><td>Toyota Gazoo Racing<\/td><td>17:20:26<\/td><td>00:46:13<\/td><\/tr><tr><td>8<\/td><td>M EKTSR\u00d6M\/E BERGKVIST<\/td><td>Audi<\/td><td>17:24:13<\/td><td>00:50:00<\/td><\/tr><tr><td>9<\/td><td>M PROKOP\/V CHYTKA<\/td><td>Orlen Benzina<\/td><td>17:48:56<\/td><td>01:14:43<\/td><\/tr><tr><td>10<\/td><td>E VAN LOON\/S DELAUNAY<\/td><td>Overdrive Toyota<\/td><td>17:49:53<\/td><td>01:15:40<\/td><\/tr><\/tbody><\/table><\/figure>\n\n\n\n<h2 class=\"wp-block-heading\" id=\"h-eric-goczal-gana-en-los-utv-luppi-se-pone-lider\">Eric Goczal gana en los UTV; Luppi se pone l\u00edder<\/h2>\n\n\n\n<p class=\"wp-block-paragraph\">Entre los <strong>UTV<\/strong>, la victoria fue a parar a manos del polaco <strong>Erik Goczal<\/strong>. Cerr\u00f3 la etapa con un tiempo de 5h18min41s y aventaj\u00f3 en 4 minutos al espa\u00f1ol <strong>Gerard Farres<\/strong>, segundo. El t\u00edo de Erik, <strong>Michal Goczal<\/strong>, termin\u00f3 en tercer lugar, por delante del brasile\u00f1o <strong>Rodrigo Luppi de Oliveira<\/strong>, que form\u00f3 d\u00fao con su compatriota <strong>Maykel Justo<\/strong>. El top 5 lo cerr\u00f3 el saud\u00ed <strong>Yeasir Saidan<\/strong>.<\/p>\n\n\n\n<p class=\"wp-block-paragraph\">En la clasificaci\u00f3n general, Luppi de Oliveira se puso en cabeza, con un tiempo combinado de 20h05min55s. Tiene una ventaja de 14 minutos sobre Eric Goczal.<\/p>\n\n\n\n<p class=\"wp-block-paragraph\"><strong>Dakar 2023, UTV, Clasificaci\u00f3n general tras la cuarta etapa:<\/strong><\/p>\n\n\n\n<figure class=\"wp-block-table\"><table><tbody><tr><td>1<\/td><td>R LUPPI\/M JUSTO<\/td><td>South Racing Can-Am<\/td><td>20:05:55<\/td><td><\/td><\/tr><tr><td>2<\/td><td>E GOCZAL\/O MENA<\/td><td>Energylandia Rally<\/td><td>20:19:59<\/td><td>00:14:04<\/td><\/tr><tr><td>3<\/td><td>R BACIUSKA\/O VIDAL<\/td><td>Red Bull Can-Am<\/td><td>20:30:52<\/td><td>00:24:57<\/td><\/tr><tr><td>4<\/td><td>M GOCZAL\/M MARTON<\/td><td>Energylandia Rally<\/td><td>20:34:34<\/td><td>00:28:39<\/td><\/tr><tr><td>5<\/td><td>G FARRES\/D ORTEGA<\/td><td>Can-Am South Racing<\/td><td>20:36:07<\/td><td>00:30:12<\/td><\/tr><tr><td>6<\/td><td>M GOCZAL\/S GOSPODARCZYK<\/td><td>Energylandia Rally<\/td><td>20:42:54<\/td><td>00:36:59<\/td><\/tr><tr><td>7<\/td><td>J GONZALEZ FERIOLI\/P RINALDI<\/td><td>South Racing Can-Am<\/td><td>20:48:20<\/td><td>00:42:25<\/td><\/tr><tr><td>8<\/td><td>B CONTI\/P BIANCHI PRATA<\/td><td>South Racing Can-Am<\/td><td>21:29:18<\/td><td>01:23:23<\/td><\/tr><tr><td>9<\/td><td>J FIDEL MEDERO\/J VENTAJA CRUZ<\/td><td>Melilla Sport Capital<\/td><td>21:33:37<\/td><td>01:27:42<\/td><\/tr><tr><td>10<\/td><td>C BATISTA\/F MOTA<\/td><td>South Racing Can-Am<\/td><td>21:45:51<\/td><td>01:39:56<\/td><\/tr><\/tbody><\/table><\/figure>\n\n\n\n<figure class=\"wp-block-image size-full\"><img decoding=\"async\" src=\"https:\/\/www.grandepremio.com\/br\/wp-content\/uploads\/2023\/01\/e9b61.jpg\" alt=\"\" class=\"wp-image-642798\"\/><figcaption>Martin Mac\u00edk durante la cuarta etapa del Dakar 2023 (Foto: Dakar)<\/figcaption><\/figure>\n\n\n\n<p class=\"wp-block-paragraph\"><strong>Martin Mac\u00edk<\/strong>, de <strong>MM Technology<\/strong>, volvi\u00f3 a ganar entre los camiones el mi\u00e9rcoles. El checo, con un cami\u00f3n Iveco, complet\u00f3 el recorrido cronometrado de 425 kil\u00f3metros en 5h10min23s y se hizo con su tercera victoria en las cinco etapas disputadas hasta el momento en la competici\u00f3n. Termin\u00f3 la cuarta especial con casi nueve minutos de ventaja sobre el holand\u00e9s <strong>Mitchell van den Brink<\/strong>, de <strong>Team De Rooy<\/strong> y m\u00e1quina Iveco.<\/p>\n\n\n\n<p class=\"wp-block-paragraph\">El l\u00edder de la categor\u00eda, <strong>Ale\u0161 Loprais<\/strong>, de <strong>Instaforex Loprais<\/strong>, lo hizo bien una vez m\u00e1s, terminando en tercera posici\u00f3n con un tiempo de 5h19min45s. El checo <a href=\"https:\/\/grandepremio.com\/es\/\/rally\/nasser-al-attiyah-gana-segunda-etapa-dakar-2023-autos\/\">gan\u00f3 la segunda etapa con un\u00a0<strong>Praga<\/strong><\/a>. El holand\u00e9s <strong>Martin van den Brink<\/strong>, de De Rooy y cami\u00f3n Iveco, termin\u00f3 cuarto, y <strong>Martin Soltys<\/strong>, de <strong>Tatra Buggyra<\/strong> y m\u00e1quina de marca Tatra, complet\u00f3 el top 5 del d\u00eda.<\/p>\n","protected":false},"excerpt":{"rendered":"<p>S\u00e9bastien Loeb gan\u00f3 la cuarta especial del Dakar tras una batalla con su compatriota St\u00e9phane Peterhansel. Eric Goczal gana en UTV y el brasile\u00f1o Rodrigo Luppi es el nuevo l\u00edder de la general.<\/p>\n","protected":false},"author":0,"featured_media":1010106712,"comment_status":"closed","ping_status":"closed","sticky":false,"template":"","format":"standard","meta":{"42wp_featured_image_caption":"","42wp_featured_image_credits":"","42wp_featured_video":"","42wp_featured_image_hidden":false,"42wp_authors_list":[],"footnotes":""},"categories":[9],"tags":[302,4090,4866,1969,1956,4814,2017,1373],"42wp_author":[14234],"class_list":["post-20543","post","type-post","status-publish","format-standard","has-post-thumbnail","hentry","category-rally","tag-carlos-sainz","tag-dakar-2023","tag-eric-goczal","tag-nasser-al-attiyah","tag-rally-dakar","tag-rally-dakar-2023","tag-sebastien-loeb-3","tag-stephane-peterhansel","42wp_author-douglas-rocha"],"_links":{"self":[{"href":"https:\/\/grandepremio.com\/es\/wp-json\/wp\/v2\/posts\/20543","targetHints":{"allow":["GET"]}}],"collection":[{"href":"https:\/\/grandepremio.com\/es\/wp-json\/wp\/v2\/posts"}],"about":[{"href":"https:\/\/grandepremio.com\/es\/wp-json\/wp\/v2\/types\/post"}],"replies":[{"embeddable":true,"href":"https:\/\/grandepremio.com\/es\/wp-json\/wp\/v2\/comments?post=20543"}],"version-history":[{"count":0,"href":"https:\/\/grandepremio.com\/es\/wp-json\/wp\/v2\/posts\/20543\/revisions"}],"wp:featuredmedia":[{"embeddable":true,"href":"https:\/\/grandepremio.com\/es\/wp-json\/wp\/v2\/media\/1010106712"}],"wp:attachment":[{"href":"https:\/\/grandepremio.com\/es\/wp-json\/wp\/v2\/media?parent=20543"}],"wp:term":[{"taxonomy":"category","embeddable":true,"href":"https:\/\/grandepremio.com\/es\/wp-json\/wp\/v2\/categories?post=20543"},{"taxonomy":"post_tag","embeddable":true,"href":"https:\/\/grandepremio.com\/es\/wp-json\/wp\/v2\/tags?post=20543"},{"taxonomy":"42wp_author","embeddable":true,"href":"https:\/\/grandepremio.com\/es\/wp-json\/wp\/v2\/42wp_author?post=20543"}],"curies":[{"name":"wp","href":"https:\/\/api.w.org\/{rel}","templated":true}]}}