{"id":20546,"date":"2023-01-04T13:31:24","date_gmt":"2023-01-04T16:31:24","guid":{"rendered":"https:\/\/grandepremio.com\/es\/2023\/01\/04\/alpine-fija-fecha-lanzamiento-a523-formula-1-2023\/"},"modified":"2023-01-04T13:31:26","modified_gmt":"2023-01-04T16:31:26","slug":"alpine-fija-fecha-lanzamiento-a523-formula-1-2023","status":"publish","type":"post","link":"https:\/\/grandepremio.com\/es\/f1\/alpine-fija-fecha-lanzamiento-a523-formula-1-2023\/","title":{"rendered":"Alpine fija la fecha de lanzamiento y marca la presentaci\u00f3n del A523, coche para la F1 2023"},"content":{"rendered":"\n<figure class=\"wp-block-video\"><video class=\"video-js vjs-big-play-centered\" data-gp-vjs=\"1\" controls src=\"https:\/\/www.grandepremio.com\/br\/wp-content\/uploads\/2023\/01\/b5yEHE27nT__rY1C.mp4\"><\/video><figcaption>Se viene el A523 (Video: Alpine)<\/figcaption><\/figure>\n\n\n\n<p class=\"wp-block-paragraph\">Tras un cr\u00edptico juego en Twitter lleno de encuestas, <strong>Alpine<\/strong> hizo oficial este mi\u00e9rcoles la fecha y el lugar de la presentaci\u00f3n del <strong>A523<\/strong>, el monoplaza de la escuder\u00eda francesa para la temporada 2023 de F\u00f3rmula 1. La presentaci\u00f3n del nuevo coche del equipo de <strong>Esteban Ocon<\/strong> y <strong>Pierre Gasly<\/strong> ser\u00e1 el 16 de febrero, jueves, en Londres.<\/p>\n\n\n\n<p class=\"wp-block-paragraph\"><strong><strong><strong>\u00a1Conoce el canal de Grande Pr\u00eamio en Espa\u00f1ol en\u00a0<a href=\"https:\/\/www.youtube.com\/channel\/UCDxWojGVUi9gWYhrY0pGbIQ\" target=\"_blank\" rel=\"noreferrer noopener\">YouTube<\/a>!<br>\u00a1Sigue a\u00a0Grande Pr\u00eamio en Espa\u00f1ol\u00a0en\u00a0<a href=\"https:\/\/twitter.com\/grandepremioES\" target=\"_blank\" rel=\"noreferrer noopener\">Twitter\u00a0<\/a>y en\u00a0<a href=\"https:\/\/www.instagram.com\/grandepremioes\/\" target=\"_blank\" rel=\"noreferrer noopener\">Instagram<\/a>!<\/strong><\/strong><\/strong><\/p>\n\n\n\n<p class=\"wp-block-paragraph\">Alpine se ha unido a <a href=\"https:\/\/grandepremio.com\/es\/\/f1\/alphatauri-presentacion-at04-nueva-york-1\/\"><strong>AlphaTauri<\/strong><\/a> (11\/02), <a href=\"https:\/\/grandepremio.com\/es\/\/f1\/aston-martin-fecha-lanzamiento-amr23-f1-2023\/\"><strong>Aston Martin<\/strong><\/a> (13\/02) y <a href=\"https:\/\/grandepremio.com\/es\/\/f1\/ferrari-fecha-lanzamiento-formula-1-2023\/\"><strong>Ferrari<\/strong><\/a> (14\/02) en la lista de equipos de F1 con fechas de lanzamiento confirmadas.<\/p>\n\n\n\n<p class=\"wp-block-paragraph\">La primera oportunidad de ver en pista los nuevos monoplazas de F\u00f3rmula 1 ser\u00e1 durante la pretemporada en <strong>Bahrein<\/strong>, entre el 23 y el 25 de febrero, antes del inicio oficial de la temporada, previsto para el 5 de marzo, siempre en <strong>Sakhir<\/strong>. Prometen ser unas semanas llenas de acontecimientos en el mundo de la categor\u00eda reina del automovilismo mundial.<\/p>\n\n\n\n<figure class=\"wp-block-image size-large\"><img decoding=\"async\" src=\"https:\/\/www.grandepremio.com\/br\/wp-content\/uploads\/2023\/01\/VideoScreenshot-BWTAlpineF1TeamAlpineF1TeamTwitter-004-1024x576.jpg\" alt=\"\" class=\"wp-image-642777\"\/><figcaption>El v\u00eddeo promocional de Alpine adopt\u00f3 cierto tono futurista (Foto: Reproducci\u00f3n\/Alpine)<\/figcaption><\/figure>\n\n\n\n<p class=\"wp-block-paragraph\">Para 2023, el equipo del jefe <strong>Otmar Szafnauer<\/strong> contar\u00e1 con Ocon y Gasly en la alineaci\u00f3n, tras la marcha de <strong>Fernando Alonso<\/strong> a Aston Martin y la negativa de <strong>Oscar Piastri<\/strong>, que ha firmado con <strong>McLaren<\/strong>.<\/p>\n\n\n\n<p class=\"wp-block-paragraph\">Gasly llega procedente de AlphaTauri, mientras que Ocon iniciar\u00e1 su cuarta temporada con el equipo de Enstone. En F1 2022, Alpine super\u00f3 a McLaren en el cuarto puesto del <strong>Mundial de Constructores<\/strong>: 173 a 159.<\/p>\n\n\n\n<figure class=\"wp-block-image size-large\"><img decoding=\"async\" src=\"https:\/\/www.grandepremio.com\/br\/wp-content\/uploads\/2022\/10\/Pierre-Gasly-completes-2023-BWT-Alpine-F1-Team-driver-line-up-3-1024x683.jpg\" alt=\"\" class=\"wp-image-621384\"\/><figcaption>Alineaci\u00f3n de Alpine para 2023 (Foto: Alpine)<\/figcaption><\/figure>\n\n\n\n<p class=\"wp-block-paragraph\">Ha sido la mejor temporada de la escuder\u00eda francesa desde 2018: Ocon acab\u00f3 octavo y Alonso noveno en la tabla del Mundial de Pilotos.<\/p>\n\n\n\n<p class=\"wp-block-paragraph\">Sin embargo, no todo fueron flores. A diferencia de McLaren, Alpine no logr\u00f3 subir al podio en 2022, mientras lidiaba con numerosos problemas de fiabilidad en el A522, especialmente en el del <strong>El nuevo coche de Alpine se presentar\u00e1 en Londres el 16 de febrero (Foto: Alpine)<\/strong>.<\/p>\n","protected":false},"excerpt":{"rendered":"<p>Puedes a\u00f1adir otro equipo a la lista: adem\u00e1s de AlphaTauri, Aston Martin y Ferrari, Alpine ha revelado cu\u00e1ndo y d\u00f3nde se presentar\u00e1 al mundo el A523.<\/p>\n","protected":false},"author":0,"featured_media":1010106701,"comment_status":"closed","ping_status":"closed","sticky":false,"template":"","format":"standard","meta":{"42wp_featured_image_caption":"","42wp_featured_image_credits":"","42wp_featured_video":"","42wp_featured_image_hidden":false,"42wp_authors_list":[],"footnotes":""},"categories":[5],"tags":[4863,678,362,181,1676,179,1488,2237,427],"42wp_author":[14234],"class_list":["post-20546","post","type-post","status-publish","format-standard","has-post-thumbnail","hentry","category-f1","tag-a523","tag-alpine","tag-esteban-ocon","tag-f1","tag-f1-2023","tag-formula-1","tag-grande-premio","tag-grandepremio","tag-pierre-gasly","42wp_author-douglas-rocha"],"_links":{"self":[{"href":"https:\/\/grandepremio.com\/es\/wp-json\/wp\/v2\/posts\/20546","targetHints":{"allow":["GET"]}}],"collection":[{"href":"https:\/\/grandepremio.com\/es\/wp-json\/wp\/v2\/posts"}],"about":[{"href":"https:\/\/grandepremio.com\/es\/wp-json\/wp\/v2\/types\/post"}],"replies":[{"embeddable":true,"href":"https:\/\/grandepremio.com\/es\/wp-json\/wp\/v2\/comments?post=20546"}],"version-history":[{"count":0,"href":"https:\/\/grandepremio.com\/es\/wp-json\/wp\/v2\/posts\/20546\/revisions"}],"wp:featuredmedia":[{"embeddable":true,"href":"https:\/\/grandepremio.com\/es\/wp-json\/wp\/v2\/media\/1010106701"}],"wp:attachment":[{"href":"https:\/\/grandepremio.com\/es\/wp-json\/wp\/v2\/media?parent=20546"}],"wp:term":[{"taxonomy":"category","embeddable":true,"href":"https:\/\/grandepremio.com\/es\/wp-json\/wp\/v2\/categories?post=20546"},{"taxonomy":"post_tag","embeddable":true,"href":"https:\/\/grandepremio.com\/es\/wp-json\/wp\/v2\/tags?post=20546"},{"taxonomy":"42wp_author","embeddable":true,"href":"https:\/\/grandepremio.com\/es\/wp-json\/wp\/v2\/42wp_author?post=20546"}],"curies":[{"name":"wp","href":"https:\/\/api.w.org\/{rel}","templated":true}]}}