{"id":20552,"date":"2023-01-03T17:08:19","date_gmt":"2023-01-03T20:08:19","guid":{"rendered":"https:\/\/grandepremio.com\/es\/2023\/01\/03\/daniel-sanders-especial-lluvia-motos-dakar-2023\/"},"modified":"2023-01-04T09:06:27","modified_gmt":"2023-01-04T12:06:27","slug":"daniel-sanders-especial-lluvia-motos-dakar-2023","status":"publish","type":"post","link":"https:\/\/grandepremio.com\/es\/rally\/daniel-sanders-especial-lluvia-motos-dakar-2023\/","title":{"rendered":"Sanders gana especial interrumpido por la lluvia y se pone l\u00edder en motos en el Dakar"},"content":{"rendered":"\n<p class=\"wp-block-paragraph\"><strong>3\u00aa etapa:<\/strong> Alula \u2013 Ha&#8217;il<br><strong>Enlace:<\/strong> 222 km<br><strong>Tramo cronometrado:<\/strong> 447 km<br><strong>Distancia total:<\/strong> 669 km<\/p>\n\n\n\n<p class=\"wp-block-paragraph\">La tercera especial del <strong>Dakar 2023<\/strong> se cerr\u00f3 antes de lo previsto este martes para la competici\u00f3n de coches debido a las condiciones meteorol\u00f3gicas, pero las motocicletas, que empezaron antes, llegaron en su mayor\u00eda de forma natural entre <strong>Alula<\/strong> y <strong>Ha&#8217;il<\/strong>, en <strong>Arabia Saudita<\/strong>, y <strong>Daniel Sanders<\/strong> complet\u00f3 la especial en 4h24m15s, situandose en cabeza.<\/p>\n\n\n\n<p class=\"wp-block-paragraph\">En realidad, Sanders podr\u00eda haber ganado <a href=\"https:\/\/grandepremio.com\/es\/\/rally\/mason-klein-segunda-etapa-motos-dakar-2023\/\">la etapa de ayer<\/a>, pero no quiso. Literalmente, no quiso: fren\u00f3 su moto cerca del final y se permiti\u00f3 conseguir un tiempo peor que el de <strong>Mason Klein<\/strong>, porque no quer\u00eda salir delante y abrir pista el martes. Esta vez, s\u00ed confirm\u00f3 la victoria de <strong>GasGas<\/strong>.<\/p>\n\n\n\n<p class=\"wp-block-paragraph\">El segundo puesto fue para <strong>Skyler Howes<\/strong>, que termin\u00f3 el recorrido a 6m19s del australiano Sanders. Klein qued\u00f3 en tercer lugar.<\/p>\n\n\n\n<p class=\"wp-block-paragraph\"><strong><strong><strong>\u00a1Conoce el canal de Grande Pr\u00eamio en Espa\u00f1ol en&nbsp;<a href=\"https:\/\/www.youtube.com\/channel\/UCDxWojGVUi9gWYhrY0pGbIQ\" target=\"_blank\" rel=\"noreferrer noopener\">YouTube<\/a>!<br>\u00a1Sigue a&nbsp;Grande Pr\u00eamio en Espa\u00f1ol&nbsp;en&nbsp;<a href=\"https:\/\/twitter.com\/grandepremioES\" target=\"_blank\" rel=\"noreferrer noopener\">Twitter&nbsp;<\/a>y en&nbsp;<a href=\"https:\/\/www.instagram.com\/grandepremioes\/\" target=\"_blank\" rel=\"noreferrer noopener\">Instagram<\/a>!<\/strong><\/strong><\/strong><\/p>\n\n\n\n<figure class=\"wp-block-image size-large\"><img decoding=\"async\" src=\"https:\/\/www.grandepremio.com\/br\/wp-content\/uploads\/2023\/01\/SI202301030011_hires_jpeg_24bit_rgb-1024x683.jpg\" alt=\"\" class=\"wp-image-642603\"\/><figcaption>Daniel Sanders lleg\u00f3 a Ha&#8217;il liderando el Dakar (Foto: Red Bull Content Pool)<\/figcaption><\/figure>\n\n\n\n<p class=\"wp-block-paragraph\">El top-10 del especial tambi\u00e9n incluyo a <strong>Kevin Benavides<\/strong>, <strong>Joan Barreda Bort<\/strong>, <strong>Toby Price<\/strong>, <strong>Pablo Quintanilla<\/strong>, <strong>Adrien van Beveren<\/strong>, <strong>Joaquim Rodrigues<\/strong> y <strong>Jos\u00e9 Ign\u00e1cio Cornejo<\/strong>, este \u00faltimo a 16m08s de Sanders.<\/p>\n\n\n\n<p class=\"wp-block-paragraph\">La mala noticia del d\u00eda es el abandono de <strong>Ricky Brabec<\/strong>. El ganador del <strong>Dakar 2020<\/strong> sufri\u00f3 una ca\u00edda en el kil\u00f3metro 274 del especial y debi\u00f3 finalizar su participaci\u00f3n..<\/p>\n\n\n\n<p class=\"wp-block-paragraph\">Con el resultado del d\u00eda, Sanders se pone en cabeza de la clasificaci\u00f3n general: tiene 14h05m38s de tiempo total frente a los 14h09m42s de Klein. El argentino Benavides, a 6m53, es tercero.<\/p>\n\n\n\n<figure class=\"wp-block-image size-full\"><img decoding=\"async\" src=\"https:\/\/www.grandepremio.com\/br\/wp-content\/uploads\/2023\/01\/GPF1-1.jpeg\" alt=\"\" class=\"wp-image-642644\"\/><figcaption>Alexandre Giroud termin\u00f3 el d\u00eda al frente en los quads (Foto: Dakar)<\/figcaption><\/figure>\n\n\n\n<p class=\"wp-block-paragraph\"><strong>Giroud lidera en la fase interrumpida y con su desenlace incierto<\/strong><\/p>\n\n\n\n<p class=\"wp-block-paragraph\">La etapa de quads se detuvo a mitad de camino. Entre los seis que lograron alcanzar el \u00faltimo punto de control, <strong>Alexandre Giroud<\/strong> lleg\u00f3 en 4h44m31s: 14min13s por delante del segundo clasificado, <strong>Francisco Moreno Flores<\/strong>. <strong>Juraj Varga<\/strong>, <strong>Giovanni Enrico<\/strong>, <strong>Laisvydas Kancius<\/strong> y <strong>Pablo Copetti<\/strong> tambi\u00e9n consiguieron llegar.<\/p>\n\n\n\n<p class=\"wp-block-paragraph\">De momento no hay clasificaci\u00f3n general, porque la organizaci\u00f3n calcular\u00e1 el punto en el que se encontraban cuando se detuvo la carrera en referencia a la largada del d\u00eda.<\/p>\n\n\n\n<p class=\"wp-block-paragraph\">En los pr\u00f3ximos dos d\u00edas, el Dakar contin\u00faa en la ciudad de Ha&#8217;il, con etapas internas. El mi\u00e9rcoles, si las condiciones meteorol\u00f3gicas lo permiten, la cuarta especial tendr\u00e1 425 km y una distancia total de 574 km.<\/p>\n\n\n\n<p class=\"wp-block-paragraph\"><strong>Dakar 2023 &#8211; General Motos &#8211; Etapa 3 <\/strong><\/p>\n\n\n\n<figure class=\"wp-block-table\"><table><tbody><tr><td>1<\/td><td>D SANDERS<\/td><td>GasGas<\/td><td>14:05:38<\/td><td>&nbsp;<\/td><\/tr><tr><td>2<\/td><td>M KLEIN<\/td><td>Bas<\/td><td>14:09:42<\/td><td>0:04:04<\/td><\/tr><tr><td>3<\/td><td>K BENAVIDES<\/td><td>KTM<\/td><td>14:12:31<\/td><td>0:06:53<\/td><\/tr><tr><td>4<\/td><td>S HOWES<\/td><td>Husqvarna<\/td><td>14:14:13<\/td><td>0:08:35<\/td><\/tr><tr><td>5<\/td><td>J BARREDA BORT<\/td><td>JB<\/td><td>14:16:15<\/td><td>0:10:37<\/td><\/tr><tr><td>6<\/td><td>T PRICE<\/td><td>KTM<\/td><td>14:16:38<\/td><td>0:11:00<\/td><\/tr><tr><td>7<\/td><td>P QUINTANILLA<\/td><td>Honda<\/td><td>14:22:34<\/td><td>0:16:56<\/td><\/tr><tr><td>8<\/td><td>A VAN BEVEREN<\/td><td>Honda<\/td><td>14:27:08<\/td><td>0:21:30<\/td><\/tr><tr><td>9<\/td><td>M WALKNER<\/td><td>KTM<\/td><td>14:27:40<\/td><td>0:22:02<\/td><\/tr><tr><td>10<\/td><td>R BRANCH<\/td><td>Hero<\/td><td>14:29:20<\/td><td>0:23:42<\/td><\/tr><\/tbody><\/table><\/figure>\n","protected":false},"excerpt":{"rendered":"<p>En una jornada problem\u00e1tica del Dakar 2023, Daniel Sanders se impuso en motos, la \u00fanica categor\u00eda que lleg\u00f3 hasta el final de la especial, marcada por la lluvia. En los quads, s\u00f3lo seis llegaron al control cuando todo se detuvo.<\/p>\n","protected":false},"author":0,"featured_media":1010106494,"comment_status":"closed","ping_status":"closed","sticky":false,"template":"","format":"standard","meta":{"42wp_featured_image_caption":"","42wp_featured_image_credits":"","42wp_featured_video":"","42wp_featured_image_hidden":false,"42wp_authors_list":[],"footnotes":""},"categories":[9],"tags":[4813,1297,2008,2236,2237,4843,4806,1956,4814,4844],"42wp_author":[14234],"class_list":["post-20552","post","type-post","status-publish","format-standard","has-post-thumbnail","hentry","category-rally","tag-alula","tag-arabia-saudita","tag-daniel-sanders","tag-grande-premio-2","tag-grandepremio","tag-hail","tag-mason-klein","tag-rally-dakar","tag-rally-dakar-2023","tag-skyler-howes","42wp_author-douglas-rocha"],"_links":{"self":[{"href":"https:\/\/grandepremio.com\/es\/wp-json\/wp\/v2\/posts\/20552","targetHints":{"allow":["GET"]}}],"collection":[{"href":"https:\/\/grandepremio.com\/es\/wp-json\/wp\/v2\/posts"}],"about":[{"href":"https:\/\/grandepremio.com\/es\/wp-json\/wp\/v2\/types\/post"}],"replies":[{"embeddable":true,"href":"https:\/\/grandepremio.com\/es\/wp-json\/wp\/v2\/comments?post=20552"}],"version-history":[{"count":0,"href":"https:\/\/grandepremio.com\/es\/wp-json\/wp\/v2\/posts\/20552\/revisions"}],"wp:featuredmedia":[{"embeddable":true,"href":"https:\/\/grandepremio.com\/es\/wp-json\/wp\/v2\/media\/1010106494"}],"wp:attachment":[{"href":"https:\/\/grandepremio.com\/es\/wp-json\/wp\/v2\/media?parent=20552"}],"wp:term":[{"taxonomy":"category","embeddable":true,"href":"https:\/\/grandepremio.com\/es\/wp-json\/wp\/v2\/categories?post=20552"},{"taxonomy":"post_tag","embeddable":true,"href":"https:\/\/grandepremio.com\/es\/wp-json\/wp\/v2\/tags?post=20552"},{"taxonomy":"42wp_author","embeddable":true,"href":"https:\/\/grandepremio.com\/es\/wp-json\/wp\/v2\/42wp_author?post=20552"}],"curies":[{"name":"wp","href":"https:\/\/api.w.org\/{rel}","templated":true}]}}