{"id":20562,"date":"2023-01-02T14:10:00","date_gmt":"2023-01-02T17:10:00","guid":{"rendered":"https:\/\/grandepremio.com\/es\/2023\/01\/02\/inimaginable-realidad-marc-marquez-irse-honda\/"},"modified":"2023-01-02T15:04:50","modified_gmt":"2023-01-02T18:04:50","slug":"inimaginable-realidad-marc-marquez-irse-honda","status":"publish","type":"post","link":"https:\/\/grandepremio.com\/es\/motogp\/inimaginable-realidad-marc-marquez-irse-honda\/","title":{"rendered":"&#8220;\u00bfLo inimaginable podr\u00eda volverse realidad?&#8221; Marc M\u00e1rquez abre la puerta a irse de Honda"},"content":{"rendered":"\n<p class=\"wp-block-paragraph\"><strong>Marc M\u00e1rquez<\/strong> y el <strong>Repsol Honda<\/strong> son una de las uniones m\u00e1s fuertes que siguen vigentes en todo el deporte. Despu\u00e9s de a\u00f1os alcanzando la gloria con seis campeonatos del mundo de <a href=\"https:\/\/grandepremio.com\/es\/\/categoria\/motogp\/\" target=\"_blank\" rel=\"noreferrer noopener\">MotoGP<\/a>, tanto el equipo como el piloto no pasan por sus mejores d\u00edas. Con un <strong>Marc M\u00e1rquez <\/strong>arrastrando problemas f\u00edsicos desde su lesi\u00f3n en 2020, el catal\u00e1n no ha podido volver a alcanzar grandes \u00e9xitos en los \u00faltimos a\u00f1os. <\/p>\n\n\n\n<p class=\"wp-block-paragraph\">Adem\u00e1s, la competitividad de la moto tambi\u00e9n ha ido a menos hasta tocar fondo en la temporada 2022, donde no lograron m\u00e1s que dos podios y una pole. Ahora, con los ojos puestos ya en el pr\u00f3ximo a\u00f1o, la moto que llevaron al test de <strong>Valencia<\/strong> no convenci\u00f3 a <strong>M\u00e1rquez<\/strong>, que sigue teniendo como objetivo volver a alzarse con el t\u00edtulo. Pese a recalcar que quiere continuar luchando al lado de <strong>Honda<\/strong>, el de Cervera dej\u00f3 abierta la puerta por primera vez a irse del equipo si no le ofrecen las herramientas para lograr el que dice ser su mayor sue\u00f1o: volver a ser campe\u00f3n. <\/p>\n\n\n\n<p class=\"wp-block-paragraph\"><strong>\u00a1Conoce el canal de Grande Pr\u00eamio en Espa\u00f1ol en&nbsp;<a href=\"https:\/\/www.youtube.com\/channel\/UCDxWojGVUi9gWYhrY0pGbIQ\" target=\"_blank\" rel=\"noreferrer noopener\">YouTube<\/a>!<br>\u00a1Sigue a&nbsp;Grande Pr\u00eamio en Espa\u00f1ol&nbsp;en&nbsp;<a href=\"https:\/\/twitter.com\/grandepremioES\" target=\"_blank\" rel=\"noreferrer noopener\">Twitter&nbsp;<\/a>y en&nbsp;<a href=\"https:\/\/www.instagram.com\/grandepremioes\/\" target=\"_blank\" rel=\"noreferrer noopener\">Instagram<\/a>!<\/strong><\/p>\n\n\n\n<p class=\"wp-block-paragraph\"><strong>Eric Calduch<\/strong> repasa en el siguiente video las \u00faltimas declaraciones de <strong>Marc M\u00e1rquez<\/strong> y la posibilidad de abandonar <strong>Honda<\/strong> en un futuro. \u00bfSe trata de una afirmaci\u00f3n real o de un toque de atenci\u00f3n?<\/p>\n\n\n\n<figure class=\"wp-block-embed is-type-video is-provider-youtube wp-block-embed-youtube wp-embed-aspect-16-9 wp-has-aspect-ratio\"><div class=\"wp-block-embed__wrapper\">\n<iframe loading=\"lazy\" title=\"\u00ab\u00bfLo inimaginable podr\u00eda volverse realidad?\u00bb Marc M\u00e1rquez abre la puerta a irse de Honda\" width=\"500\" height=\"281\" src=\"https:\/\/www.youtube.com\/embed\/0q7OWn2I4dk?feature=oembed\" frameborder=\"0\" allow=\"accelerometer; autoplay; clipboard-write; encrypted-media; gyroscope; picture-in-picture; web-share\" referrerpolicy=\"strict-origin-when-cross-origin\" allowfullscreen><\/iframe>\n<\/div><\/figure>\n","protected":false},"excerpt":{"rendered":"<p>Eric Calduch repasa en el siguiente video las \u00faltimas declaraciones de Marc M\u00e1rquez y la posibilidad de abandonar Honda en un futuro. \u00bfSe trata de una afirmaci\u00f3n real o de un toque de atenci\u00f3n? <\/p>\n","protected":false},"author":0,"featured_media":1010106339,"comment_status":"closed","ping_status":"closed","sticky":false,"template":"","format":"standard","meta":{"42wp_featured_image_caption":"","42wp_featured_image_credits":"","42wp_featured_video":"","42wp_featured_image_hidden":false,"42wp_authors_list":[],"footnotes":""},"categories":[8],"tags":[2256,4760,221,1616,1308,855,1293,1341,2657,1764,1357,4761,170,2551],"42wp_author":[14233],"class_list":["post-20562","post","type-post","status-publish","format-standard","has-post-thumbnail","hentry","category-motogp","tag-eric-calduch","tag-futuro-marc-marquez","tag-honda","tag-lesion","tag-marc-marquez","tag-motociclismo","tag-motogp","tag-motogp-2022","tag-motogp-2023","tag-mundial-de-motociclismo","tag-repsol-honda","tag-temporada-2023-de-motogp","tag-video","tag-video-gp","42wp_author-eric-calduch"],"_links":{"self":[{"href":"https:\/\/grandepremio.com\/es\/wp-json\/wp\/v2\/posts\/20562","targetHints":{"allow":["GET"]}}],"collection":[{"href":"https:\/\/grandepremio.com\/es\/wp-json\/wp\/v2\/posts"}],"about":[{"href":"https:\/\/grandepremio.com\/es\/wp-json\/wp\/v2\/types\/post"}],"replies":[{"embeddable":true,"href":"https:\/\/grandepremio.com\/es\/wp-json\/wp\/v2\/comments?post=20562"}],"version-history":[{"count":0,"href":"https:\/\/grandepremio.com\/es\/wp-json\/wp\/v2\/posts\/20562\/revisions"}],"wp:featuredmedia":[{"embeddable":true,"href":"https:\/\/grandepremio.com\/es\/wp-json\/wp\/v2\/media\/1010106339"}],"wp:attachment":[{"href":"https:\/\/grandepremio.com\/es\/wp-json\/wp\/v2\/media?parent=20562"}],"wp:term":[{"taxonomy":"category","embeddable":true,"href":"https:\/\/grandepremio.com\/es\/wp-json\/wp\/v2\/categories?post=20562"},{"taxonomy":"post_tag","embeddable":true,"href":"https:\/\/grandepremio.com\/es\/wp-json\/wp\/v2\/tags?post=20562"},{"taxonomy":"42wp_author","embeddable":true,"href":"https:\/\/grandepremio.com\/es\/wp-json\/wp\/v2\/42wp_author?post=20562"}],"curies":[{"name":"wp","href":"https:\/\/api.w.org\/{rel}","templated":true}]}}