{"id":20629,"date":"2022-12-23T11:32:52","date_gmt":"2022-12-23T14:32:52","guid":{"rendered":"https:\/\/grandepremio.com\/es\/2022\/12\/23\/romain-grosjean-cuidado-techo-gastos-mejor-idea-formula-1\/"},"modified":"2022-12-23T11:36:38","modified_gmt":"2022-12-23T14:36:38","slug":"romain-grosjean-cuidado-techo-gastos-mejor-idea-formula-1","status":"publish","type":"post","link":"https:\/\/grandepremio.com\/es\/f1\/romain-grosjean-cuidado-techo-gastos-mejor-idea-formula-1\/","title":{"rendered":"Grosjean pide cuidado y pone techo de gastos como &#8220;segunda mejor idea de la F1&#8221;"},"content":{"rendered":"\n<p class=\"wp-block-paragraph\">Es cierto que <strong>Romain Grosjean<\/strong> dej\u00f3 la <a href=\"https:\/\/grandepremio.com\/es\/\/categoria\/f1\/\" target=\"_blank\" rel=\"noreferrer noopener\">F\u00f3rmula 1<\/a> hace dos a\u00f1os, pero el hecho de que haya sido presidente de la Asociaci\u00f3n de Pilotos durante algunas temporadas hace que su opini\u00f3n siga siendo relevante en cuestiones relacionadas con el Campeonato del Mundo. Y el franc\u00e9s sigue apegado a cosas como, por ejemplo, el techo presupuestario: seg\u00fan \u00e9l, la segunda mejor idea de la historia de la <strong>F1<\/strong>, solo por detr\u00e1s del halo.<\/p>\n\n\n\n<p class=\"wp-block-paragraph\"><strong>Grosjean<\/strong>, quien inicialmente se opuso al halo y cambi\u00f3 de opini\u00f3n despu\u00e9s de que el dispositivo salv\u00f3 la vida de los pilotos a lo largo de los a\u00f1os, incluida la suya al final del campeonato de 2020, ahora comprende que la protecci\u00f3n es lo m\u00e1s brillante que ha hecho la <strong>F1<\/strong>. Pero el l\u00edmite de gastos se acerca al n\u00famero dos y debe cuidarse.<\/p>\n\n\n\n<p class=\"wp-block-paragraph\">\u201cEl l\u00edmite presupuestario es la segunda mejor idea en la historia de la <strong>F\u00f3rmula 1<\/strong>, solo detr\u00e1s del halo. Dicho esto, se necesitan medidas m\u00e1s duras si se supera el techo&#8221;, dijo en una entrevista con el diario italiano <em>La Gazzetta dello Sport.<\/em><\/p>\n\n\n\n<p class=\"wp-block-paragraph\"><strong><strong>\u00a1Conoce el canal de Grande Pr\u00eamio en Espa\u00f1ol en\u00a0<a href=\"https:\/\/www.youtube.com\/channel\/UCDxWojGVUi9gWYhrY0pGbIQ\" target=\"_blank\" rel=\"noreferrer noopener\">YouTube<\/a>!<br>\u00a1Sigue a\u00a0Grande Pr\u00eamio en Espa\u00f1ol\u00a0en\u00a0<a href=\"https:\/\/twitter.com\/grandepremioES\" target=\"_blank\" rel=\"noreferrer noopener\">Twitter\u00a0<\/a>y en\u00a0<a href=\"https:\/\/www.instagram.com\/grandepremioes\/\" target=\"_blank\" rel=\"noreferrer noopener\">Instagram<\/a>!<\/strong><\/strong><\/p>\n\n\n\n<figure class=\"wp-block-image size-large\"><img decoding=\"async\" src=\"https:\/\/grandepremio.com\/es\/\/wp-content\/uploads\/2022\/11\/Romain-Grosjean-Firestone-Grand-Prix-of-Monterey-By_-Chris-Owens_Large-Image-Without-Watermark_m70287-1024x683.jpg\" alt=\"\" class=\"wp-image-99749\"\/><figcaption>Romain Grosjean complet\u00f3 la temporada de 2022 de la IndyCar (Foto: IndyCar)<\/figcaption><\/figure>\n\n\n\n<p class=\"wp-block-paragraph\">El techo de gastos entr\u00f3 en vigor en 2021 y fue fijado en US$ 145 millones. Este a\u00f1o, despu\u00e9s de toda la evaluaci\u00f3n financiera realizada por la FIA sobre los balances de los equipos en 2021, la conclusi\u00f3n fue que <strong>Red Bull<\/strong> viol\u00f3 el techo en alrededor del 0,5%. El castigo fue una multa de US$ 7 millones y una reducci\u00f3n del 10% en el tiempo de pruebas en el t\u00fanel de viento en 2023. <strong>Grosjean<\/strong> cree que eso no fue suficiente.<\/p>\n\n\n\n<p class=\"wp-block-paragraph\">&#8220;Incluso si las cifras finales atribuidas a <strong>Red Bull<\/strong> son m\u00e1s bajas de lo imaginado inicialmente, unos pocos millones pueden marcar la diferencia&#8221;, continu\u00f3.<\/p>\n\n\n\n<p class=\"wp-block-paragraph\">\u201cSi el castigo es leve por unos pocos millones, ma\u00f1ana otro equipo puede superarlo y romper el techo por US$ 6 o 10 millones\u201d, concluy\u00f3.<\/p>\n\n\n\n<p class=\"wp-block-paragraph\">En la misma entrevista, el franc\u00e9s tambi\u00e9n dijo que la <strong>F1<\/strong> subestima la <strong>IndyCar<\/strong> y le pidi\u00f3 a <strong>Scott McLaughlin,<\/strong> piloto revelaci\u00f3n en la categor\u00eda de monoplazas en Estados Unidos tras a\u00f1os de logros en Supercars australianos, que hiciera una prueba.<\/p>\n","protected":false},"excerpt":{"rendered":"<p>Romain Grosjean fue un gran partidario del l\u00edmite presupuestario, pero vio insuficiente el castigo a Red Bull por incumplirlo en 2021.<\/p>\n","protected":false},"author":0,"featured_media":1010103719,"comment_status":"closed","ping_status":"closed","sticky":false,"template":"","format":"standard","meta":{"42wp_featured_image_caption":"","42wp_featured_image_credits":"","42wp_featured_video":"","42wp_featured_image_hidden":false,"42wp_authors_list":[],"footnotes":""},"categories":[5],"tags":[181,1495,1676,179,2236,3438,2237,925,310,206,207,547,1524,2092],"42wp_author":[14233],"class_list":["post-20629","post","type-post","status-publish","format-standard","has-post-thumbnail","hentry","category-f1","tag-f1","tag-f1-2022","tag-f1-2023","tag-formula-1","tag-grande-premio-2","tag-grande-premio-en-espanol","tag-grandepremio","tag-indy","tag-indycar","tag-red-bull","tag-romain-grosjean","tag-sancion","tag-techo-de-gastos","tag-techo-presupuestario","42wp_author-eric-calduch"],"_links":{"self":[{"href":"https:\/\/grandepremio.com\/es\/wp-json\/wp\/v2\/posts\/20629","targetHints":{"allow":["GET"]}}],"collection":[{"href":"https:\/\/grandepremio.com\/es\/wp-json\/wp\/v2\/posts"}],"about":[{"href":"https:\/\/grandepremio.com\/es\/wp-json\/wp\/v2\/types\/post"}],"replies":[{"embeddable":true,"href":"https:\/\/grandepremio.com\/es\/wp-json\/wp\/v2\/comments?post=20629"}],"version-history":[{"count":0,"href":"https:\/\/grandepremio.com\/es\/wp-json\/wp\/v2\/posts\/20629\/revisions"}],"wp:featuredmedia":[{"embeddable":true,"href":"https:\/\/grandepremio.com\/es\/wp-json\/wp\/v2\/media\/1010103719"}],"wp:attachment":[{"href":"https:\/\/grandepremio.com\/es\/wp-json\/wp\/v2\/media?parent=20629"}],"wp:term":[{"taxonomy":"category","embeddable":true,"href":"https:\/\/grandepremio.com\/es\/wp-json\/wp\/v2\/categories?post=20629"},{"taxonomy":"post_tag","embeddable":true,"href":"https:\/\/grandepremio.com\/es\/wp-json\/wp\/v2\/tags?post=20629"},{"taxonomy":"42wp_author","embeddable":true,"href":"https:\/\/grandepremio.com\/es\/wp-json\/wp\/v2\/42wp_author?post=20629"}],"curies":[{"name":"wp","href":"https:\/\/api.w.org\/{rel}","templated":true}]}}