{"id":20653,"date":"2022-12-20T10:27:29","date_gmt":"2022-12-20T13:27:29","guid":{"rendered":"https:\/\/grandepremio.com\/es\/2022\/12\/20\/fia-prohibe-manifestaciones-politicas-religiosas-2023\/"},"modified":"2022-12-20T15:36:00","modified_gmt":"2022-12-20T18:36:00","slug":"fia-prohibe-manifestaciones-politicas-religiosas-2023","status":"publish","type":"post","link":"https:\/\/grandepremio.com\/es\/f1\/fia-prohibe-manifestaciones-politicas-religiosas-2023\/","title":{"rendered":"FIA proh\u00edbe manifestaciones pol\u00edticas y religiosas sin aprobaci\u00f3n previa desde 2023"},"content":{"rendered":"\n<p class=\"wp-block-paragraph\">\u00bfMensajes de apoyo a causas medioambientales y sociales, como el apoyo a la comunidad LGBTQIA+, en los cascos de los pilotos durante las carreras? Ahora, solo si la FIA lo quiere. La entidad que gestiona el deporte ha actualizado el C\u00f3digo Deportivo Internacional para la temporada 2023 y solo permitir\u00e1 demostraciones que est\u00e9n previamente aprobadas.<\/p>\n\n\n\n<p class=\"wp-block-paragraph\">La regla se aplica a todas las categor\u00edas que est\u00e1n homologadas por la FIA, incluida la <a href=\"https:\/\/grandepremio.com\/es\/\/categoria\/f1\/\" target=\"_blank\" rel=\"noreferrer noopener\">F\u00f3rmula 1<\/a>. A partir de ahora, el organismo regulador quiere estar al tanto de lo que un determinado piloto o equipo pretende pintar en cascos, coches e incluso camisetas para luego emitir una aprobaci\u00f3n oficial por escrito. Solo con dicha autorizaci\u00f3n, tales protestas pueden llevarse a cabo durante los fines de semana de carreras.<\/p>\n\n\n\n<p class=\"wp-block-paragraph\"><strong><strong>\u00a1Conoce el canal de Grande Pr\u00eamio en Espa\u00f1ol en&nbsp;<a href=\"https:\/\/www.youtube.com\/channel\/UCDxWojGVUi9gWYhrY0pGbIQ\" target=\"_blank\" rel=\"noreferrer noopener\">YouTube<\/a>!<br>\u00a1Sigue a&nbsp;Grande Pr\u00eamio en Espa\u00f1ol&nbsp;en&nbsp;<a href=\"https:\/\/twitter.com\/grandepremioES\" target=\"_blank\" rel=\"noreferrer noopener\">Twitter&nbsp;<\/a>y en&nbsp;<a href=\"https:\/\/www.instagram.com\/grandepremioes\/\" target=\"_blank\" rel=\"noreferrer noopener\">Instagram<\/a>!<\/strong><\/strong><\/p>\n\n\n\n<figure class=\"wp-block-image size-large\"><img decoding=\"async\" src=\"https:\/\/www.grandepremio.com\/br\/wp-content\/uploads\/2020\/09\/LewisBreonna-1024x576.jpg\" alt=\"LEWIS HAMILTON; F\u00d3RMULA 1; BREONNA TAYLOR; PROTESTO; GP DA TOSCANA; MUGELLO;\" class=\"wp-image-418561\"\/><figcaption>Lewis Hamilton protest\u00f3 en el podio del GP de la Toscana de F\u00f3rmula 1 (Foto: Reproducci\u00f3n)<\/figcaption><\/figure>\n\n\n\n<p class=\"wp-block-paragraph\">El texto del art\u00edculo 12.2.1 dice que \u201cla realizaci\u00f3n y exhibici\u00f3n general de declaraciones o comentarios pol\u00edticos, religiosos y personales que sean claramente contrarias al principio general de neutralidad promovido por la FIA en sus estatutos, salvo aprobaci\u00f3n previa por escrito por la FIA a competiciones internacionales o por la ASN (Autoridad Deportiva Nacional), para competiciones internacionales dentro de su jurisdicci\u00f3n\u201d, constituye una violaci\u00f3n de las reglas.<\/p>\n\n\n\n<p class=\"wp-block-paragraph\">La censura en la F1 ya hab\u00eda dado aires de gracia poco despu\u00e9s de que Lewis Hamilton subiera al podio del GP de Toscana 2020 vistiendo una camiseta negra con las palabras \u201cArresten a los polic\u00edas que mataron a Breonna Taylor\u201d, una joven de 26 a\u00f1os estadounidense que fue asesinada a tiros despu\u00e9s de que la polic\u00eda allanara su casa en medio de la noche como parte de una investigaci\u00f3n sobre su exnovio. Breonna se convirti\u00f3 en uno de los s\u00edmbolos del movimiento Black Lives Matter, movimiento que se expandi\u00f3 en todo el mundo tras otro brutal asesinato de una persona negra en Estados Unidos, George Floyd, tambi\u00e9n por violencia policial. Tras ello, Hamilton no lo pens\u00f3 dos veces sobre su uso y la visibilidad que tiene para exigir justicia.<\/p>\n\n\n\n<p class=\"wp-block-paragraph\">A la entidad, sin embargo, no le gust\u00f3 nada la actitud del siete veces campe\u00f3n y decidi\u00f3 prohibir a los pilotos llevar camisetas sobre los monos. \u201cA lo largo de la ceremonia del podio y los procedimientos de entrevista posteriores a la carrera, los pilotos que terminan primero, segundo y tercero deben permanecer vestidos solo con sus monos, cerrados al podio, no abiertos hasta la cintura\u201d, se\u00f1al\u00f3 la determinaci\u00f3n de la FIA.<\/p>\n\n\n\n<p class=\"wp-block-paragraph\">Las manifestaciones, sin embargo, nunca abandonaron el paddock, la mayor\u00eda de las veces encabezadas por Hamilton y Sebastian Vettel. En varias ocasiones, el ahora ex piloto desfil\u00f3 los fines de semana de GP con camisetas protestando por la crisis clim\u00e1tica mundial, como en el GP de Canad\u00e1, cuando vest\u00eda una camiseta con la frase \u201cDejen de minar arenas bituminosas\u201d y despert\u00f3 la ira de las autoridades locales.<\/p>\n\n\n\n<p class=\"wp-block-paragraph\">El tetracampe\u00f3n tambi\u00e9n se ha convertido en una voz activa por los derechos de la comunidad LGBTQIA+, esto \u00faltimo, no por casualidad, ya que el calendario de la F1 pasa por pa\u00edses donde los homosexuales son perseguidos e incluso condenados a muerte, como en Qatar. La postura de Vettel, por cierto, molest\u00f3 al presidente de la FIA, Mohammed Ben Sulayem.<\/p>\n\n\n\n<p class=\"wp-block-paragraph\">\u201cA Niki Lauda y Alain Prost solo les importaba conducir. Ahora Vettel monta una bicicleta arco\u00edris, Lewis es un apasionado de los derechos humanos y Norris habla de salud mental. Todo el mundo tiene derecho a pensar. Para m\u00ed, es una cuesti\u00f3n de si debemos imponer nuestras creencias todo el tiempo en algo que no sea el deporte&#8221;, declar\u00f3 el l\u00edder este a\u00f1o al portal web brit\u00e1nico GrandPrix247. Las declaraciones, sin embargo, resonaron mal, y Sulayem se vio obligado a cambiar su tono, diciendo que la diversidad siempre ha estado en su agenda de gobierno ante la FIA.<\/p>\n","protected":false},"excerpt":{"rendered":"<p>\u00bfFrases en apoyo a las causas ambientales y a la comunidad LGBTQIA+? Los pilotos ahora necesitar\u00e1n la aprobaci\u00f3n por escrito de la FIA para usar camisetas y cascos para protestas pol\u00edticas y religiosas.<\/p>\n","protected":false},"author":0,"featured_media":1010103243,"comment_status":"closed","ping_status":"closed","sticky":false,"template":"","format":"standard","meta":{"42wp_featured_image_caption":"","42wp_featured_image_credits":"","42wp_featured_video":"","42wp_featured_image_hidden":false,"42wp_authors_list":[],"footnotes":""},"categories":[5],"tags":[181,1495,1676,263,179,2236,3438,2237,199,2974,2725,1930,1924,4592,208],"42wp_author":[14233],"class_list":["post-20653","post","type-post","status-publish","format-standard","has-post-thumbnail","hentry","category-f1","tag-f1","tag-f1-2022","tag-f1-2023","tag-fia","tag-formula-1","tag-grande-premio-2","tag-grande-premio-en-espanol","tag-grandepremio","tag-lewis-hamilton","tag-manifestacion","tag-medio-ambiente","tag-mohammed-ben-sulayem","tag-protestas","tag-protestas-f1","tag-sebastian-vettel","42wp_author-eric-calduch"],"_links":{"self":[{"href":"https:\/\/grandepremio.com\/es\/wp-json\/wp\/v2\/posts\/20653","targetHints":{"allow":["GET"]}}],"collection":[{"href":"https:\/\/grandepremio.com\/es\/wp-json\/wp\/v2\/posts"}],"about":[{"href":"https:\/\/grandepremio.com\/es\/wp-json\/wp\/v2\/types\/post"}],"replies":[{"embeddable":true,"href":"https:\/\/grandepremio.com\/es\/wp-json\/wp\/v2\/comments?post=20653"}],"version-history":[{"count":0,"href":"https:\/\/grandepremio.com\/es\/wp-json\/wp\/v2\/posts\/20653\/revisions"}],"wp:featuredmedia":[{"embeddable":true,"href":"https:\/\/grandepremio.com\/es\/wp-json\/wp\/v2\/media\/1010103243"}],"wp:attachment":[{"href":"https:\/\/grandepremio.com\/es\/wp-json\/wp\/v2\/media?parent=20653"}],"wp:term":[{"taxonomy":"category","embeddable":true,"href":"https:\/\/grandepremio.com\/es\/wp-json\/wp\/v2\/categories?post=20653"},{"taxonomy":"post_tag","embeddable":true,"href":"https:\/\/grandepremio.com\/es\/wp-json\/wp\/v2\/tags?post=20653"},{"taxonomy":"42wp_author","embeddable":true,"href":"https:\/\/grandepremio.com\/es\/wp-json\/wp\/v2\/42wp_author?post=20653"}],"curies":[{"name":"wp","href":"https:\/\/api.w.org\/{rel}","templated":true}]}}