{"id":20681,"date":"2022-12-15T11:11:22","date_gmt":"2022-12-15T14:11:22","guid":{"rendered":"https:\/\/grandepremio.com\/es\/2022\/12\/15\/formula-1-lista-oficial-inscripciones-numeros-novatos\/"},"modified":"2022-12-15T13:04:08","modified_gmt":"2022-12-15T16:04:08","slug":"formula-1-lista-oficial-inscripciones-numeros-novatos","status":"publish","type":"post","link":"https:\/\/grandepremio.com\/es\/f1\/formula-1-lista-oficial-inscripciones-numeros-novatos\/","title":{"rendered":"F\u00f3rmula 1 divulga lista oficial de inscripciones y n\u00fameros para pilotos novatos"},"content":{"rendered":"\n<p class=\"wp-block-paragraph\">Ya es mitad de diciembre de 2022, pero la <a href=\"https:\/\/grandepremio.com\/es\/\/categoria\/f1\/\" target=\"_blank\" rel=\"noreferrer noopener\">F\u00f3rmula 1<\/a> sigue anunciando cosas y haciendo noticias de cara a la pr\u00f3xima temporada. En la ma\u00f1ana de este jueves, la categor\u00eda public\u00f3 la lista oficial de inscripciones de los pilotos para la pr\u00f3xima temporada. Con eso, confirm\u00f3 toda la numeraci\u00f3n, incluidos los tres pilotos que debutan en la parrilla como titulares:<strong> Nyck de Vries, Oscar Piastri y Logan Sargeant.<\/strong><\/p>\n\n\n\n<p class=\"wp-block-paragraph\">La \u00fanica gran novedad fue el n\u00famero de <strong>De Vries,<\/strong> que a\u00fan no se hab\u00eda pronunciado sobre el tema. El holand\u00e9s compiti\u00f3 en el GP de Italia de 2022 para <strong>Williams<\/strong>, reemplazando a <strong>Alex Albon<\/strong>, con el n\u00famero 45, pero este no ser\u00e1 el n\u00famero oficial cuando ingrese a la cabina de <strong>AlphaTauri<\/strong> como titular, el pr\u00f3ximo a\u00f1o.<\/p>\n\n\n\n<p class=\"wp-block-paragraph\"><strong>De Vries<\/strong> eligi\u00f3 usar el #21, pegado al #22 de su compa\u00f1ero de equipo <strong>Yuki Tsunoda<\/strong>. Es el primer piloto en usar el #21 desde <strong>Esteban Guti\u00e9rrez,<\/strong> para <strong>Haas<\/strong>, en 2016.<\/p>\n\n\n\n<p class=\"wp-block-paragraph\"><strong><strong>\u00a1Conoce el canal de Grande Pr\u00eamio en Espa\u00f1ol en\u00a0<a href=\"https:\/\/www.youtube.com\/channel\/UCDxWojGVUi9gWYhrY0pGbIQ\" target=\"_blank\" rel=\"noreferrer noopener\">YouTube<\/a>!<br>\u00a1Sigue a\u00a0Grande Pr\u00eamio en Espa\u00f1ol\u00a0en\u00a0<a href=\"https:\/\/twitter.com\/grandepremioES\" target=\"_blank\" rel=\"noreferrer noopener\">Twitter\u00a0<\/a>y en\u00a0<a href=\"https:\/\/www.instagram.com\/grandepremioes\/\" target=\"_blank\" rel=\"noreferrer noopener\">Instagram<\/a>!<\/strong><\/strong><\/p>\n\n\n\n<figure class=\"wp-block-image size-large\"><img decoding=\"async\" src=\"https:\/\/www.grandepremio.com\/br\/wp-content\/uploads\/2022\/11\/GPF1-7-1024x683.jpeg\" alt=\"\" class=\"wp-image-636561\"\/><figcaption>Nico H\u00fclkenberg vuelve a utilizar el #27 en F\u00f3rmula 1 (Foto: Haas)<\/figcaption><\/figure>\n\n\n\n<p class=\"wp-block-paragraph\">Los otros dos reci\u00e9n llegados ya hab\u00edan anunciado por su cuenta qu\u00e9 n\u00fameros hab\u00edan elegido, pero el anuncio oficial lleg\u00f3 solo ahora. <strong>Sargeant<\/strong>, de <strong>Williams<\/strong>, ser\u00e1 el n\u00famero 2, en referencia al a\u00f1o que estuvo en F-Renault. El estadounidense dijo que realmente le gustar\u00eda ser el #3, pero este pertenece a <strong>Daniel Ricciardo<\/strong>. Incluso fuera de la parrilla, los pilotos pueden conservar los n\u00fameros de selecci\u00f3n durante dos a\u00f1os.<\/p>\n\n\n\n<p class=\"wp-block-paragraph\"><strong>Piastri<\/strong>, por su parte, quiso recordar el \u00e9xito de sus d\u00edas de karting y apost\u00f3 por el #81.<\/p>\n\n\n\n<p class=\"wp-block-paragraph\"><strong>Nico H\u00fclkenberg<\/strong>, que vuelve a la <strong>F\u00f3rmula 1<\/strong> como titular, mantiene el tradicional #27 que utiliza desde que la categor\u00eda retom\u00f3 la numeraci\u00f3n fija.<\/p>\n\n\n\n<p class=\"wp-block-paragraph\">El otro cambio que presenta la lista de inscritos oficiales es el nombre de <strong>Haas<\/strong>, que ahora cuenta incluso con el patrocinador <strong>MoneyGram<\/strong>.<\/p>\n","protected":false},"excerpt":{"rendered":"<p>Con la lista oficial de F\u00f3rmula 1 se confirman los dorsales de Nyck de Vries, Logan Sargeant y Oscar Piastri para la temporada de debut en 2023.<\/p>\n","protected":false},"author":0,"featured_media":1010102668,"comment_status":"closed","ping_status":"closed","sticky":false,"template":"","format":"standard","meta":{"42wp_featured_image_caption":"","42wp_featured_image_credits":"","42wp_featured_video":"","42wp_featured_image_hidden":false,"42wp_authors_list":[],"footnotes":""},"categories":[5],"tags":[508,1916,181,1495,1676,263,179,2236,3438,2237,285,269,4546,1540,278,1603,204],"42wp_author":[14233],"class_list":["post-20681","post","type-post","status-publish","format-standard","has-post-thumbnail","hentry","category-f1","tag-alphatauri","tag-dorsal","tag-f1","tag-f1-2022","tag-f1-2023","tag-fia","tag-formula-1","tag-grande-premio-2","tag-grande-premio-en-espanol","tag-grandepremio","tag-logan-sargeant","tag-mclaren","tag-numeros-pilotos","tag-nyck-de-vries","tag-oscar-piastri","tag-pilotos-novatos","tag-williams","42wp_author-eric-calduch"],"_links":{"self":[{"href":"https:\/\/grandepremio.com\/es\/wp-json\/wp\/v2\/posts\/20681","targetHints":{"allow":["GET"]}}],"collection":[{"href":"https:\/\/grandepremio.com\/es\/wp-json\/wp\/v2\/posts"}],"about":[{"href":"https:\/\/grandepremio.com\/es\/wp-json\/wp\/v2\/types\/post"}],"replies":[{"embeddable":true,"href":"https:\/\/grandepremio.com\/es\/wp-json\/wp\/v2\/comments?post=20681"}],"version-history":[{"count":0,"href":"https:\/\/grandepremio.com\/es\/wp-json\/wp\/v2\/posts\/20681\/revisions"}],"wp:featuredmedia":[{"embeddable":true,"href":"https:\/\/grandepremio.com\/es\/wp-json\/wp\/v2\/media\/1010102668"}],"wp:attachment":[{"href":"https:\/\/grandepremio.com\/es\/wp-json\/wp\/v2\/media?parent=20681"}],"wp:term":[{"taxonomy":"category","embeddable":true,"href":"https:\/\/grandepremio.com\/es\/wp-json\/wp\/v2\/categories?post=20681"},{"taxonomy":"post_tag","embeddable":true,"href":"https:\/\/grandepremio.com\/es\/wp-json\/wp\/v2\/tags?post=20681"},{"taxonomy":"42wp_author","embeddable":true,"href":"https:\/\/grandepremio.com\/es\/wp-json\/wp\/v2\/42wp_author?post=20681"}],"curies":[{"name":"wp","href":"https:\/\/api.w.org\/{rel}","templated":true}]}}