{"id":20688,"date":"2022-12-14T08:14:57","date_gmt":"2022-12-14T11:14:57","guid":{"rendered":"https:\/\/grandepremio.com\/es\/2022\/12\/14\/max-verstappen-hijos-f1-jos-padre\/"},"modified":"2022-12-14T13:47:14","modified_gmt":"2022-12-14T16:47:14","slug":"max-verstappen-hijos-f1-jos-padre","status":"publish","type":"post","link":"https:\/\/grandepremio.com\/es\/f1\/max-verstappen-hijos-f1-jos-padre\/","title":{"rendered":"Verstappen quiere tener hijos en F1, pero garantiza: &#8220;No lo har\u00eda como mi padre&#8221;"},"content":{"rendered":"\n<p class=\"wp-block-paragraph\">El dos veces campe\u00f3n mundial de <a href=\"https:\/\/grandepremio.com\/es\/\/categoria\/f1\/\" target=\"_blank\" rel=\"noreferrer noopener\">F\u00f3rmula 1<\/a>, <strong>Max Verstappen<\/strong>, es un ejemplo de alguien que cumpli\u00f3 el sue\u00f1o de toda la vida de su padre. Ex piloto de la categor\u00eda, <strong>Jos Verstappen<\/strong> disput\u00f3 106 carreras entre 1994 y 2003, pero no pas\u00f3 de un d\u00e9cimo puesto como mejor resultado del Campeonato de Pilotos -precisamente en su temporada de debut, para <strong>Benetton<\/strong>. Sin embargo, gui\u00f3 a su hijo y le ayud\u00f3 a allanar el camino para ser uno de los nombres m\u00e1s importantes del deporte. A\u00fan as\u00ed, el piloto de <strong>Red Bull <\/strong>dijo que lo har\u00eda diferente con sus propios hijos.<\/p>\n\n\n\n<p class=\"wp-block-paragraph\">\u201cDefinitivamente quiero tener hijos. Si quieren correr, genial, pero creo que lo har\u00eda diferente a lo que hicimos mi padre y yo\u201d, admiti\u00f3 <strong>Verstappen<\/strong> al portal holand\u00e9s <em>De Limburger.<\/em> \u201cNo veo que suceda en este momento, pero para m\u00ed es f\u00e1cil hablar de eso porque no tengo hijos. Tal vez pensar\u00e9 diferente cuando llegue el momento&#8221;, dijo.<\/p>\n\n\n\n<p class=\"wp-block-paragraph\"><strong><strong>\u00a1Conoce el canal de Grande Pr\u00eamio en Espa\u00f1ol en\u00a0<a href=\"https:\/\/www.youtube.com\/channel\/UCDxWojGVUi9gWYhrY0pGbIQ\" target=\"_blank\" rel=\"noreferrer noopener\">YouTube<\/a>!<br>\u00a1Sigue a\u00a0Grande Pr\u00eamio en Espa\u00f1ol\u00a0en\u00a0<a href=\"https:\/\/twitter.com\/grandepremioES\" target=\"_blank\" rel=\"noreferrer noopener\">Twitter\u00a0<\/a>y en\u00a0<a href=\"https:\/\/www.instagram.com\/grandepremioes\/\" target=\"_blank\" rel=\"noreferrer noopener\">Instagram<\/a>!<\/strong><\/strong><\/p>\n\n\n\n<figure class=\"wp-block-image size-large\"><img decoding=\"async\" src=\"https:\/\/www.grandepremio.com\/br\/wp-content\/uploads\/2020\/05\/000_32NZ2FR-1-1024x683.jpg\" alt=\"\" class=\"wp-image-635501\"\/><figcaption>Max Verstappen se anim\u00f3 con la posibilidad de tener hijos corriendo en F1 en el futuro (Foto: Red Bull Content Pool)<\/figcaption><\/figure>\n\n\n\n<p class=\"wp-block-paragraph\"><strong>Verstappen<\/strong> admiti\u00f3 que se necesit\u00f3 m\u00e1s que un simple &#8220;empuj\u00f3n&#8221; de su padre para dar sus primeros pasos en el automovilismo. Seg\u00fan el holand\u00e9s, <strong>Jos<\/strong> hizo absolutamente todo, entre administrar su carrera y ajustar coches, algo que <strong>Max<\/strong> no se ve haciendo en el futuro.<\/p>\n\n\n\n<p class=\"wp-block-paragraph\">\u201cPero la pasi\u00f3n que ten\u00eda lo llev\u00f3 muy lejos\u201d, reconoci\u00f3. \u201cHizo todo por m\u00ed. Ajust\u00f3 motores, prepar\u00f3 karts y no me veo haciendo eso. Al menos no voy a obligar a mis hijos a correr, necesitan quererlo ellos mismos&#8221;, explic\u00f3.<\/p>\n\n\n\n<p class=\"wp-block-paragraph\">Sin embargo, <strong>Verstappen<\/strong> tiene algo claro: no es posible iniciar a tus hijos en el automovilismo siendo piloto de <strong>F\u00f3rmula 1<\/strong>. Para el holand\u00e9s, el proceso hay que construirlo desde una edad muy temprana y no se puede compartir con las responsabilidades de una temporada de la categor\u00eda.<\/p>\n\n\n\n<p class=\"wp-block-paragraph\">\u201cSi vas [a las carreras] con tu hijo o hija, creo que ya no puedes ser piloto de <strong>F\u00f3rmula 1<\/strong>\u201d, evalu\u00f3. \u201cHay que sentar las bases desde los cuatro a\u00f1os, y yo quiero estar ah\u00ed\u201d, concluy\u00f3.<\/p>\n","protected":false},"excerpt":{"rendered":"<p>Hijo de un expiloto de F\u00f3rmula 1, Max Verstappen admiti\u00f3 que le gustar\u00eda tener hijos y verlos competir en la categor\u00eda en el futuro, pero adoptar\u00eda una actitud diferente a la de su padre Jos.<\/p>\n","protected":false},"author":0,"featured_media":1010102289,"comment_status":"closed","ping_status":"closed","sticky":false,"template":"","format":"standard","meta":{"42wp_featured_image_caption":"","42wp_featured_image_credits":"","42wp_featured_video":"","42wp_featured_image_hidden":false,"42wp_authors_list":[],"footnotes":""},"categories":[5],"tags":[181,1495,1676,179,2236,3438,2237,4530,823,249,206],"42wp_author":[14233],"class_list":["post-20688","post","type-post","status-publish","format-standard","has-post-thumbnail","hentry","category-f1","tag-f1","tag-f1-2022","tag-f1-2023","tag-formula-1","tag-grande-premio-2","tag-grande-premio-en-espanol","tag-grandepremio","tag-hijos","tag-jos-verstappen","tag-max-verstappen","tag-red-bull","42wp_author-eric-calduch"],"_links":{"self":[{"href":"https:\/\/grandepremio.com\/es\/wp-json\/wp\/v2\/posts\/20688","targetHints":{"allow":["GET"]}}],"collection":[{"href":"https:\/\/grandepremio.com\/es\/wp-json\/wp\/v2\/posts"}],"about":[{"href":"https:\/\/grandepremio.com\/es\/wp-json\/wp\/v2\/types\/post"}],"replies":[{"embeddable":true,"href":"https:\/\/grandepremio.com\/es\/wp-json\/wp\/v2\/comments?post=20688"}],"version-history":[{"count":0,"href":"https:\/\/grandepremio.com\/es\/wp-json\/wp\/v2\/posts\/20688\/revisions"}],"wp:featuredmedia":[{"embeddable":true,"href":"https:\/\/grandepremio.com\/es\/wp-json\/wp\/v2\/media\/1010102289"}],"wp:attachment":[{"href":"https:\/\/grandepremio.com\/es\/wp-json\/wp\/v2\/media?parent=20688"}],"wp:term":[{"taxonomy":"category","embeddable":true,"href":"https:\/\/grandepremio.com\/es\/wp-json\/wp\/v2\/categories?post=20688"},{"taxonomy":"post_tag","embeddable":true,"href":"https:\/\/grandepremio.com\/es\/wp-json\/wp\/v2\/tags?post=20688"},{"taxonomy":"42wp_author","embeddable":true,"href":"https:\/\/grandepremio.com\/es\/wp-json\/wp\/v2\/42wp_author?post=20688"}],"curies":[{"name":"wp","href":"https:\/\/api.w.org\/{rel}","templated":true}]}}