{"id":20690,"date":"2022-12-13T13:43:43","date_gmt":"2022-12-13T16:43:43","guid":{"rendered":"https:\/\/grandepremio.com\/es\/2022\/12\/13\/audi-aprueba-sauber-andreas-seidl-jefe-f1\/"},"modified":"2022-12-13T13:46:06","modified_gmt":"2022-12-13T16:46:06","slug":"audi-aprueba-sauber-andreas-seidl-jefe-f1","status":"publish","type":"post","link":"https:\/\/grandepremio.com\/es\/f1\/audi-aprueba-sauber-andreas-seidl-jefe-f1\/","title":{"rendered":"Audi aprueba elecci\u00f3n de Seidl como jefe de Sauber: &#8220;Tiene un historial impresionante&#8221;"},"content":{"rendered":"\n<p class=\"wp-block-paragraph\">La semana empez\u00f3 movida en el mercado de jefes de equipo de <strong>F\u00f3rmula 1<\/strong>, con anuncios de cambios en cuatro escuder\u00edas, incluida <strong>Sauber<\/strong>, que <a href=\"https:\/\/grandepremio.com\/es\/\/f1\/andreas-seidl-ceo-sauber-andrea-stella-jefe-mclaren\/\">confirm\u00f3 al ex-<strong>McLaren<\/strong> <strong>Andreas Seidl<\/strong> como CEO<\/a>, en una decisi\u00f3n aprobada por <strong>Audi<\/strong>. La marca alemana ha anunciado una alianza con los suizos para 2026.<\/p>\n\n\n\n<p class=\"wp-block-paragraph\"><strong><strong><strong>\u00a1Conoce el canal de Grande Pr\u00eamio en Espa\u00f1ol en\u00a0<a href=\"https:\/\/www.youtube.com\/channel\/UCDxWojGVUi9gWYhrY0pGbIQ\" target=\"_blank\" rel=\"noreferrer noopener\">YouTube<\/a>!<br>\u00a1Sigue a\u00a0Grande Pr\u00eamio en Espa\u00f1ol\u00a0en\u00a0<a href=\"https:\/\/twitter.com\/grandepremioES\" target=\"_blank\" rel=\"noreferrer noopener\">Twitter\u00a0<\/a>y en\u00a0<a href=\"https:\/\/www.instagram.com\/grandepremioes\/\" target=\"_blank\" rel=\"noreferrer noopener\">Instagram<\/a>!<\/strong><\/strong><\/strong><\/p>\n\n\n\n<p class=\"wp-block-paragraph\">Seidl llevaba al frente de <strong>McLaren<\/strong> desde 2019. El alem\u00e1n gozaba de la aprobaci\u00f3n generalizada por su labor en la escuder\u00eda inglesa, en plena reconstrucci\u00f3n tras los peores a\u00f1os de su historia. Despu\u00e9s de que <a href=\"https:\/\/grandepremio.com\/es\/\/f1\/ferrari-confirma-frederic-vasseur-sustituira-mattia-binotto-2023\/\"><strong>Ferrari<\/strong> se llevara a <strong>Fr\u00e9deric Vasseur<\/strong><\/a> de Sauber\/Alfa Romeo, el equipo invirti\u00f3 para buscar al alem\u00e1n.<\/p>\n\n\n\n<figure class=\"wp-block-image size-full\"><img decoding=\"async\" src=\"https:\/\/www.grandepremio.com\/br\/wp-content\/uploads\/2018\/04\/20184231213109_Seidl_DMa.jpg\" alt=\"\" class=\"wp-image-159747\"\/><figcaption>Andreas Seidl en sus tiempos de Porsche, cuando competi\u00f3 con Audi (Foto: Porsche)<\/figcaption><\/figure>\n\n\n\n<p class=\"wp-block-paragraph\">Sauber se someter\u00e1 a un \u00faltimo a\u00f1o de asociaci\u00f3n con <strong>Alfa Romeo<\/strong>. El fabricante italiano deja la escena a finales de 2023, cuando el equipo volver\u00e1 a llamarse Sauber. Lo que s\u00ed se sabe es que los suizos se volver\u00e1n el equipo oficial de Audi con la nueva generaci\u00f3n de motores de F1 en 2026. Con la asociaci\u00f3n firmada, la marca alemana ha querido expresarse a trav\u00e9s de <strong>Oliver Hoffman<\/strong>, ejecutivo t\u00e9cnico de la divisi\u00f3n deportiva de la compa\u00f1\u00eda.<\/p>\n\n\n\n<p class=\"wp-block-paragraph\">&#8220;Acogemos con gran satisfacci\u00f3n la elecci\u00f3n de nuestros futuros socios&#8221;, afirm\u00f3 Hoffman. &#8220;Andreas Seidl tiene una enorme experiencia en puestos de liderazgo en todo el espectro de las actividades del automovilismo. Es un experto tanto en la f\u00e1brica como en la F\u00f3rmula 1. Su trayectoria en este deporte es impresionante&#8221;, concluy\u00f3.<\/p>\n\n\n\n<p class=\"wp-block-paragraph\">Seidl no es un desconocido para Audi. Al contrario: como director deportivo de <strong>Porsche<\/strong>, otra empresa del Grupo Volkswagen, super\u00f3 a Audi durante las temporadas en que ambos compartieron pista en el WEC. Antes de eso, fue jefe de operaciones en pista de <strong>BMW<\/strong> en los a\u00f1os en que la f\u00e1brica alemana incorpor\u00f3 a Sauber como equipo oficial de <strong>F1<\/strong>, entre 2005 y 2008.<\/p>\n\n\n\n<p class=\"wp-block-paragraph\"><strong>RETROSPECTIVA 2022:<\/strong> <strong><a href=\"https:\/\/grandepremio.com\/es\/\/f1\/retrospectiva-2022-alfa-romeo-formula-1\/\">Alfa Romeo mejora con Bottas, pero pierde impulso por falta de desarrollos<\/a><\/strong><\/p>\n","protected":false},"excerpt":{"rendered":"<p>El director ejecutivo de Audi, Oliver Hoffman, se apresur\u00f3 a elogiar la decisi\u00f3n de Sauber de elegir a Andreas Seidl para sustituir a Fr\u00e9d\u00e9ric Vasseur.<\/p>\n","protected":false},"author":0,"featured_media":1010102221,"comment_status":"closed","ping_status":"closed","sticky":false,"template":"","format":"standard","meta":{"42wp_featured_image_caption":"","42wp_featured_image_credits":"","42wp_featured_video":"","42wp_featured_image_hidden":false,"42wp_authors_list":[],"footnotes":""},"categories":[5],"tags":[295,1544,612,2525,181,1676,1680,179,1892,1488,2237,4297,497],"42wp_author":[14234],"class_list":["post-20690","post","type-post","status-publish","format-standard","has-post-thumbnail","hentry","category-f1","tag-alfa-romeo","tag-andreas-seidl","tag-audi","tag-audi-f1","tag-f1","tag-f1-2023","tag-f1-2026","tag-formula-1","tag-frederic-vasseur-3","tag-grande-premio","tag-grandepremio","tag-oliver-hoffmann","tag-sauber","42wp_author-douglas-rocha"],"_links":{"self":[{"href":"https:\/\/grandepremio.com\/es\/wp-json\/wp\/v2\/posts\/20690","targetHints":{"allow":["GET"]}}],"collection":[{"href":"https:\/\/grandepremio.com\/es\/wp-json\/wp\/v2\/posts"}],"about":[{"href":"https:\/\/grandepremio.com\/es\/wp-json\/wp\/v2\/types\/post"}],"replies":[{"embeddable":true,"href":"https:\/\/grandepremio.com\/es\/wp-json\/wp\/v2\/comments?post=20690"}],"version-history":[{"count":0,"href":"https:\/\/grandepremio.com\/es\/wp-json\/wp\/v2\/posts\/20690\/revisions"}],"wp:featuredmedia":[{"embeddable":true,"href":"https:\/\/grandepremio.com\/es\/wp-json\/wp\/v2\/media\/1010102221"}],"wp:attachment":[{"href":"https:\/\/grandepremio.com\/es\/wp-json\/wp\/v2\/media?parent=20690"}],"wp:term":[{"taxonomy":"category","embeddable":true,"href":"https:\/\/grandepremio.com\/es\/wp-json\/wp\/v2\/categories?post=20690"},{"taxonomy":"post_tag","embeddable":true,"href":"https:\/\/grandepremio.com\/es\/wp-json\/wp\/v2\/tags?post=20690"},{"taxonomy":"42wp_author","embeddable":true,"href":"https:\/\/grandepremio.com\/es\/wp-json\/wp\/v2\/42wp_author?post=20690"}],"curies":[{"name":"wp","href":"https:\/\/api.w.org\/{rel}","templated":true}]}}