{"id":20725,"date":"2022-12-07T11:05:00","date_gmt":"2022-12-07T14:05:00","guid":{"rendered":"https:\/\/grandepremio.com\/es\/2022\/12\/07\/formula-1-confirma-seis-carreras-sprint-2023\/"},"modified":"2022-12-07T14:08:33","modified_gmt":"2022-12-07T17:08:33","slug":"formula-1-confirma-seis-carreras-sprint-2023","status":"publish","type":"post","link":"https:\/\/grandepremio.com\/es\/f1\/formula-1-confirma-seis-carreras-sprint-2023\/","title":{"rendered":"F1 confirma seis carreras sprint para 2023 y define cuatro sedes nuevas"},"content":{"rendered":"\n<p class=\"wp-block-paragraph\">La <a href=\"https:\/\/grandepremio.com\/es\/\/categoria\/f1\/\" target=\"_blank\" rel=\"noreferrer noopener\">F\u00f3rmula 1<\/a> se escap\u00f3 de correr en diciembre de este 2022 por el Mundial de f\u00fatbol, \u200b\u200bpero las novedades siguen ocurriendo. Este mi\u00e9rcoles, la categor\u00eda anunci\u00f3 que la temporada 2023 contar\u00e1 con seis carreras sprint y aprovech\u00f3 para oficializar qu\u00e9 escenarios recibir\u00e1n el formato: con cuatro circuitos debutantes. <\/p>\n\n\n\n<p class=\"wp-block-paragraph\">El GP de S\u00e3o Paulo es el \u00fanico en albergar carreras sprint todos los a\u00f1os desde su fundaci\u00f3n. Una vez m\u00e1s, como en 2021 y 2022, la carrera brasile\u00f1a cerrar\u00e1 la secuencia de carreras sprint de la temporada, el fin de semana del 5 de noviembre. La carrera es la 20\u00aa de las 22 programadas para la temporada, excluyendo el GP de China.<\/p>\n\n\n\n<p class=\"wp-block-paragraph\">La primera carrera sprint del a\u00f1o tendr\u00e1 lugar en el GP de Azerbaiy\u00e1n, que ser\u00e1 la cuarta o quinta carrera del a\u00f1o, dependiendo de si la F1 pretende sustituir a la carrera china, cancelada por las restricciones por la Covid-19. La carrera de Bak\u00fa est\u00e1 programada para el fin de semana del 30 de abril.<\/p>\n\n\n\n<p class=\"wp-block-paragraph\">Despu\u00e9s de eso, el GP de Austria, al igual que en 2022, tambi\u00e9n albergar\u00e1 una carrera sprint el fin de semana del 2 de julio. La \u00faltima carrera antes del par\u00f3n de verano, el GP de B\u00e9lgica, el 30 de julio, ser\u00e1 el tercero en manejar el formato.<\/p>\n\n\n\n<p class=\"wp-block-paragraph\"><strong><strong>\u00a1Conoce el canal de Grande Pr\u00eamio en Espa\u00f1ol en\u00a0<a href=\"https:\/\/www.youtube.com\/channel\/UCDxWojGVUi9gWYhrY0pGbIQ\" target=\"_blank\" rel=\"noreferrer noopener\">YouTube<\/a>!<br>\u00a1Sigue a\u00a0Grande Pr\u00eamio en Espa\u00f1ol\u00a0en\u00a0<a href=\"https:\/\/twitter.com\/grandepremioES\" target=\"_blank\" rel=\"noreferrer noopener\">Twitter\u00a0<\/a>y en\u00a0<a href=\"https:\/\/www.instagram.com\/grandepremioes\/\" target=\"_blank\" rel=\"noreferrer noopener\">Instagram<\/a>!<\/strong><\/strong><\/p>\n\n\n\n<figure class=\"wp-block-image size-large\"><img decoding=\"async\" src=\"https:\/\/www.grandepremio.com\/br\/wp-content\/uploads\/2022\/07\/000_32E6246-1024x585.jpg\" alt=\"\" class=\"wp-image-594520\"\/><figcaption>Pierre Gasly, de AlphaTauri, durante la salida de la sprint del GP de Austria (Foto: Christian Bruna\/AFP) <\/figcaption><\/figure>\n\n\n\n<p class=\"wp-block-paragraph\">En la segunda parte del a\u00f1o y antes del GP de S\u00e3o Paulo, a\u00fan quedar\u00e1 el GP de Qatar, en el Circuito Internacional de Lusail, que se convierte en un fijo del calendario de F1, y el GP de Estados Unidos, en Austin. Qatar y USA son carreras secuenciales, programadas para el 8 y 22 de octubre respectivamente. En realidad, hay una secuencia de cuatro carreras con tres sprints: Qatar, EUA, Ciudad de M\u00e9xico y S\u00e3o Paulo, donde solo no se har\u00e1 sprint en la prueba mexicana.<\/p>\n\n\n\n<p class=\"wp-block-paragraph\">Qatar recibi\u00f3 la F1 en 2021 de emergencia para reemplazar el GP de Australia cancelado y luego firm\u00f3 un acuerdo para entrar definitivamente en el calendario en 2023. Oficialmente, el plan era construir un nuevo circuito para la categor\u00eda, pero la idea fue abandonada.<\/p>\n\n\n\n<p class=\"wp-block-paragraph\">Seg\u00fan la F\u00f3rmula 1, la selecci\u00f3n de las sedes fue \u201cel resultado de una encuesta de las pistas m\u00e1s adecuadas para el formato, incluidas las oportunidades de adelantamiento, las carreras apretadas, los sectores de alta velocidad \u2013 y est\u00e1 dise\u00f1ado para garantizar una acci\u00f3n competitiva en la pista durante los tres d\u00edas de los fines de semana de GP\u201d. La cantidad de carreras sprint por a\u00f1o era un deseo de la F1 para 2022, pero el plan tuvo que detenerse tras un desacuerdo con la FIA.<\/p>\n\n\n\n<p class=\"wp-block-paragraph\">\u201cHemos visto una reacci\u00f3n muy positiva a las carreras sprint de F\u00f3rmula 1 en los primeros dos a\u00f1os, y estamos ansiosos por brindar a\u00fan m\u00e1s acci\u00f3n a los fans con seis eventos el pr\u00f3ximo a\u00f1o, incluida nuestra primera carrera sprint en Estados Unidos, en Austin\u201d, dijo Stefano Domenicali, director ejecutivo de F\u00f3rmula 1. \u201cLa introducci\u00f3n de las carreras sprint en la F1 ha creado un fin de semana que incluye tres d\u00edas de acci\u00f3n competitiva y trae m\u00e1s entretenimiento a los aficionados al deporte, as\u00ed como valor adicional a equipos, emisoras, socios y lugares\u201d, evalu\u00f3.<\/p>\n\n\n\n<p class=\"wp-block-paragraph\">El presidente de la FIA, Mohammed Ben Sulayem, tambi\u00e9n dijo que estaba emocionado de tener el doble de carreras sprint en el calendario de 2023.<\/p>\n\n\n\n<p class=\"wp-block-paragraph\">\u201cDespu\u00e9s de una s\u00f3lida colaboraci\u00f3n entre la FIA y la FOM, y la aprobaci\u00f3n del Consejo Mundial del Deporte de Motor, estamos encantados de revelar los seis eventos de sprint de la temporada 2023\u201d, coment\u00f3 Ben Sulayem. \u201cEsperamos con ansias esta emocionante adici\u00f3n al calendario\u201d, concluy\u00f3.<\/p>\n","protected":false},"excerpt":{"rendered":"<p>La F\u00f3rmula 1 aprovech\u00f3 la ma\u00f1ana de este mi\u00e9rcoles para anunciar que la temporada 2023 contar\u00e1 con el doble de carreras sprint y en qu\u00e9 lugares se llevar\u00e1n a cabo.<\/p>\n","protected":false},"author":0,"featured_media":1010101292,"comment_status":"closed","ping_status":"closed","sticky":false,"template":"","format":"standard","meta":{"42wp_featured_image_caption":"","42wp_featured_image_credits":"","42wp_featured_video":"","42wp_featured_image_hidden":false,"42wp_authors_list":[],"footnotes":""},"categories":[5],"tags":[1409,1393,1808,181,1495,179,329,1386,646,1750,1563,1468,2236,3438,2237,474,2307,1410,243,637],"42wp_author":[14233],"class_list":["post-20725","post","type-post","status-publish","format-standard","has-post-thumbnail","hentry","category-f1","tag-austin","tag-baku","tag-carreras-sprint","tag-f1","tag-f1-2022","tag-formula-1","tag-gp-de-austria","tag-gp-de-azerbaiyan","tag-gp-de-belgica","tag-gp-de-estados-unidos","tag-gp-de-qatar","tag-gp-de-sao-paulo","tag-grande-premio-2","tag-grande-premio-en-espanol","tag-grandepremio","tag-interlagos","tag-lusail","tag-qatar","tag-red-bull-ring","tag-spa-francorchamps","42wp_author-eric-calduch"],"_links":{"self":[{"href":"https:\/\/grandepremio.com\/es\/wp-json\/wp\/v2\/posts\/20725","targetHints":{"allow":["GET"]}}],"collection":[{"href":"https:\/\/grandepremio.com\/es\/wp-json\/wp\/v2\/posts"}],"about":[{"href":"https:\/\/grandepremio.com\/es\/wp-json\/wp\/v2\/types\/post"}],"replies":[{"embeddable":true,"href":"https:\/\/grandepremio.com\/es\/wp-json\/wp\/v2\/comments?post=20725"}],"version-history":[{"count":0,"href":"https:\/\/grandepremio.com\/es\/wp-json\/wp\/v2\/posts\/20725\/revisions"}],"wp:featuredmedia":[{"embeddable":true,"href":"https:\/\/grandepremio.com\/es\/wp-json\/wp\/v2\/media\/1010101292"}],"wp:attachment":[{"href":"https:\/\/grandepremio.com\/es\/wp-json\/wp\/v2\/media?parent=20725"}],"wp:term":[{"taxonomy":"category","embeddable":true,"href":"https:\/\/grandepremio.com\/es\/wp-json\/wp\/v2\/categories?post=20725"},{"taxonomy":"post_tag","embeddable":true,"href":"https:\/\/grandepremio.com\/es\/wp-json\/wp\/v2\/tags?post=20725"},{"taxonomy":"42wp_author","embeddable":true,"href":"https:\/\/grandepremio.com\/es\/wp-json\/wp\/v2\/42wp_author?post=20725"}],"curies":[{"name":"wp","href":"https:\/\/api.w.org\/{rel}","templated":true}]}}