{"id":20729,"date":"2022-12-06T14:18:29","date_gmt":"2022-12-06T17:18:29","guid":{"rendered":"https:\/\/grandepremio.com\/es\/2022\/12\/06\/mclaren-reitera-acusacion-trampa-red-bull-2022\/"},"modified":"2022-12-06T14:18:32","modified_gmt":"2022-12-06T17:18:32","slug":"mclaren-reitera-acusacion-trampa-red-bull-2022","status":"publish","type":"post","link":"https:\/\/grandepremio.com\/es\/f1\/mclaren-reitera-acusacion-trampa-red-bull-2022\/","title":{"rendered":"McLaren reitera la acusaci\u00f3n de trampas sobre Red Bull en 2022: &#8220;Rompieron las reglas&#8221;"},"content":{"rendered":"\n<p class=\"wp-block-paragraph\">El CEO de <strong>McLaren<\/strong>, <strong>Zak Brown<\/strong>, dijo que mantiene sus palabras sobre el incumplimiento del l\u00edmite presupuestario por parte de <strong>Red Bull<\/strong> cuando acus\u00f3 a los austr\u00edacos de &#8220;hacer trampas&#8221; en una carta enviada al presidente de la <strong>FIA<\/strong>, <strong>Mohammed Ben Sulayem<\/strong>. La escuder\u00eda de los energ\u00e9ticos fue castigada por la entidad con <a href=\"https:\/\/grandepremio.com\/es\/\/f1\/fia-multa-red-bull-reduce-pruebas\/\">7 millones de d\u00f3lares y una disminuci\u00f3n del 10% en el t\u00fanel del viento en 2023<\/a>, y el dirigente estadounidense se reafirm\u00f3 en sus ideas sobre los rivales.<\/p>\n\n\n\n<p class=\"wp-block-paragraph\">Para \u00e9l, no hay diferencia entre sobrepasar el techo de gasto y pilotar con la altura del coche por debajo del l\u00edmite, algo que se prohibi\u00f3 durante la temporada tras los graves efectos del porpoleo. As\u00ed, Zak destac\u00f3 que &#8220;hay varias formas de caracterizar&#8221; un incumplimiento de la normativa.<\/p>\n\n\n\n<figure class=\"wp-block-image size-large\"><img decoding=\"async\" src=\"https:\/\/www.grandepremio.com\/br\/wp-content\/uploads\/2022\/11\/redbull-sergioperez-01-16-1024x576.jpg\" alt=\"\" class=\"wp-image-635369\"\/><figcaption>El CEO de McLaren critic\u00f3 a Red Bull por la pol\u00e9mica con el l\u00edmite presupuestario en 2022 (Foto: Red Bull Content Pool)<\/figcaption><\/figure>\n\n\n\n<p class=\"wp-block-paragraph\"><strong><strong><strong>\u00a1Conoce el canal de Grande Pr\u00eamio en Espa\u00f1ol en\u00a0<a href=\"https:\/\/www.youtube.com\/channel\/UCDxWojGVUi9gWYhrY0pGbIQ\" target=\"_blank\" rel=\"noreferrer noopener\">YouTube<\/a>!<br>\u00a1Sigue a\u00a0Grande Pr\u00eamio en Espa\u00f1ol\u00a0en\u00a0<a href=\"https:\/\/twitter.com\/grandepremioES\" target=\"_blank\" rel=\"noreferrer noopener\">Twitter\u00a0<\/a>y en\u00a0<a href=\"https:\/\/www.instagram.com\/grandepremioes\/\" target=\"_blank\" rel=\"noreferrer noopener\">Instagram<\/a>!<\/strong><\/strong><\/strong><\/p>\n\n\n\n<p class=\"wp-block-paragraph\">&#8220;Mantengo lo que dije en la carta&#8221;, dijo Brown. &#8220;Creo que cuando se infringen las normas, ya sean t\u00e9cnicas o financieras, hay muchas formas diferentes de caracterizarlo. S\u00e9 que es una palabra fuerte, pero no veo ninguna diferencia entre romper el techo presupuestario y pilotar con la altura del coche demasiado baja, o lo que sea&#8221;, explic\u00f3.<\/p>\n\n\n\n<p class=\"wp-block-paragraph\">Y el pensamiento del CEO de McLaren sobre Red Bull encontr\u00f3 eco en el paddock de la F\u00f3rmula 1. <strong>Guenther Steiner<\/strong>, jefe de <strong>Haas<\/strong>, sali\u00f3 en defensa de Brown. Seg\u00fan el italiano, la visi\u00f3n de Zak puede ser, en cierto modo, simplista, pero no est\u00e1 equivocada.<\/p>\n\n\n\n<p class=\"wp-block-paragraph\">&#8220;Si algo dentro de las normas deportivas, t\u00e9cnicas o financieras romp\u00eda los l\u00edmites, supongo que se le puede llamar de varias maneras. Pero algunos, de forma algo m\u00e1s simplista, lo llamar\u00edan as\u00ed&#8221;, coincidi\u00f3 Steiner.<\/p>\n\n\n\n<p class=\"wp-block-paragraph\"><strong>RETROSPECTIVA 2022: <a href=\"https:\/\/grandepremio.com\/es\/\/f1\/retrospectiva-2022-mclaren-formula-1\/\">McLaren, entre la intrascendencia y la salida de Ricciardo de F1<\/a><\/strong><\/p>\n","protected":false},"excerpt":{"rendered":"<p>El director ejecutivo de McLaren, Zak Brown, dijo que mantiene las &#8220;palabras fuertes&#8221; sobre Red Bull utilizadas en la carta enviada a la FIA y argument\u00f3 que no ve ninguna diferencia entre romper el techo de gastos y hacer trampas en la altura del coche.<\/p>\n","protected":false},"author":0,"featured_media":1010101040,"comment_status":"closed","ping_status":"closed","sticky":false,"template":"","format":"standard","meta":{"42wp_featured_image_caption":"","42wp_featured_image_credits":"","42wp_featured_video":"","42wp_featured_image_hidden":false,"42wp_authors_list":[],"footnotes":""},"categories":[5],"tags":[181,1495,179,1488,3696,2237,1469,414,3512,269,206,2774,328],"42wp_author":[14234],"class_list":["post-20729","post","type-post","status-publish","format-standard","has-post-thumbnail","hentry","category-f1","tag-f1","tag-f1-2022","tag-formula-1","tag-grande-premio","tag-grande-premio-f1","tag-grandepremio","tag-guenther-steiner","tag-haas","tag-limite-presupuestario-f1-2","tag-mclaren","tag-red-bull","tag-techo-de-gastos-f1","tag-zak-brown","42wp_author-douglas-rocha"],"_links":{"self":[{"href":"https:\/\/grandepremio.com\/es\/wp-json\/wp\/v2\/posts\/20729","targetHints":{"allow":["GET"]}}],"collection":[{"href":"https:\/\/grandepremio.com\/es\/wp-json\/wp\/v2\/posts"}],"about":[{"href":"https:\/\/grandepremio.com\/es\/wp-json\/wp\/v2\/types\/post"}],"replies":[{"embeddable":true,"href":"https:\/\/grandepremio.com\/es\/wp-json\/wp\/v2\/comments?post=20729"}],"version-history":[{"count":0,"href":"https:\/\/grandepremio.com\/es\/wp-json\/wp\/v2\/posts\/20729\/revisions"}],"wp:featuredmedia":[{"embeddable":true,"href":"https:\/\/grandepremio.com\/es\/wp-json\/wp\/v2\/media\/1010101040"}],"wp:attachment":[{"href":"https:\/\/grandepremio.com\/es\/wp-json\/wp\/v2\/media?parent=20729"}],"wp:term":[{"taxonomy":"category","embeddable":true,"href":"https:\/\/grandepremio.com\/es\/wp-json\/wp\/v2\/categories?post=20729"},{"taxonomy":"post_tag","embeddable":true,"href":"https:\/\/grandepremio.com\/es\/wp-json\/wp\/v2\/tags?post=20729"},{"taxonomy":"42wp_author","embeddable":true,"href":"https:\/\/grandepremio.com\/es\/wp-json\/wp\/v2\/42wp_author?post=20729"}],"curies":[{"name":"wp","href":"https:\/\/api.w.org\/{rel}","templated":true}]}}