{"id":20739,"date":"2022-12-05T10:34:24","date_gmt":"2022-12-05T13:34:24","guid":{"rendered":"https:\/\/grandepremio.com\/es\/2022\/12\/05\/haas-revela-charlas-mattia-binotto-motor-ferrari-2023\/"},"modified":"2022-12-05T10:36:05","modified_gmt":"2022-12-05T13:36:05","slug":"haas-revela-charlas-mattia-binotto-motor-ferrari-2023","status":"publish","type":"post","link":"https:\/\/grandepremio.com\/es\/f1\/haas-revela-charlas-mattia-binotto-motor-ferrari-2023\/","title":{"rendered":"Haas revela charlas con Binotto y avisa: &#8220;El motor Ferrari de 2023 ser\u00e1 una bomba&#8221;"},"content":{"rendered":"\n<p class=\"wp-block-paragraph\"><strong>Kevin Magnussen<\/strong> fue galardonado con el <strong>Trofeo Lorenzo Bandini<\/strong> en una ceremonia en <strong>Faenza<\/strong>, pero el que se rob\u00f3 el show fue el jefe de <strong>Haas<\/strong>, <strong>Guenther Steiner<\/strong>, que revel\u00f3 una conversaci\u00f3n con <strong>Mattia Binotto<\/strong>. Seg\u00fan \u00e9l, el directivo italiano, que recientemente dej\u00f3 <strong>Ferrari<\/strong>, hizo una interesante y optimista proyecci\u00f3n para la temporada 2023 de <strong>F\u00f3rmula 1<\/strong>.<\/p>\n\n\n\n<p class=\"wp-block-paragraph\"><strong>\u00a1Conoce el canal de Grande Pr\u00eamio en Espa\u00f1ol en&nbsp;<a href=\"https:\/\/www.youtube.com\/channel\/UCDxWojGVUi9gWYhrY0pGbIQ\" target=\"_blank\" rel=\"noreferrer noopener\">YouTube<\/a>!<br>\u00a1Sigue a&nbsp;Grande Pr\u00eamio en Espa\u00f1ol&nbsp;en&nbsp;<a href=\"https:\/\/twitter.com\/grandepremioES\" target=\"_blank\" rel=\"noreferrer noopener\">Twitter&nbsp;<\/a>y en&nbsp;<a href=\"https:\/\/www.instagram.com\/grandepremioes\/\" target=\"_blank\" rel=\"noreferrer noopener\">Instagram<\/a>!<\/strong><\/p>\n\n\n\n<p class=\"wp-block-paragraph\">&#8220;El jueves pasado estuve con Mattia Binotto y me dijo que el motor de Ferrari para la pr\u00f3xima temporada ser\u00e1 una bomba&#8221;, dijo el jefe de Haas en tono positivo. &#8220;En <strong>Emilia Roma\u00f1a<\/strong> hay mucho entusiasmo por Ferrari, y si (el motor) es realmente bueno, tambi\u00e9n ser\u00e1 positivo para nosotros, porque significar\u00e1 que la unidad de potencia de la pr\u00f3xima temporada ser\u00e1 competitiva&#8221;, a\u00f1adi\u00f3.<\/p>\n\n\n\n<p class=\"wp-block-paragraph\">Tras unas temporadas complicadas en 2020 y 2021, el equipo americano ha subido un pelda\u00f1o en la jerarqu\u00eda de la F\u00f3rmula 1 en 2022. Steiner alab\u00f3 la actuaci\u00f3n del equipo y reconoci\u00f3 sus logros, pero dej\u00f3 claro que hay espacio para m\u00e1s.<\/p>\n\n\n\n<figure class=\"wp-block-image size-large\"><img decoding=\"async\" src=\"https:\/\/www.grandepremio.com\/br\/wp-content\/uploads\/2022\/11\/IMG_3030-1024x683.jpg\" alt=\"\" class=\"wp-image-631393\"\/><figcaption>Guenther Steiner se muestra optimista (Foto: Rodrigo Berton\/Grande Pr\u00eamio)<\/figcaption><\/figure>\n\n\n\n<p class=\"wp-block-paragraph\"><strong>VER TAMBI\u00c9N<br><a href=\"https:\/\/grandepremio.com\/es\/\/f1\/mattia-binotto-deja-atras-roces-ferrari-negocia-audi\/\">Binotto deja atr\u00e1s los roces con Ferrari y negocia su regreso a la F\u00f3rmula 1 con Audi<\/a><br><a href=\"https:\/\/grandepremio.com\/es\/\/f1\/charles-leclerc-homenaje-mattia-binotto\/\">Leclerc homenajea a Binotto y dice que \u00abestima e respeto nunca disminuyeron\u00bb<\/a><\/strong><\/p>\n\n\n\n<p class=\"wp-block-paragraph\">&#8220;Hemos tenido dos a\u00f1os dif\u00edciles con la pandemia, pero el campeonato que acaba de terminar ha sido bueno, aunque podr\u00eda haber sido mejor. Lo consideramos un a\u00f1o de crecimiento: Kevin nos dio la pole, que no estaba en los planes, y queremos seguir creciendo en 2023&#8221;, Steiner.<\/p>\n\n\n\n<p class=\"wp-block-paragraph\">&#8220;El objetivo es dar otro salto de calidad en la clasificaci\u00f3n, luchar siempre por los puntos y acabar subiendo al podio. Ya veremos, el a\u00f1o que viene tendremos un coche que estar\u00e1 un paso por delante. Y esperamos volver a ganar a <strong>AlphaTauri<\/strong>&#8220;, finaliz\u00f3.<\/p>\n\n\n\n<p class=\"wp-block-paragraph\">Para alcanzar los objetivos trazados por Steiner, Haas apostar\u00e1 por un d\u00fao experimentado para 2023. <strong>Nico H\u00fclkenberg<\/strong> sustituir\u00e1 a <strong>Mick Schumacher<\/strong> y su compa\u00f1ero Magnussen. El equipo estadounidense termin\u00f3 la F1 2022 en 8\u00aa posici\u00f3n, con 37 puntos, 2 m\u00e1s que AlphaTauri y 29 m\u00e1s que el \u00faltimo clasificado, <strong>Williams<\/strong>.<\/p>\n","protected":false},"excerpt":{"rendered":"<p>Guenther Steiner se ha reunido con Mattia Binotto y ha aumentado las expectativas en torno al motor Ferrari, esperando que Haas se beneficie de la fuerza de la unidad de potencia en la pr\u00f3xima temporada de F\u00f3rmula 1.<\/p>\n","protected":false},"author":0,"featured_media":1010100912,"comment_status":"closed","ping_status":"closed","sticky":false,"template":"","format":"standard","meta":{"42wp_featured_image_caption":"","42wp_featured_image_credits":"","42wp_featured_video":"","42wp_featured_image_hidden":false,"42wp_authors_list":[],"footnotes":""},"categories":[5],"tags":[1887,181,1495,1676,185,179,1488,2237,1469,414,439,371,486],"42wp_author":[14234],"class_list":["post-20739","post","type-post","status-publish","format-standard","has-post-thumbnail","hentry","category-f1","tag-binotto","tag-f1","tag-f1-2022","tag-f1-2023","tag-ferrari","tag-formula-1","tag-grande-premio","tag-grandepremio","tag-guenther-steiner","tag-haas","tag-mattia-binotto","tag-mick-schumacher","tag-nico-hulkenberg","42wp_author-douglas-rocha"],"_links":{"self":[{"href":"https:\/\/grandepremio.com\/es\/wp-json\/wp\/v2\/posts\/20739","targetHints":{"allow":["GET"]}}],"collection":[{"href":"https:\/\/grandepremio.com\/es\/wp-json\/wp\/v2\/posts"}],"about":[{"href":"https:\/\/grandepremio.com\/es\/wp-json\/wp\/v2\/types\/post"}],"replies":[{"embeddable":true,"href":"https:\/\/grandepremio.com\/es\/wp-json\/wp\/v2\/comments?post=20739"}],"version-history":[{"count":0,"href":"https:\/\/grandepremio.com\/es\/wp-json\/wp\/v2\/posts\/20739\/revisions"}],"wp:featuredmedia":[{"embeddable":true,"href":"https:\/\/grandepremio.com\/es\/wp-json\/wp\/v2\/media\/1010100912"}],"wp:attachment":[{"href":"https:\/\/grandepremio.com\/es\/wp-json\/wp\/v2\/media?parent=20739"}],"wp:term":[{"taxonomy":"category","embeddable":true,"href":"https:\/\/grandepremio.com\/es\/wp-json\/wp\/v2\/categories?post=20739"},{"taxonomy":"post_tag","embeddable":true,"href":"https:\/\/grandepremio.com\/es\/wp-json\/wp\/v2\/tags?post=20739"},{"taxonomy":"42wp_author","embeddable":true,"href":"https:\/\/grandepremio.com\/es\/wp-json\/wp\/v2\/42wp_author?post=20739"}],"curies":[{"name":"wp","href":"https:\/\/api.w.org\/{rel}","templated":true}]}}