{"id":20746,"date":"2022-12-04T11:27:25","date_gmt":"2022-12-04T14:27:25","guid":{"rendered":"https:\/\/grandepremio.com\/es\/2022\/12\/04\/audi-tiene-base-ideal-para-empezar-f1\/"},"modified":"2022-12-04T11:27:28","modified_gmt":"2022-12-04T14:27:28","slug":"audi-tiene-base-ideal-para-empezar-f1","status":"publish","type":"post","link":"https:\/\/grandepremio.com\/es\/f1\/audi-tiene-base-ideal-para-empezar-f1\/","title":{"rendered":"Audi dice que tiene &#8220;base ideal&#8221; para empezar, pero apunta a la expansi\u00f3n del proyecto de F1"},"content":{"rendered":"\n<p class=\"wp-block-paragraph\">Audi no entrar\u00e1 en el universo de la F\u00f3rmula 1 de manera formal <a href=\"https:\/\/grandepremio.com\/es\/\/f1\/audi-confirma-asociacion-sauber-f1-2026\/\">hasta 2026<\/a>. Pero eso no significa que el trabajo no haya comenzado en el fabricante de autom\u00f3viles alem\u00e1n, sino todo lo contrario. Los preparativos ya est\u00e1n en marcha y suponen la actualizaci\u00f3n de las estructuras y la contrataci\u00f3n de nuevos empleados.<\/p>\n\n\n\n<p class=\"wp-block-paragraph\"><strong>\u00a1Conoce el canal de Grande Pr\u00eamio en Espa\u00f1ol en&nbsp;<a href=\"https:\/\/www.youtube.com\/channel\/UCDxWojGVUi9gWYhrY0pGbIQ\" target=\"_blank\" rel=\"noreferrer noopener\">YouTube<\/a>!<br>\u00a1Sigue a&nbsp;Grande Pr\u00eamio en Espa\u00f1ol&nbsp;en&nbsp;<a href=\"https:\/\/twitter.com\/grandepremioES\" target=\"_blank\" rel=\"noreferrer noopener\">Twitter&nbsp;<\/a>y en&nbsp;<a href=\"https:\/\/www.instagram.com\/grandepremioes\/\" target=\"_blank\" rel=\"noreferrer noopener\">Instagram<\/a>!<\/strong><\/p>\n\n\n\n<p class=\"wp-block-paragraph\">El fabricante de autom\u00f3viles alem\u00e1n ha iniciado un proceso de ampliaci\u00f3n de sus instalaciones en Neuberg, con el proyecto de la F\u00f3rmula 1 ya en mente. Audi est\u00e1 construyendo un edificio de 3.000 metros cuadrados, denominado F7.2, que albergar\u00e1 las pruebas de desarrollo del propulsor.<\/p>\n\n\n\n<p class=\"wp-block-paragraph\">El nuevo motor de 2026 se desarrollar\u00e1 en el Centro de Competencia de Automovilismo de Audi, que se inaugur\u00f3 en 2014 y que ahora se est\u00e1 ampliando. Anteriormente era la sede de sus operaciones del Campeonato Mundial de Resistencia (WEC), la F\u00f3rmula E y el Rally Dakar.<\/p>\n\n\n\n<figure class=\"wp-block-image size-large\"><img decoding=\"async\" src=\"https:\/\/www.grandepremio.com\/br\/wp-content\/uploads\/2020\/05\/000_32H4649-1024x683.jpg\" alt=\"\" class=\"wp-image-606902\"\/><figcaption>En agosto, Audi confirm\u00f3 su entrada en la F1 a partir de la temporada 2026 (Foto: John Thys\/AFP)<\/figcaption><\/figure>\n\n\n\n<p class=\"wp-block-paragraph\">Est\u00e1 previsto que este proyecto de ampliaci\u00f3n est\u00e9 terminado a principios de 2024, pero el inicio de las actividades ser\u00e1 anterior, en marzo de 2023. Adem\u00e1s, la direcci\u00f3n del fabricante alem\u00e1n ya ha contratado a 220 nuevos empleados desde el anuncio de su entrada en la F1. El objetivo es llegar a los 300 a mediados de 2023.<\/p>\n\n\n\n<p class=\"wp-block-paragraph\">&#8220;Con el Competence Centre Motorsport, tenemos una base ideal para nuestro proyecto para la F\u00f3rmula 1. Neuberg se dise\u00f1\u00f3 desde el principio para poder afrontar los proyectos m\u00e1s desafiantes de los deportes de motor. Est\u00e1 dando sus frutos. Con las instalaciones actuales, podemos empezar el proyecto de la F1 inmediatamente&#8221;, dijo Oliver Hoffmann, miembro del Consejo de Desarrollo T\u00e9cnico de Audi.<\/p>\n\n\n\n<figure class=\"wp-block-image size-large\"><img decoding=\"async\" src=\"https:\/\/www.grandepremio.com\/br\/wp-content\/uploads\/2022\/10\/Sauber_Audi-1024x576.jpg\" alt=\"\" class=\"wp-image-627178\"\/><figcaption>En octubre, la confirmaci\u00f3n: el fabricante ser\u00e1 socio de Sauber y comprar\u00e1 una parte del equipo para entrar en la F1 (Foto: Audi)<\/figcaption><\/figure>\n\n\n\n<p class=\"wp-block-paragraph\">&#8220;La ampliaci\u00f3n crear\u00e1 la infraestructura necesaria para el desarrollo de nuestra unidad de potencia de F1 a largo plazo. Estamos dando a nuestro equipo las mejores condiciones para triunfar en la categor\u00eda reina del automovilismo&#8221;, continu\u00f3.<\/p>\n\n\n\n<p class=\"wp-block-paragraph\"><strong>VER TAMBI\u00c9N<br><a href=\"https:\/\/grandepremio.com\/es\/\/f1\/mattia-binotto-deja-atras-roces-ferrari-negocia-audi\/\">Binotto deja atr\u00e1s los roces con Ferrari y negocia su regreso a la F\u00f3rmula 1 con Audi<\/a><br><a href=\"https:\/\/grandepremio.com\/es\/\/f1\/f1-asociacion-audi-sauber-gran-noticia\/\">F1 ve asociaci\u00f3n de Audi y Sauber como \u00abgran noticia\u00bb: \u00abPerspectiva muy emocionante\u00bb<\/a><\/strong><\/p>\n\n\n\n<p class=\"wp-block-paragraph\">&#8220;Desarrollar un motor para la categor\u00eda m\u00e1s exigente del mundo en Alemania es todo un reto. Ya tenemos un gran equipo en Neuberg, que no deja de crecer&#8221;, a\u00f1adi\u00f3 Adam Baker, director de proyectos de los alemanes.<\/p>\n\n\n\n<p class=\"wp-block-paragraph\">En 2026, la F\u00f3rmula 1 experimentar\u00e1 otro gran cambio, con la llegada de motores con tecnolog\u00eda sostenible, un requisito fundamental para la decisi\u00f3n de Audi de entrar en el campeonato. Las unidades de potencia ser\u00e1n m\u00e1s eficientes que las actuales, ya que la potencia el\u00e9ctrica aumenta. El tren motriz el\u00e9ctrico tendr\u00e1 casi tanta potencia como el motor de combusti\u00f3n interna, que alcanza los 400 kW. Los motores turbo de 1,6L funcionar\u00e1n con combustible sint\u00e9tico sostenible y neutro en cuanto a emisiones de CO\u2082, seg\u00fan las normas establecidas por la Uni\u00f3n Europea.<\/p>\n\n\n\n<figure class=\"wp-block-embed is-type-video is-provider-youtube wp-block-embed-youtube wp-embed-aspect-16-9 wp-has-aspect-ratio\"><div class=\"wp-block-embed__wrapper\">\n<iframe loading=\"lazy\" title=\"AUDI DEBUTAR\u00c1 EN LA F\u00d3RMULA 1 EN 2026 EN UNA ALIANZA CON SAUBER Y SUE\u00d1A EN GRANDE\" width=\"500\" height=\"281\" src=\"https:\/\/www.youtube.com\/embed\/jYmKLRKX1IM?feature=oembed\" frameborder=\"0\" allow=\"accelerometer; autoplay; clipboard-write; encrypted-media; gyroscope; picture-in-picture; web-share\" referrerpolicy=\"strict-origin-when-cross-origin\" allowfullscreen><\/iframe>\n<\/div><figcaption>Audi debutar\u00e1 en la F1 en 2026 en una alianza con Sauber y sue\u00f1a en grande | GP A LAS 10<\/figcaption><\/figure>\n","protected":false},"excerpt":{"rendered":"<p>La ampliaci\u00f3n de las instalaciones de Neuburg en t\u00e9rminos de personal, edificios e infraestructura t\u00e9cnica ya ha comenzado, y Audi ya planea las primeras pruebas con la unidad de potencia desarrollada para 2026.<\/p>\n","protected":false},"author":0,"featured_media":1010100244,"comment_status":"closed","ping_status":"closed","sticky":false,"template":"","format":"standard","meta":{"42wp_featured_image_caption":"","42wp_featured_image_credits":"","42wp_featured_video":"","42wp_featured_image_hidden":false,"42wp_authors_list":[],"footnotes":""},"categories":[5],"tags":[3589,2525,3633,181,1680,179,1488,2237,4296,4295,4297],"42wp_author":[14234],"class_list":["post-20746","post","type-post","status-publish","format-standard","has-post-thumbnail","hentry","category-f1","tag-adam-baker","tag-audi-f1","tag-audi-sauber","tag-f1","tag-f1-2026","tag-formula-1","tag-grande-premio","tag-grandepremio","tag-motorsport-competence-center","tag-neuberg","tag-oliver-hoffmann","42wp_author-douglas-rocha"],"_links":{"self":[{"href":"https:\/\/grandepremio.com\/es\/wp-json\/wp\/v2\/posts\/20746","targetHints":{"allow":["GET"]}}],"collection":[{"href":"https:\/\/grandepremio.com\/es\/wp-json\/wp\/v2\/posts"}],"about":[{"href":"https:\/\/grandepremio.com\/es\/wp-json\/wp\/v2\/types\/post"}],"replies":[{"embeddable":true,"href":"https:\/\/grandepremio.com\/es\/wp-json\/wp\/v2\/comments?post=20746"}],"version-history":[{"count":0,"href":"https:\/\/grandepremio.com\/es\/wp-json\/wp\/v2\/posts\/20746\/revisions"}],"wp:featuredmedia":[{"embeddable":true,"href":"https:\/\/grandepremio.com\/es\/wp-json\/wp\/v2\/media\/1010100244"}],"wp:attachment":[{"href":"https:\/\/grandepremio.com\/es\/wp-json\/wp\/v2\/media?parent=20746"}],"wp:term":[{"taxonomy":"category","embeddable":true,"href":"https:\/\/grandepremio.com\/es\/wp-json\/wp\/v2\/categories?post=20746"},{"taxonomy":"post_tag","embeddable":true,"href":"https:\/\/grandepremio.com\/es\/wp-json\/wp\/v2\/tags?post=20746"},{"taxonomy":"42wp_author","embeddable":true,"href":"https:\/\/grandepremio.com\/es\/wp-json\/wp\/v2\/42wp_author?post=20746"}],"curies":[{"name":"wp","href":"https:\/\/api.w.org\/{rel}","templated":true}]}}